{"id":59,"count":3,"description":"Schau de leistn <strong>naikaitn<\/strong> ont l\u00f2 de p\u00f2cken van s\u00f2chen as schlong m\u00f2chen s h\u00e8rz va de inser gamoa'sch\u00f2ft. Men mu gea turch kultural oder aus\u00f2nder naikaitn as men n\u00e8t verliarn mu, do du barst vinnen <strong>\u00f2lla de nochrichtn<\/strong> as de u'gahenk h\u00f2lten barn en inser l\u00f2nt.","link":"https:\/\/www.umpalai.it\/be\/news-be\/","name":"News","slug":"news-be","taxonomy":"category","parent":0,"meta":[],"acf":[],"yoast_head":"<!-- This site is optimized with the Yoast SEO plugin v27.5 - https:\/\/yoast.com\/product\/yoast-seo-wordpress\/ -->\n<title>News - Um Palai<\/title>\n<meta name=\"robots\" content=\"index, follow, max-snippet:-1, max-image-preview:large, max-video-preview:-1\" \/>\n<link rel=\"canonical\" href=\"https:\/\/www.umpalai.it\/be\/news-be\/\" \/>\n<meta property=\"og:locale\" content=\"en_US\" \/>\n<meta property=\"og:type\" content=\"article\" \/>\n<meta property=\"og:title\" content=\"News - Um Palai\" \/>\n<meta property=\"og:description\" content=\"Schau de leistn naikaitn ont l\u00f2 de p\u00f2cken van s\u00f2chen as schlong m\u00f2chen s h\u00e8rz va de inser gamoa&#8217;sch\u00f2ft. Men mu gea turch kultural oder aus\u00f2nder naikaitn as men n\u00e8t verliarn mu, do du barst vinnen \u00f2lla de nochrichtn as de u&#8217;gahenk h\u00f2lten barn en inser l\u00f2nt.\" \/>\n<meta property=\"og:url\" content=\"https:\/\/www.umpalai.it\/be\/news-be\/\" \/>\n<meta property=\"og:site_name\" content=\"Um Palai\" \/>\n<meta property=\"og:image\" content=\"https:\/\/www.umpalai.it\/wp-content\/uploads\/2024\/04\/PALu-DEL-FERSINA-\u00a9-foto-Daniele-Mosna-DSC_1542.webp\" \/>\n\t<meta property=\"og:image:width\" content=\"2560\" \/>\n\t<meta property=\"og:image:height\" content=\"1707\" \/>\n\t<meta property=\"og:image:type\" content=\"image\/webp\" \/>\n<meta name=\"twitter:card\" content=\"summary_large_image\" \/>\n<script type=\"application\/ld+json\" class=\"yoast-schema-graph\">{\"@context\":\"https:\\\/\\\/schema.org\",\"@graph\":[{\"@type\":\"CollectionPage\",\"@id\":\"https:\\\/\\\/www.umpalai.it\\\/be\\\/news-be\\\/\",\"url\":\"https:\\\/\\\/www.umpalai.it\\\/be\\\/news-be\\\/\",\"name\":\"News - Um Palai\",\"isPartOf\":{\"@id\":\"https:\\\/\\\/www.umpalai.it\\\/be\\\/#website\"},\"breadcrumb\":{\"@id\":\"https:\\\/\\\/www.umpalai.it\\\/be\\\/news-be\\\/#breadcrumb\"},\"inLanguage\":\"be-BE\"},{\"@type\":\"BreadcrumbList\",\"@id\":\"https:\\\/\\\/www.umpalai.it\\\/be\\\/news-be\\\/#breadcrumb\",\"itemListElement\":[{\"@type\":\"ListItem\",\"position\":1,\"name\":\"Home\",\"item\":\"https:\\\/\\\/www.umpalai.it\\\/be\\\/um-palai\\\/\"},{\"@type\":\"ListItem\",\"position\":2,\"name\":\"News\"}]},{\"@type\":\"WebSite\",\"@id\":\"https:\\\/\\\/www.umpalai.it\\\/be\\\/#website\",\"url\":\"https:\\\/\\\/www.umpalai.it\\\/be\\\/\",\"name\":\"Pal\u00f9 del Fersina\",\"description\":\"En h\u00e8rz van Bersntol\",\"potentialAction\":[{\"@type\":\"SearchAction\",\"target\":{\"@type\":\"EntryPoint\",\"urlTemplate\":\"https:\\\/\\\/www.umpalai.it\\\/be\\\/?s={search_term_string}\"},\"query-input\":{\"@type\":\"PropertyValueSpecification\",\"valueRequired\":true,\"valueName\":\"search_term_string\"}}],\"inLanguage\":\"be-BE\"}]}<\/script>\n<!-- \/ Yoast SEO plugin. -->","yoast_head_json":{"title":"News - Um Palai","robots":{"index":"index","follow":"follow","max-snippet":"max-snippet:-1","max-image-preview":"max-image-preview:large","max-video-preview":"max-video-preview:-1"},"canonical":"https:\/\/www.umpalai.it\/be\/news-be\/","og_locale":"en_US","og_type":"article","og_title":"News - Um Palai","og_description":"Schau de leistn naikaitn ont l\u00f2 de p\u00f2cken van s\u00f2chen as schlong m\u00f2chen s h\u00e8rz va de inser gamoa&#8217;sch\u00f2ft. Men mu gea turch kultural oder aus\u00f2nder naikaitn as men n\u00e8t verliarn mu, do du barst vinnen \u00f2lla de nochrichtn as de u&#8217;gahenk h\u00f2lten barn en inser l\u00f2nt.","og_url":"https:\/\/www.umpalai.it\/be\/news-be\/","og_site_name":"Um Palai","og_image":[{"width":2560,"height":1707,"url":"https:\/\/www.umpalai.it\/wp-content\/uploads\/2024\/04\/PALu-DEL-FERSINA-\u00a9-foto-Daniele-Mosna-DSC_1542.webp","type":"image\/webp"}],"twitter_card":"summary_large_image","schema":{"@context":"https:\/\/schema.org","@graph":[{"@type":"CollectionPage","@id":"https:\/\/www.umpalai.it\/be\/news-be\/","url":"https:\/\/www.umpalai.it\/be\/news-be\/","name":"News - Um Palai","isPartOf":{"@id":"https:\/\/www.umpalai.it\/be\/#website"},"breadcrumb":{"@id":"https:\/\/www.umpalai.it\/be\/news-be\/#breadcrumb"},"inLanguage":"be-BE"},{"@type":"BreadcrumbList","@id":"https:\/\/www.umpalai.it\/be\/news-be\/#breadcrumb","itemListElement":[{"@type":"ListItem","position":1,"name":"Home","item":"https:\/\/www.umpalai.it\/be\/um-palai\/"},{"@type":"ListItem","position":2,"name":"News"}]},{"@type":"WebSite","@id":"https:\/\/www.umpalai.it\/be\/#website","url":"https:\/\/www.umpalai.it\/be\/","name":"Pal\u00f9 del Fersina","description":"En h\u00e8rz van Bersntol","potentialAction":[{"@type":"SearchAction","target":{"@type":"EntryPoint","urlTemplate":"https:\/\/www.umpalai.it\/be\/?s={search_term_string}"},"query-input":{"@type":"PropertyValueSpecification","valueRequired":true,"valueName":"search_term_string"}}],"inLanguage":"be-BE"}]}},"_links":{"self":[{"href":"https:\/\/www.umpalai.it\/be\/wp-json\/wp\/v2\/categories\/59","targetHints":{"allow":["GET"]}}],"collection":[{"href":"https:\/\/www.umpalai.it\/be\/wp-json\/wp\/v2\/categories"}],"about":[{"href":"https:\/\/www.umpalai.it\/be\/wp-json\/wp\/v2\/taxonomies\/category"}],"wp:post_type":[{"href":"https:\/\/www.umpalai.it\/be\/wp-json\/wp\/v2\/posts?categories=59"}],"curies":[{"name":"wp","href":"https:\/\/api.w.org\/{rel}","templated":true}]}}