{"id":65,"count":4,"description":"Schau aus \u00f2lla de \"<strong>Bersntoler zaitung<\/strong>\". En 2016, de Gamoa' va Palai en Bersntol h\u00f2t kriak an paitrog va de Region Trentin - Sudtirol ver za drucken de <strong>jorzaitung<\/strong> as austoalt kimmp en \u00f2lla de lait van tol, de hoast prope \"Bersntoler zaitung\". De ist tschickt kemmen aa en de lait van tol as en ausl\u00f2nt lem, pet en rif za h\u00f2lten de n\u00e8tzn pet de sai'na burtzn. De doi naikait kimmp enviretrong pet de \u00f2ndern gamoa'n van tol, Vlarotz ont Garait, ont tuat nochrichtn gem va \u00f2lls s\u00e8ll as passiart ist durch en jor, van <strong>\u00f2rbetn<\/strong> en tol ont van <strong>naikaitn<\/strong> as organisiart kemmen sai'.","link":"https:\/\/www.umpalai.it\/be\/zaitung\/","name":"Zaitung","slug":"zaitung","taxonomy":"category","parent":0,"meta":[],"acf":[],"yoast_head":"<!-- This site is optimized with the Yoast SEO plugin v27.5 - https:\/\/yoast.com\/product\/yoast-seo-wordpress\/ -->\n<title>Zaitung - Um Palai<\/title>\n<meta name=\"robots\" content=\"index, follow, max-snippet:-1, max-image-preview:large, max-video-preview:-1\" \/>\n<link rel=\"canonical\" href=\"https:\/\/www.umpalai.it\/be\/zaitung\/\" \/>\n<meta property=\"og:locale\" content=\"en_US\" \/>\n<meta property=\"og:type\" content=\"article\" \/>\n<meta property=\"og:title\" content=\"Zaitung - Um Palai\" \/>\n<meta property=\"og:description\" content=\"Schau aus \u00f2lla de &#8220;Bersntoler zaitung&#8220;. En 2016, de Gamoa&#8217; va Palai en Bersntol h\u00f2t kriak an paitrog va de Region Trentin &#8211; Sudtirol ver za drucken de jorzaitung as austoalt kimmp en \u00f2lla de lait van tol, de hoast prope &#8220;Bersntoler zaitung&#8221;. De ist tschickt kemmen aa en de lait van tol as en ausl\u00f2nt lem, pet en rif za h\u00f2lten de n\u00e8tzn pet de sai&#8217;na burtzn. De doi naikait kimmp enviretrong pet de \u00f2ndern gamoa&#8217;n van tol, Vlarotz ont Garait, ont tuat nochrichtn gem va \u00f2lls s\u00e8ll as passiart ist durch en jor, van \u00f2rbetn en tol ont van naikaitn as organisiart kemmen sai&#8217;.\" \/>\n<meta property=\"og:url\" content=\"https:\/\/www.umpalai.it\/be\/zaitung\/\" \/>\n<meta property=\"og:site_name\" content=\"Um Palai\" \/>\n<meta property=\"og:image\" content=\"https:\/\/www.umpalai.it\/wp-content\/uploads\/2024\/04\/PALu-DEL-FERSINA-\u00a9-foto-Daniele-Mosna-DSC_1542.webp\" \/>\n\t<meta property=\"og:image:width\" content=\"2560\" \/>\n\t<meta property=\"og:image:height\" content=\"1707\" \/>\n\t<meta property=\"og:image:type\" content=\"image\/webp\" \/>\n<meta name=\"twitter:card\" content=\"summary_large_image\" \/>\n<script type=\"application\/ld+json\" class=\"yoast-schema-graph\">{\"@context\":\"https:\\\/\\\/schema.org\",\"@graph\":[{\"@type\":\"CollectionPage\",\"@id\":\"https:\\\/\\\/www.umpalai.it\\\/be\\\/zaitung\\\/\",\"url\":\"https:\\\/\\\/www.umpalai.it\\\/be\\\/zaitung\\\/\",\"name\":\"Zaitung - Um Palai\",\"isPartOf\":{\"@id\":\"https:\\\/\\\/www.umpalai.it\\\/be\\\/#website\"},\"breadcrumb\":{\"@id\":\"https:\\\/\\\/www.umpalai.it\\\/be\\\/zaitung\\\/#breadcrumb\"},\"inLanguage\":\"be-BE\"},{\"@type\":\"BreadcrumbList\",\"@id\":\"https:\\\/\\\/www.umpalai.it\\\/be\\\/zaitung\\\/#breadcrumb\",\"itemListElement\":[{\"@type\":\"ListItem\",\"position\":1,\"name\":\"Home\",\"item\":\"https:\\\/\\\/www.umpalai.it\\\/be\\\/um-palai\\\/\"},{\"@type\":\"ListItem\",\"position\":2,\"name\":\"Zaitung\"}]},{\"@type\":\"WebSite\",\"@id\":\"https:\\\/\\\/www.umpalai.it\\\/be\\\/#website\",\"url\":\"https:\\\/\\\/www.umpalai.it\\\/be\\\/\",\"name\":\"Pal\u00f9 del Fersina\",\"description\":\"En h\u00e8rz van Bersntol\",\"potentialAction\":[{\"@type\":\"SearchAction\",\"target\":{\"@type\":\"EntryPoint\",\"urlTemplate\":\"https:\\\/\\\/www.umpalai.it\\\/be\\\/?s={search_term_string}\"},\"query-input\":{\"@type\":\"PropertyValueSpecification\",\"valueRequired\":true,\"valueName\":\"search_term_string\"}}],\"inLanguage\":\"be-BE\"}]}<\/script>\n<!-- \/ Yoast SEO plugin. -->","yoast_head_json":{"title":"Zaitung - Um Palai","robots":{"index":"index","follow":"follow","max-snippet":"max-snippet:-1","max-image-preview":"max-image-preview:large","max-video-preview":"max-video-preview:-1"},"canonical":"https:\/\/www.umpalai.it\/be\/zaitung\/","og_locale":"en_US","og_type":"article","og_title":"Zaitung - Um Palai","og_description":"Schau aus \u00f2lla de &#8220;Bersntoler zaitung&#8220;. En 2016, de Gamoa&#8217; va Palai en Bersntol h\u00f2t kriak an paitrog va de Region Trentin &#8211; Sudtirol ver za drucken de jorzaitung as austoalt kimmp en \u00f2lla de lait van tol, de hoast prope &#8220;Bersntoler zaitung&#8221;. De ist tschickt kemmen aa en de lait van tol as en ausl\u00f2nt lem, pet en rif za h\u00f2lten de n\u00e8tzn pet de sai&#8217;na burtzn. De doi naikait kimmp enviretrong pet de \u00f2ndern gamoa&#8217;n van tol, Vlarotz ont Garait, ont tuat nochrichtn gem va \u00f2lls s\u00e8ll as passiart ist durch en jor, van \u00f2rbetn en tol ont van naikaitn as organisiart kemmen sai&#8217;.","og_url":"https:\/\/www.umpalai.it\/be\/zaitung\/","og_site_name":"Um Palai","og_image":[{"width":2560,"height":1707,"url":"https:\/\/www.umpalai.it\/wp-content\/uploads\/2024\/04\/PALu-DEL-FERSINA-\u00a9-foto-Daniele-Mosna-DSC_1542.webp","type":"image\/webp"}],"twitter_card":"summary_large_image","schema":{"@context":"https:\/\/schema.org","@graph":[{"@type":"CollectionPage","@id":"https:\/\/www.umpalai.it\/be\/zaitung\/","url":"https:\/\/www.umpalai.it\/be\/zaitung\/","name":"Zaitung - Um Palai","isPartOf":{"@id":"https:\/\/www.umpalai.it\/be\/#website"},"breadcrumb":{"@id":"https:\/\/www.umpalai.it\/be\/zaitung\/#breadcrumb"},"inLanguage":"be-BE"},{"@type":"BreadcrumbList","@id":"https:\/\/www.umpalai.it\/be\/zaitung\/#breadcrumb","itemListElement":[{"@type":"ListItem","position":1,"name":"Home","item":"https:\/\/www.umpalai.it\/be\/um-palai\/"},{"@type":"ListItem","position":2,"name":"Zaitung"}]},{"@type":"WebSite","@id":"https:\/\/www.umpalai.it\/be\/#website","url":"https:\/\/www.umpalai.it\/be\/","name":"Pal\u00f9 del Fersina","description":"En h\u00e8rz van Bersntol","potentialAction":[{"@type":"SearchAction","target":{"@type":"EntryPoint","urlTemplate":"https:\/\/www.umpalai.it\/be\/?s={search_term_string}"},"query-input":{"@type":"PropertyValueSpecification","valueRequired":true,"valueName":"search_term_string"}}],"inLanguage":"be-BE"}]}},"_links":{"self":[{"href":"https:\/\/www.umpalai.it\/be\/wp-json\/wp\/v2\/categories\/65","targetHints":{"allow":["GET"]}}],"collection":[{"href":"https:\/\/www.umpalai.it\/be\/wp-json\/wp\/v2\/categories"}],"about":[{"href":"https:\/\/www.umpalai.it\/be\/wp-json\/wp\/v2\/taxonomies\/category"}],"wp:post_type":[{"href":"https:\/\/www.umpalai.it\/be\/wp-json\/wp\/v2\/posts?categories=65"}],"curies":[{"name":"wp","href":"https:\/\/api.w.org\/{rel}","templated":true}]}}