{"id":71,"count":2,"description":"Gea drinn en de schea\u2019nekait, en de gscicht ont en h\u00e8rz van p\u00e8rng pet de insern museum: de <strong>Gruab va Hardimbl<\/strong> ont s museum <strong>S P\u00e8rgmandlhaus<\/strong>. Leb an aus\u00f2nder s\u00f2ch en de verg\u00f2ngene zait as de viarn bart en lem van kn\u00f2ppn van Bersntol turch de <strong>lecher en de eart<\/strong> ont an <strong>ausstellring austoalt<\/strong> af zboa steck.","link":"https:\/\/www.umpalai.it\/be\/museum\/","name":"Museum","slug":"museum","taxonomy":"category","parent":0,"meta":[],"acf":[],"yoast_head":"<!-- This site is optimized with the Yoast SEO plugin v27.5 - https:\/\/yoast.com\/product\/yoast-seo-wordpress\/ -->\n<title>Museum - Um Palai<\/title>\n<meta name=\"robots\" content=\"index, follow, max-snippet:-1, max-image-preview:large, max-video-preview:-1\" \/>\n<link rel=\"canonical\" href=\"https:\/\/www.umpalai.it\/be\/museum\/\" \/>\n<meta property=\"og:locale\" content=\"en_US\" \/>\n<meta property=\"og:type\" content=\"article\" \/>\n<meta property=\"og:title\" content=\"Museum - Um Palai\" \/>\n<meta property=\"og:description\" content=\"Gea drinn en de schea\u2019nekait, en de gscicht ont en h\u00e8rz van p\u00e8rng pet de insern museum: de Gruab va Hardimbl ont s museum S P\u00e8rgmandlhaus. Leb an aus\u00f2nder s\u00f2ch en de verg\u00f2ngene zait as de viarn bart en lem van kn\u00f2ppn van Bersntol turch de lecher en de eart ont an ausstellring austoalt af zboa steck.\" \/>\n<meta property=\"og:url\" content=\"https:\/\/www.umpalai.it\/be\/museum\/\" \/>\n<meta property=\"og:site_name\" content=\"Um Palai\" \/>\n<meta property=\"og:image\" content=\"https:\/\/www.umpalai.it\/wp-content\/uploads\/2024\/04\/PALu-DEL-FERSINA-\u00a9-foto-Daniele-Mosna-DSC_1542.webp\" \/>\n\t<meta property=\"og:image:width\" content=\"2560\" \/>\n\t<meta property=\"og:image:height\" content=\"1707\" \/>\n\t<meta property=\"og:image:type\" content=\"image\/webp\" \/>\n<meta name=\"twitter:card\" content=\"summary_large_image\" \/>\n<script type=\"application\/ld+json\" class=\"yoast-schema-graph\">{\"@context\":\"https:\\\/\\\/schema.org\",\"@graph\":[{\"@type\":\"CollectionPage\",\"@id\":\"https:\\\/\\\/www.umpalai.it\\\/be\\\/museum\\\/\",\"url\":\"https:\\\/\\\/www.umpalai.it\\\/be\\\/museum\\\/\",\"name\":\"Museum - Um Palai\",\"isPartOf\":{\"@id\":\"https:\\\/\\\/www.umpalai.it\\\/be\\\/#website\"},\"breadcrumb\":{\"@id\":\"https:\\\/\\\/www.umpalai.it\\\/be\\\/museum\\\/#breadcrumb\"},\"inLanguage\":\"be-BE\"},{\"@type\":\"BreadcrumbList\",\"@id\":\"https:\\\/\\\/www.umpalai.it\\\/be\\\/museum\\\/#breadcrumb\",\"itemListElement\":[{\"@type\":\"ListItem\",\"position\":1,\"name\":\"Home\",\"item\":\"https:\\\/\\\/www.umpalai.it\\\/be\\\/um-palai\\\/\"},{\"@type\":\"ListItem\",\"position\":2,\"name\":\"Museum\"}]},{\"@type\":\"WebSite\",\"@id\":\"https:\\\/\\\/www.umpalai.it\\\/be\\\/#website\",\"url\":\"https:\\\/\\\/www.umpalai.it\\\/be\\\/\",\"name\":\"Pal\u00f9 del Fersina\",\"description\":\"En h\u00e8rz van Bersntol\",\"potentialAction\":[{\"@type\":\"SearchAction\",\"target\":{\"@type\":\"EntryPoint\",\"urlTemplate\":\"https:\\\/\\\/www.umpalai.it\\\/be\\\/?s={search_term_string}\"},\"query-input\":{\"@type\":\"PropertyValueSpecification\",\"valueRequired\":true,\"valueName\":\"search_term_string\"}}],\"inLanguage\":\"be-BE\"}]}<\/script>\n<!-- \/ Yoast SEO plugin. -->","yoast_head_json":{"title":"Museum - Um Palai","robots":{"index":"index","follow":"follow","max-snippet":"max-snippet:-1","max-image-preview":"max-image-preview:large","max-video-preview":"max-video-preview:-1"},"canonical":"https:\/\/www.umpalai.it\/be\/museum\/","og_locale":"en_US","og_type":"article","og_title":"Museum - Um Palai","og_description":"Gea drinn en de schea\u2019nekait, en de gscicht ont en h\u00e8rz van p\u00e8rng pet de insern museum: de Gruab va Hardimbl ont s museum S P\u00e8rgmandlhaus. Leb an aus\u00f2nder s\u00f2ch en de verg\u00f2ngene zait as de viarn bart en lem van kn\u00f2ppn van Bersntol turch de lecher en de eart ont an ausstellring austoalt af zboa steck.","og_url":"https:\/\/www.umpalai.it\/be\/museum\/","og_site_name":"Um Palai","og_image":[{"width":2560,"height":1707,"url":"https:\/\/www.umpalai.it\/wp-content\/uploads\/2024\/04\/PALu-DEL-FERSINA-\u00a9-foto-Daniele-Mosna-DSC_1542.webp","type":"image\/webp"}],"twitter_card":"summary_large_image","schema":{"@context":"https:\/\/schema.org","@graph":[{"@type":"CollectionPage","@id":"https:\/\/www.umpalai.it\/be\/museum\/","url":"https:\/\/www.umpalai.it\/be\/museum\/","name":"Museum - Um Palai","isPartOf":{"@id":"https:\/\/www.umpalai.it\/be\/#website"},"breadcrumb":{"@id":"https:\/\/www.umpalai.it\/be\/museum\/#breadcrumb"},"inLanguage":"be-BE"},{"@type":"BreadcrumbList","@id":"https:\/\/www.umpalai.it\/be\/museum\/#breadcrumb","itemListElement":[{"@type":"ListItem","position":1,"name":"Home","item":"https:\/\/www.umpalai.it\/be\/um-palai\/"},{"@type":"ListItem","position":2,"name":"Museum"}]},{"@type":"WebSite","@id":"https:\/\/www.umpalai.it\/be\/#website","url":"https:\/\/www.umpalai.it\/be\/","name":"Pal\u00f9 del Fersina","description":"En h\u00e8rz van Bersntol","potentialAction":[{"@type":"SearchAction","target":{"@type":"EntryPoint","urlTemplate":"https:\/\/www.umpalai.it\/be\/?s={search_term_string}"},"query-input":{"@type":"PropertyValueSpecification","valueRequired":true,"valueName":"search_term_string"}}],"inLanguage":"be-BE"}]}},"_links":{"self":[{"href":"https:\/\/www.umpalai.it\/be\/wp-json\/wp\/v2\/categories\/71","targetHints":{"allow":["GET"]}}],"collection":[{"href":"https:\/\/www.umpalai.it\/be\/wp-json\/wp\/v2\/categories"}],"about":[{"href":"https:\/\/www.umpalai.it\/be\/wp-json\/wp\/v2\/taxonomies\/category"}],"wp:post_type":[{"href":"https:\/\/www.umpalai.it\/be\/wp-json\/wp\/v2\/posts?categories=71"}],"curies":[{"name":"wp","href":"https:\/\/api.w.org\/{rel}","templated":true}]}}