{"id":1269,"date":"2024-04-08T16:27:33","date_gmt":"2024-04-08T16:27:33","guid":{"rendered":"https:\/?p=1269"},"modified":"2024-06-04T17:50:07","modified_gmt":"2024-06-04T17:50:07","slug":"gruab-va-hardimbl","status":"publish","type":"post","link":"https:\/\/www.umpalai.it\/be\/museum\/gruab-va-hardimbl\/","title":{"rendered":"Gruab va Hardimbl"},"content":{"rendered":"\n<div class=\"wp-block-columns is-layout-flex wp-container-core-columns-is-layout-9d6595d7 wp-block-columns-is-layout-flex\">\n<div class=\"wp-block-column is-layout-flow wp-block-column-is-layout-flow\">\n<h2 class=\"wp-block-heading\">Der num va de \u201ckalkopirit\u201d kimmp van grichische nu\u2019m khalkos, as billt song \u201ckupfer\u201d, ont van grichische nu\u2019m pyros, as billt song \u201cvaier\u201d<\/h2>\n<\/div>\n<\/div>\n\n\n\n<div class=\"wp-block-columns blocco-testo-immagine is-layout-flex wp-container-core-columns-is-layout-9d6595d7 wp-block-columns-is-layout-flex\">\n<div class=\"wp-block-column is-layout-flow wp-block-column-is-layout-flow\">\n<p>S ist der mineral va kupfer as men am mearestn vinnen tuat, ont s ist prope der s\u00e8ll as de kn\u00f2ppn (van taitsch bourt Knappen), kemmen en Bersntol va Bomen ont van Tirol, en de Gruab va Hardimbl pfuntn hom.<\/p>\n\n\n\n<p>En h\u00e8rz van p\u00e8rg, af 1700 metre, en l\u00f2nt va Palai en Bersntol, avn be as trogt kan Sea va Hardimbl, vinnt men de Gruab va Hardimbl, an \u00f2lta gruab ga\u00f2rbetet zbischn der 1400 ont der 1650, ont iaz offet ver de lait as bundre sai\u2019 za kennen de gschicht van Bersntol.<\/p>\n\n\n\n<p>Drinn a toal kastn va klos l\u00f2ng schaung \u00f2lta dinger: plinder van kn\u00f2ppn, sai\u2019na gabanter, de minerai as arausgagrom kemmen sai\u2019, ont turch en de viarung s kimmpt kl\u00f2fft iber en lem van kn\u00f2ppn ont abia as se st\u00f2nnen sai\u2019 pet de lait van l\u00f2nt.<\/p>\n\n\n\n<p>A belt as men se n\u00e8t derb\u00f2rtn tuat steat drinn en p\u00e8rg: saln, begler, loatern as l\u00f2ng schaung de mia van a lem en tunkla en platz bou as ist h\u00f2rt gaben za otnen aa. S ist eppes st\u00f2rchs lem bider haitzegento an \u00f2lta gschicht ont sechen glenzn stoa\u2019 ont minerai benn men boast va bou as de kemmen.<\/p>\n<\/div>\n\n\n\n<div class=\"wp-block-column is-layout-flow wp-block-column-is-layout-flow\">\n<figure class=\"wp-block-image size-full\"><img decoding=\"async\" width=\"2560\" height=\"1707\" src=\"https:\/\/www.umpalai.it\/wp-content\/uploads\/2024\/04\/Miniera-Palu-ap2017-3657.webp\" alt=\"\" class=\"wp-image-503\" srcset=\"https:\/\/www.umpalai.it\/wp-content\/uploads\/2024\/04\/Miniera-Palu-ap2017-3657.webp 2560w, https:\/\/www.umpalai.it\/wp-content\/uploads\/2024\/04\/Miniera-Palu-ap2017-3657-300x200.webp 300w, https:\/\/www.umpalai.it\/wp-content\/uploads\/2024\/04\/Miniera-Palu-ap2017-3657-1024x683.webp 1024w, https:\/\/www.umpalai.it\/wp-content\/uploads\/2024\/04\/Miniera-Palu-ap2017-3657-768x512.webp 768w, https:\/\/www.umpalai.it\/wp-content\/uploads\/2024\/04\/Miniera-Palu-ap2017-3657-1536x1024.webp 1536w, https:\/\/www.umpalai.it\/wp-content\/uploads\/2024\/04\/Miniera-Palu-ap2017-3657-2048x1366.webp 2048w\" sizes=\"(max-width: 2560px) 100vw, 2560px\" \/><\/figure>\n<\/div>\n<\/div>\n\n\n\n<div class=\"wp-block-columns blocco-info is-layout-flex wp-container-core-columns-is-layout-9d6595d7 wp-block-columns-is-layout-flex\">\n<div class=\"wp-block-column is-layout-flow wp-block-column-is-layout-flow\">\n<div class=\"wp-block-group\"><div class=\"wp-block-group__inner-container is-layout-constrained wp-block-group-is-layout-constrained\">\n<h2 class=\"wp-block-heading\">Offetzaitn<\/h2>\n\n\n\n<div class=\"wp-block-group\"><div class=\"wp-block-group__inner-container is-layout-constrained wp-block-group-is-layout-constrained\">\n<p>De Gruab va Hardimbl ist offet va oberel finz en schanmikeal (va Oastern 2017 finz af de 31 van schanmikeal 2017).<\/p>\n<\/div><\/div>\n<\/div><\/div>\n\n\n\n<div class=\"wp-block-group\"><div class=\"wp-block-group__inner-container is-layout-constrained wp-block-group-is-layout-constrained\">\n<h2 class=\"wp-block-heading\">Abia za aribarn<\/h2>\n\n\n\n<div class=\"wp-block-group\"><div class=\"wp-block-group__inner-container is-layout-constrained wp-block-group-is-layout-constrained\">\n<p>Va Trea\u2019t p\u00f2ckt men de tangenziale ont d\u00f2ra de SS47 va Valzegu\u2019 richtung Padova. Men kimmp araus ka Persn ont men geat no en de zoang vern Bersntol (S.P. 8 va de Valle dei Mocheni), men aribart ka Palai en Bersntol, kan Vr\u00f2ttn bou as s h\u00f2t an groasn parkpl\u00f2tz za zoln (1 \u20ac \u00f2ll stunn, 5 \u20ac vern g\u00f2nze to).<\/p>\n\n\n\n<p>S h\u00f2t an parkpl\u00f2tz as men n\u00e8t zoln praucht kan spilpl\u00f2tz d\u00f2ra geat men anau ver zboa\u2019sk minutn. Ver za gea\u2019 ka de gruab s h\u00f2t an d\u00e8stern forestalbe as men lai za vuas m\u00f2chen mu no a h\u00f2lba stunn.<\/p>\n\n\n\n<p>Un comodo parcheggio gratuito si trova invece pi\u00f9 a valle accanto al campo sportivo (40 minuti di camminata in pi\u00f9).<\/p>\n<\/div><\/div>\n<\/div><\/div>\n\n\n\n<div class=\"wp-block-group\"><div class=\"wp-block-group__inner-container is-layout-constrained wp-block-group-is-layout-constrained\">\n<h2 class=\"wp-block-heading\">Info ont u\u2019stelln se<\/h2>\n\n\n\n<div class=\"wp-block-group\"><div class=\"wp-block-group__inner-container is-layout-constrained wp-block-group-is-layout-constrained\">\n<p>0461 550053 numer van omt va de gruab<\/p>\n<\/div><\/div>\n<\/div><\/div>\n<\/div>\n\n\n\n<div class=\"wp-block-column is-layout-flow wp-block-column-is-layout-flow\">\n<div class=\"wp-block-group\"><div class=\"wp-block-group__inner-container is-layout-constrained wp-block-group-is-layout-constrained\">\n<h2 class=\"wp-block-heading\">Zaitn van viarungen<\/h2>\n\n\n\n<div class=\"wp-block-group\"><div class=\"wp-block-group__inner-container is-layout-constrained wp-block-group-is-layout-constrained\">\n<p>Um 10.00 \/ um 10.45 \/ um 11.30<br>um 13.30 \/ um 14.15\/ um 15.00 \/ um 15.45 \/ um 16.30 \/ um 17.15<\/p>\n<\/div><\/div>\n<\/div><\/div>\n\n\n\n<div class=\"wp-block-group\"><div class=\"wp-block-group__inner-container is-layout-constrained wp-block-group-is-layout-constrained\">\n<h2 class=\"wp-block-heading\">Neat<\/h2>\n\n\n\n<div class=\"wp-block-group\"><div class=\"wp-block-group__inner-container is-layout-constrained wp-block-group-is-layout-constrained\">\n<p>Men geat en de gruab lai pet an viarer ont an pastimmta zaitn. S meing aninngea\u2019 n\u00e8t mear abia zbelf lait ver grupp. Benn men se u\u2019stellt h\u00f2t men s r\u00e8cht za gea\u2019 aninn pahenner ober men miast semm sai\u2019 en de stunn as men ts\u00f2k h\u00f2t. S meing aninngea\u2019 kinder van an iata elt; finz af de zeichen jor miasn sa gea\u2019 pet an elter. En de gruab de temperature ist va 8\u00b0, s ist pesser guat u\u2019leing se. en u\u2019v\u00f2ng s kemmen gem an \u00e8lm ont an jack.<\/p>\n<\/div><\/div>\n<\/div><\/div>\n\n\n\n<div class=\"wp-block-group\"><div class=\"wp-block-group__inner-container is-layout-constrained wp-block-group-is-layout-constrained\">\n<h2 class=\"wp-block-heading\">Prais<\/h2>\n\n\n\n<div class=\"wp-block-group\"><div class=\"wp-block-group__inner-container is-layout-constrained wp-block-group-is-layout-constrained\">\n<p>8 euro der g\u00f2nze prais, 5 euro der minder prais (ver kinder va 6-12 jor ont \u00f2la lait iber de 65 jor), 16 euro der prais ver familie ont 3 euro der prais ver de gruppn iber de 24 lait.<\/p>\n<\/div><\/div>\n<\/div><\/div>\n<\/div>\n<\/div>\n\n\n\n<div class=\"wp-block-columns is-layout-flex wp-container-core-columns-is-layout-9d6595d7 wp-block-columns-is-layout-flex\">\n<div class=\"wp-block-column is-layout-flow wp-block-column-is-layout-flow\">\n<figure class=\"wp-block-gallery has-nested-images columns-default is-cropped wp-block-gallery-1 is-layout-flex wp-block-gallery-is-layout-flex\">\n<figure class=\"wp-block-image size-large\"><img decoding=\"async\" width=\"1024\" height=\"683\" data-id=\"1098\" src=\"https:\/\/www.umpalai.it\/wp-content\/uploads\/2024\/04\/Miniera-vetrina-20-1-1024x683.webp\" alt=\"\" class=\"wp-image-1098\" srcset=\"https:\/\/www.umpalai.it\/wp-content\/uploads\/2024\/04\/Miniera-vetrina-20-1-1024x683.webp 1024w, https:\/\/www.umpalai.it\/wp-content\/uploads\/2024\/04\/Miniera-vetrina-20-1-300x200.webp 300w, https:\/\/www.umpalai.it\/wp-content\/uploads\/2024\/04\/Miniera-vetrina-20-1-768x512.webp 768w, https:\/\/www.umpalai.it\/wp-content\/uploads\/2024\/04\/Miniera-vetrina-20-1-1536x1024.webp 1536w, https:\/\/www.umpalai.it\/wp-content\/uploads\/2024\/04\/Miniera-vetrina-20-1-2048x1366.webp 2048w\" sizes=\"(max-width: 1024px) 100vw, 1024px\" \/><\/figure>\n\n\n\n<figure class=\"wp-block-image size-large\"><img decoding=\"async\" width=\"1024\" height=\"683\" data-id=\"1092\" src=\"https:\/\/www.umpalai.it\/wp-content\/uploads\/2024\/04\/Miniera-5-1024x683.webp\" alt=\"\" class=\"wp-image-1092\" srcset=\"https:\/\/www.umpalai.it\/wp-content\/uploads\/2024\/04\/Miniera-5-1024x683.webp 1024w, https:\/\/www.umpalai.it\/wp-content\/uploads\/2024\/04\/Miniera-5-300x200.webp 300w, https:\/\/www.umpalai.it\/wp-content\/uploads\/2024\/04\/Miniera-5-768x512.webp 768w, https:\/\/www.umpalai.it\/wp-content\/uploads\/2024\/04\/Miniera-5-1536x1024.webp 1536w, https:\/\/www.umpalai.it\/wp-content\/uploads\/2024\/04\/Miniera-5-2048x1366.webp 2048w\" sizes=\"(max-width: 1024px) 100vw, 1024px\" \/><\/figure>\n\n\n\n<figure class=\"wp-block-image size-large\"><img decoding=\"async\" width=\"1024\" height=\"683\" data-id=\"1086\" src=\"https:\/\/www.umpalai.it\/wp-content\/uploads\/2024\/04\/Miniera-17-1024x683.webp\" alt=\"\" class=\"wp-image-1086\" srcset=\"https:\/\/www.umpalai.it\/wp-content\/uploads\/2024\/04\/Miniera-17-1024x683.webp 1024w, https:\/\/www.umpalai.it\/wp-content\/uploads\/2024\/04\/Miniera-17-300x200.webp 300w, https:\/\/www.umpalai.it\/wp-content\/uploads\/2024\/04\/Miniera-17-768x512.webp 768w, https:\/\/www.umpalai.it\/wp-content\/uploads\/2024\/04\/Miniera-17-1536x1024.webp 1536w, https:\/\/www.umpalai.it\/wp-content\/uploads\/2024\/04\/Miniera-17-2048x1366.webp 2048w\" sizes=\"(max-width: 1024px) 100vw, 1024px\" \/><\/figure>\n<\/figure>\n<\/div>\n<\/div>\n","protected":false},"excerpt":{"rendered":"<p>Der num va de \u201ckalkopirit\u201d kimmp van grichische nu\u2019m khalkos, as billt song \u201ckupfer\u201d, ont van grichische nu\u2019m pyros, as billt song \u201cvaier\u201d S ist der mineral va kupfer as men am mearestn vinnen tuat, ont s ist prope der s\u00e8ll as de kn\u00f2ppn (van taitsch bourt Knappen), kemmen en Bersntol va Bomen ont van [&hellip;]<\/p>\n","protected":false},"author":1,"featured_media":1059,"comment_status":"closed","ping_status":"open","sticky":false,"template":"","format":"standard","meta":{"_acf_changed":false,"footnotes":""},"categories":[71,67],"tags":[],"class_list":["post-1269","post","type-post","status-publish","format-standard","has-post-thumbnail","hentry","category-museum","category-ver-de-kinder"],"acf":[],"yoast_head":"<!-- This site is optimized with the Yoast SEO plugin v27.5 - https:\/\/yoast.com\/product\/yoast-seo-wordpress\/ -->\n<title>Gruab va Hardimbl - Um Palai<\/title>\n<meta name=\"description\" content=\"Der num va de \u201ckalkopirit\u201d kimmp van grichische nu\u2019m khalkos, as billt song \u201ckupfer\u201d, ont van grichische nu\u2019m pyros, as billt song \u201cvaier\u201d\" \/>\n<meta name=\"robots\" content=\"index, follow, max-snippet:-1, max-image-preview:large, max-video-preview:-1\" \/>\n<link rel=\"canonical\" href=\"https:\/\/www.umpalai.it\/be\/museum\/gruab-va-hardimbl\/\" \/>\n<meta property=\"og:locale\" content=\"en_US\" \/>\n<meta property=\"og:type\" content=\"article\" \/>\n<meta property=\"og:title\" content=\"Gruab va Hardimbl - Um Palai\" \/>\n<meta property=\"og:description\" content=\"Der num va de \u201ckalkopirit\u201d kimmp van grichische nu\u2019m khalkos, as billt song \u201ckupfer\u201d, ont van grichische nu\u2019m pyros, as billt song \u201cvaier\u201d\" \/>\n<meta property=\"og:url\" content=\"https:\/\/www.umpalai.it\/be\/museum\/gruab-va-hardimbl\/\" \/>\n<meta property=\"og:site_name\" content=\"Um Palai\" \/>\n<meta property=\"article:publisher\" content=\"https:\/\/www.facebook.com\/PaludelFersina\/\" \/>\n<meta property=\"article:published_time\" content=\"2024-04-08T16:27:33+00:00\" \/>\n<meta property=\"article:modified_time\" content=\"2024-06-04T17:50:07+00:00\" \/>\n<meta property=\"og:image\" content=\"https:\/\/www.umpalai.it\/wp-content\/uploads\/2024\/04\/Miniera-a-Palu-del-Fersina-\u00a9-foto-Daniele-Mosna-9541.webp\" \/>\n\t<meta property=\"og:image:width\" content=\"2560\" \/>\n\t<meta property=\"og:image:height\" content=\"1707\" \/>\n\t<meta property=\"og:image:type\" content=\"image\/webp\" \/>\n<meta name=\"author\" content=\"Leveloop\" \/>\n<meta name=\"twitter:card\" content=\"summary_large_image\" \/>\n<meta name=\"twitter:label1\" content=\"Written by\" \/>\n\t<meta name=\"twitter:data1\" content=\"Leveloop\" \/>\n\t<meta name=\"twitter:label2\" content=\"Est. reading time\" \/>\n\t<meta name=\"twitter:data2\" content=\"4 minutes\" \/>\n<script type=\"application\/ld+json\" class=\"yoast-schema-graph\">{\"@context\":\"https:\\\/\\\/schema.org\",\"@graph\":[{\"@type\":\"Article\",\"@id\":\"https:\\\/\\\/www.umpalai.it\\\/be\\\/museum\\\/gruab-va-hardimbl\\\/#article\",\"isPartOf\":{\"@id\":\"https:\\\/\\\/www.umpalai.it\\\/be\\\/museum\\\/gruab-va-hardimbl\\\/\"},\"author\":{\"name\":\"Leveloop\",\"@id\":\"https:\\\/\\\/www.umpalai.it\\\/be\\\/#\\\/schema\\\/person\\\/c4bb30f288911db2984cdac473ab9b88\"},\"headline\":\"Gruab va Hardimbl\",\"datePublished\":\"2024-04-08T16:27:33+00:00\",\"dateModified\":\"2024-06-04T17:50:07+00:00\",\"mainEntityOfPage\":{\"@id\":\"https:\\\/\\\/www.umpalai.it\\\/be\\\/museum\\\/gruab-va-hardimbl\\\/\"},\"wordCount\":553,\"image\":{\"@id\":\"https:\\\/\\\/www.umpalai.it\\\/be\\\/museum\\\/gruab-va-hardimbl\\\/#primaryimage\"},\"thumbnailUrl\":\"https:\\\/\\\/www.umpalai.it\\\/wp-content\\\/uploads\\\/2024\\\/04\\\/Miniera-a-Palu-del-Fersina-\u00a9-foto-Daniele-Mosna-9541.webp\",\"articleSection\":[\"Museum\",\"Ver de kinder\"],\"inLanguage\":\"be-BE\"},{\"@type\":\"WebPage\",\"@id\":\"https:\\\/\\\/www.umpalai.it\\\/be\\\/museum\\\/gruab-va-hardimbl\\\/\",\"url\":\"https:\\\/\\\/www.umpalai.it\\\/be\\\/museum\\\/gruab-va-hardimbl\\\/\",\"name\":\"Gruab va Hardimbl - Um Palai\",\"isPartOf\":{\"@id\":\"https:\\\/\\\/www.umpalai.it\\\/be\\\/#website\"},\"primaryImageOfPage\":{\"@id\":\"https:\\\/\\\/www.umpalai.it\\\/be\\\/museum\\\/gruab-va-hardimbl\\\/#primaryimage\"},\"image\":{\"@id\":\"https:\\\/\\\/www.umpalai.it\\\/be\\\/museum\\\/gruab-va-hardimbl\\\/#primaryimage\"},\"thumbnailUrl\":\"https:\\\/\\\/www.umpalai.it\\\/wp-content\\\/uploads\\\/2024\\\/04\\\/Miniera-a-Palu-del-Fersina-\u00a9-foto-Daniele-Mosna-9541.webp\",\"datePublished\":\"2024-04-08T16:27:33+00:00\",\"dateModified\":\"2024-06-04T17:50:07+00:00\",\"author\":{\"@id\":\"https:\\\/\\\/www.umpalai.it\\\/be\\\/#\\\/schema\\\/person\\\/c4bb30f288911db2984cdac473ab9b88\"},\"description\":\"Der num va de \u201ckalkopirit\u201d kimmp van grichische nu\u2019m khalkos, as billt song \u201ckupfer\u201d, ont van grichische nu\u2019m pyros, as billt song \u201cvaier\u201d\",\"breadcrumb\":{\"@id\":\"https:\\\/\\\/www.umpalai.it\\\/be\\\/museum\\\/gruab-va-hardimbl\\\/#breadcrumb\"},\"inLanguage\":\"be-BE\",\"potentialAction\":[{\"@type\":\"ReadAction\",\"target\":[\"https:\\\/\\\/www.umpalai.it\\\/be\\\/museum\\\/gruab-va-hardimbl\\\/\"]}]},{\"@type\":\"ImageObject\",\"inLanguage\":\"be-BE\",\"@id\":\"https:\\\/\\\/www.umpalai.it\\\/be\\\/museum\\\/gruab-va-hardimbl\\\/#primaryimage\",\"url\":\"https:\\\/\\\/www.umpalai.it\\\/wp-content\\\/uploads\\\/2024\\\/04\\\/Miniera-a-Palu-del-Fersina-\u00a9-foto-Daniele-Mosna-9541.webp\",\"contentUrl\":\"https:\\\/\\\/www.umpalai.it\\\/wp-content\\\/uploads\\\/2024\\\/04\\\/Miniera-a-Palu-del-Fersina-\u00a9-foto-Daniele-Mosna-9541.webp\",\"width\":2560,\"height\":1707,\"caption\":\"Miniera dell'Erdemolo\"},{\"@type\":\"BreadcrumbList\",\"@id\":\"https:\\\/\\\/www.umpalai.it\\\/be\\\/museum\\\/gruab-va-hardimbl\\\/#breadcrumb\",\"itemListElement\":[{\"@type\":\"ListItem\",\"position\":1,\"name\":\"Home\",\"item\":\"https:\\\/\\\/www.umpalai.it\\\/be\\\/um-palai\\\/\"},{\"@type\":\"ListItem\",\"position\":2,\"name\":\"Gruab va Hardimbl\"}]},{\"@type\":\"WebSite\",\"@id\":\"https:\\\/\\\/www.umpalai.it\\\/be\\\/#website\",\"url\":\"https:\\\/\\\/www.umpalai.it\\\/be\\\/\",\"name\":\"Pal\u00f9 del Fersina\",\"description\":\"En h\u00e8rz van Bersntol\",\"potentialAction\":[{\"@type\":\"SearchAction\",\"target\":{\"@type\":\"EntryPoint\",\"urlTemplate\":\"https:\\\/\\\/www.umpalai.it\\\/be\\\/?s={search_term_string}\"},\"query-input\":{\"@type\":\"PropertyValueSpecification\",\"valueRequired\":true,\"valueName\":\"search_term_string\"}}],\"inLanguage\":\"be-BE\"},{\"@type\":\"Person\",\"@id\":\"https:\\\/\\\/www.umpalai.it\\\/be\\\/#\\\/schema\\\/person\\\/c4bb30f288911db2984cdac473ab9b88\",\"name\":\"Leveloop\",\"image\":{\"@type\":\"ImageObject\",\"inLanguage\":\"be-BE\",\"@id\":\"https:\\\/\\\/secure.gravatar.com\\\/avatar\\\/133c970b7ee8e2c97707f8b51c7448c6a8709e26c293cf3c648efb8cca74ab87?s=96&d=mm&r=g\",\"url\":\"https:\\\/\\\/secure.gravatar.com\\\/avatar\\\/133c970b7ee8e2c97707f8b51c7448c6a8709e26c293cf3c648efb8cca74ab87?s=96&d=mm&r=g\",\"contentUrl\":\"https:\\\/\\\/secure.gravatar.com\\\/avatar\\\/133c970b7ee8e2c97707f8b51c7448c6a8709e26c293cf3c648efb8cca74ab87?s=96&d=mm&r=g\",\"caption\":\"Leveloop\"}}]}<\/script>\n<!-- \/ Yoast SEO plugin. -->","yoast_head_json":{"title":"Gruab va Hardimbl - Um Palai","description":"Der num va de \u201ckalkopirit\u201d kimmp van grichische nu\u2019m khalkos, as billt song \u201ckupfer\u201d, ont van grichische nu\u2019m pyros, as billt song \u201cvaier\u201d","robots":{"index":"index","follow":"follow","max-snippet":"max-snippet:-1","max-image-preview":"max-image-preview:large","max-video-preview":"max-video-preview:-1"},"canonical":"https:\/\/www.umpalai.it\/be\/museum\/gruab-va-hardimbl\/","og_locale":"en_US","og_type":"article","og_title":"Gruab va Hardimbl - Um Palai","og_description":"Der num va de \u201ckalkopirit\u201d kimmp van grichische nu\u2019m khalkos, as billt song \u201ckupfer\u201d, ont van grichische nu\u2019m pyros, as billt song \u201cvaier\u201d","og_url":"https:\/\/www.umpalai.it\/be\/museum\/gruab-va-hardimbl\/","og_site_name":"Um Palai","article_publisher":"https:\/\/www.facebook.com\/PaludelFersina\/","article_published_time":"2024-04-08T16:27:33+00:00","article_modified_time":"2024-06-04T17:50:07+00:00","og_image":[{"width":2560,"height":1707,"url":"https:\/\/www.umpalai.it\/wp-content\/uploads\/2024\/04\/Miniera-a-Palu-del-Fersina-\u00a9-foto-Daniele-Mosna-9541.webp","type":"image\/webp"}],"author":"Leveloop","twitter_card":"summary_large_image","twitter_misc":{"Written by":"Leveloop","Est. reading time":"4 minutes"},"schema":{"@context":"https:\/\/schema.org","@graph":[{"@type":"Article","@id":"https:\/\/www.umpalai.it\/be\/museum\/gruab-va-hardimbl\/#article","isPartOf":{"@id":"https:\/\/www.umpalai.it\/be\/museum\/gruab-va-hardimbl\/"},"author":{"name":"Leveloop","@id":"https:\/\/www.umpalai.it\/be\/#\/schema\/person\/c4bb30f288911db2984cdac473ab9b88"},"headline":"Gruab va Hardimbl","datePublished":"2024-04-08T16:27:33+00:00","dateModified":"2024-06-04T17:50:07+00:00","mainEntityOfPage":{"@id":"https:\/\/www.umpalai.it\/be\/museum\/gruab-va-hardimbl\/"},"wordCount":553,"image":{"@id":"https:\/\/www.umpalai.it\/be\/museum\/gruab-va-hardimbl\/#primaryimage"},"thumbnailUrl":"https:\/\/www.umpalai.it\/wp-content\/uploads\/2024\/04\/Miniera-a-Palu-del-Fersina-\u00a9-foto-Daniele-Mosna-9541.webp","articleSection":["Museum","Ver de kinder"],"inLanguage":"be-BE"},{"@type":"WebPage","@id":"https:\/\/www.umpalai.it\/be\/museum\/gruab-va-hardimbl\/","url":"https:\/\/www.umpalai.it\/be\/museum\/gruab-va-hardimbl\/","name":"Gruab va Hardimbl - Um Palai","isPartOf":{"@id":"https:\/\/www.umpalai.it\/be\/#website"},"primaryImageOfPage":{"@id":"https:\/\/www.umpalai.it\/be\/museum\/gruab-va-hardimbl\/#primaryimage"},"image":{"@id":"https:\/\/www.umpalai.it\/be\/museum\/gruab-va-hardimbl\/#primaryimage"},"thumbnailUrl":"https:\/\/www.umpalai.it\/wp-content\/uploads\/2024\/04\/Miniera-a-Palu-del-Fersina-\u00a9-foto-Daniele-Mosna-9541.webp","datePublished":"2024-04-08T16:27:33+00:00","dateModified":"2024-06-04T17:50:07+00:00","author":{"@id":"https:\/\/www.umpalai.it\/be\/#\/schema\/person\/c4bb30f288911db2984cdac473ab9b88"},"description":"Der num va de \u201ckalkopirit\u201d kimmp van grichische nu\u2019m khalkos, as billt song \u201ckupfer\u201d, ont van grichische nu\u2019m pyros, as billt song \u201cvaier\u201d","breadcrumb":{"@id":"https:\/\/www.umpalai.it\/be\/museum\/gruab-va-hardimbl\/#breadcrumb"},"inLanguage":"be-BE","potentialAction":[{"@type":"ReadAction","target":["https:\/\/www.umpalai.it\/be\/museum\/gruab-va-hardimbl\/"]}]},{"@type":"ImageObject","inLanguage":"be-BE","@id":"https:\/\/www.umpalai.it\/be\/museum\/gruab-va-hardimbl\/#primaryimage","url":"https:\/\/www.umpalai.it\/wp-content\/uploads\/2024\/04\/Miniera-a-Palu-del-Fersina-\u00a9-foto-Daniele-Mosna-9541.webp","contentUrl":"https:\/\/www.umpalai.it\/wp-content\/uploads\/2024\/04\/Miniera-a-Palu-del-Fersina-\u00a9-foto-Daniele-Mosna-9541.webp","width":2560,"height":1707,"caption":"Miniera dell'Erdemolo"},{"@type":"BreadcrumbList","@id":"https:\/\/www.umpalai.it\/be\/museum\/gruab-va-hardimbl\/#breadcrumb","itemListElement":[{"@type":"ListItem","position":1,"name":"Home","item":"https:\/\/www.umpalai.it\/be\/um-palai\/"},{"@type":"ListItem","position":2,"name":"Gruab va Hardimbl"}]},{"@type":"WebSite","@id":"https:\/\/www.umpalai.it\/be\/#website","url":"https:\/\/www.umpalai.it\/be\/","name":"Pal\u00f9 del Fersina","description":"En h\u00e8rz van Bersntol","potentialAction":[{"@type":"SearchAction","target":{"@type":"EntryPoint","urlTemplate":"https:\/\/www.umpalai.it\/be\/?s={search_term_string}"},"query-input":{"@type":"PropertyValueSpecification","valueRequired":true,"valueName":"search_term_string"}}],"inLanguage":"be-BE"},{"@type":"Person","@id":"https:\/\/www.umpalai.it\/be\/#\/schema\/person\/c4bb30f288911db2984cdac473ab9b88","name":"Leveloop","image":{"@type":"ImageObject","inLanguage":"be-BE","@id":"https:\/\/secure.gravatar.com\/avatar\/133c970b7ee8e2c97707f8b51c7448c6a8709e26c293cf3c648efb8cca74ab87?s=96&d=mm&r=g","url":"https:\/\/secure.gravatar.com\/avatar\/133c970b7ee8e2c97707f8b51c7448c6a8709e26c293cf3c648efb8cca74ab87?s=96&d=mm&r=g","contentUrl":"https:\/\/secure.gravatar.com\/avatar\/133c970b7ee8e2c97707f8b51c7448c6a8709e26c293cf3c648efb8cca74ab87?s=96&d=mm&r=g","caption":"Leveloop"}}]}},"_links":{"self":[{"href":"https:\/\/www.umpalai.it\/be\/wp-json\/wp\/v2\/posts\/1269","targetHints":{"allow":["GET"]}}],"collection":[{"href":"https:\/\/www.umpalai.it\/be\/wp-json\/wp\/v2\/posts"}],"about":[{"href":"https:\/\/www.umpalai.it\/be\/wp-json\/wp\/v2\/types\/post"}],"author":[{"embeddable":true,"href":"https:\/\/www.umpalai.it\/be\/wp-json\/wp\/v2\/users\/1"}],"replies":[{"embeddable":true,"href":"https:\/\/www.umpalai.it\/be\/wp-json\/wp\/v2\/comments?post=1269"}],"version-history":[{"count":3,"href":"https:\/\/www.umpalai.it\/be\/wp-json\/wp\/v2\/posts\/1269\/revisions"}],"predecessor-version":[{"id":1274,"href":"https:\/\/www.umpalai.it\/be\/wp-json\/wp\/v2\/posts\/1269\/revisions\/1274"}],"wp:featuredmedia":[{"embeddable":true,"href":"https:\/\/www.umpalai.it\/be\/wp-json\/wp\/v2\/media\/1059"}],"wp:attachment":[{"href":"https:\/\/www.umpalai.it\/be\/wp-json\/wp\/v2\/media?parent=1269"}],"wp:term":[{"taxonomy":"category","embeddable":true,"href":"https:\/\/www.umpalai.it\/be\/wp-json\/wp\/v2\/categories?post=1269"},{"taxonomy":"post_tag","embeddable":true,"href":"https:\/\/www.umpalai.it\/be\/wp-json\/wp\/v2\/tags?post=1269"}],"curies":[{"name":"wp","href":"https:\/\/api.w.org\/{rel}","templated":true}]}}