{"id":1273,"date":"2024-04-08T16:25:56","date_gmt":"2024-04-08T16:25:56","guid":{"rendered":"https:\/?p=1273"},"modified":"2025-10-08T13:55:08","modified_gmt":"2025-10-08T13:55:08","slug":"pergmandlhaus-museum","status":"publish","type":"post","link":"https:\/\/www.umpalai.it\/be\/museum\/pergmandlhaus-museum\/","title":{"rendered":"P\u00e8rgmandlhaus Museum"},"content":{"rendered":"\n<div class=\"wp-block-columns is-layout-flex wp-container-core-columns-is-layout-9d6595d7 wp-block-columns-is-layout-flex\">\n<div class=\"wp-block-column is-layout-flow wp-block-column-is-layout-flow\">\n<h2 class=\"wp-block-heading\">S ist an tunnel pet de mauern as sechen l\u00f2ng odern va kupfer as stellt vour en de pasuacher der kloa\u2019 museum S P\u00e8rgmandlhaus, as en an nain vurm sechen l\u00f2k de b\u00e8lt van gruam ont s lem van kn\u00f2ppn en Bersntol.<\/h2>\n<\/div>\n<\/div>\n\n\n\n<div class=\"wp-block-columns blocco-testo-immagine is-layout-flex wp-container-core-columns-is-layout-9d6595d7 wp-block-columns-is-layout-flex\">\n<div class=\"wp-block-column is-layout-flow wp-block-column-is-layout-flow\">\n<p>Zboa steck as, vilvert en an simboleschn vurm, kontarn oa\u2019na van \u00f2rbetn as mear bichte gaben ist vern Bersntol, n\u00e8t lai ver de birtsch\u00f2ft, ober ver de lait ont de umb\u00e8lt aa.<\/p>\n\n\n\n<p>Der earste stock van museum l\u00f2k schaung de minerai tsuacht van kn\u00f2ppn (van taitsch bourt Knappen) ont s b\u00e8rt van naturguata a\u2019ne de beiln de \u00f2rbet van kn\u00f2ppn n\u00e8t moglech gaben baret, abia s holz ont s b\u00f2sser. Ont prope der prauch van guatn van l\u00f2nt ist der avai gaben van straitn van lait van tol pet de kn\u00f2ppn. Der zboate stock enveze kl\u00f2fft mear van lait as en tol galep hom ont as n\u00e8t van kn\u00f2ppn kemmen \u2013 abia as men vriarer gamoa\u2019t h\u00f2t \u2013 ober va \u00f2ndra taitscha pauern, kemmen en Bersntol van Baiern ont van Tirol um en 1200, avai de sai\u2019 gariaft kemmen van capitani van schloss va Persn as en verhoasn hom za meing prauchen s v\u00e8lt as en gem kemmen ist ver \u00f2lbe.<\/p>\n\n\n\n<p>Zboa b\u00e8lt as se se tr\u00e8ffen en de soln van museum va Palai onta s kontarn a gschicht. De s\u00e8ll van Bersntol.<\/p>\n<\/div>\n\n\n\n<div class=\"wp-block-column is-layout-flow wp-block-column-is-layout-flow\">\n<figure class=\"wp-block-image size-full\"><img decoding=\"async\" width=\"2560\" height=\"1707\" src=\"https:\/\/www.umpalai.it\/wp-content\/uploads\/2024\/04\/Museo-Muse-Sperg-Manal-Haus-\u00a9-foto-Daniele-Mosna-9562.webp\" alt=\"\" class=\"wp-image-508\" srcset=\"https:\/\/www.umpalai.it\/wp-content\/uploads\/2024\/04\/Museo-Muse-Sperg-Manal-Haus-\u00a9-foto-Daniele-Mosna-9562.webp 2560w, https:\/\/www.umpalai.it\/wp-content\/uploads\/2024\/04\/Museo-Muse-Sperg-Manal-Haus-\u00a9-foto-Daniele-Mosna-9562-300x200.webp 300w, https:\/\/www.umpalai.it\/wp-content\/uploads\/2024\/04\/Museo-Muse-Sperg-Manal-Haus-\u00a9-foto-Daniele-Mosna-9562-1024x683.webp 1024w, https:\/\/www.umpalai.it\/wp-content\/uploads\/2024\/04\/Museo-Muse-Sperg-Manal-Haus-\u00a9-foto-Daniele-Mosna-9562-768x512.webp 768w, https:\/\/www.umpalai.it\/wp-content\/uploads\/2024\/04\/Museo-Muse-Sperg-Manal-Haus-\u00a9-foto-Daniele-Mosna-9562-1536x1024.webp 1536w, https:\/\/www.umpalai.it\/wp-content\/uploads\/2024\/04\/Museo-Muse-Sperg-Manal-Haus-\u00a9-foto-Daniele-Mosna-9562-2048x1366.webp 2048w\" sizes=\"(max-width: 2560px) 100vw, 2560px\" \/><\/figure>\n<\/div>\n<\/div>\n\n\n\n<div class=\"wp-block-columns blocco-info is-layout-flex wp-container-core-columns-is-layout-9d6595d7 wp-block-columns-is-layout-flex\">\n<div class=\"wp-block-column is-layout-flow wp-block-column-is-layout-flow\">\n<div class=\"wp-block-group\"><div class=\"wp-block-group__inner-container is-layout-constrained wp-block-group-is-layout-constrained\">\n<h2 class=\"wp-block-heading\">Offetzaitn<\/h2>\n\n\n\n<div class=\"wp-block-group\"><div class=\"wp-block-group__inner-container is-layout-constrained wp-block-group-is-layout-constrained\">\n<p>S P\u00e8rgmandlmuseum ist offet va oberel finz en schanmikeal (va Oastern 2017 finz af de 31 van schanmikeal 2017)<\/p>\n<\/div><\/div>\n<\/div><\/div>\n\n\n\n<div class=\"wp-block-group\"><div class=\"wp-block-group__inner-container is-layout-constrained wp-block-group-is-layout-constrained\">\n<h2 class=\"wp-block-heading\">Abia za aribarn<\/h2>\n\n\n\n<div class=\"wp-block-group\"><div class=\"wp-block-group__inner-container is-layout-constrained wp-block-group-is-layout-constrained\">\n<p>Der museum vinnt se en Palai en Bersntol kan Paoar. Va Trea\u2019t nimmt men de tangenziale ont d\u00f2ra de SS47 va Valzegu\u2019 richtung Padova. Men geat anaus ka Persn ont men geat no en de zoachn vern Bersntol (S.P. 8 va de Valle del Mocheni) finz za aribarn ka Palai.<\/p>\n<\/div><\/div>\n<\/div><\/div>\n\n\n\n<div class=\"wp-block-group\"><div class=\"wp-block-group__inner-container is-layout-constrained wp-block-group-is-layout-constrained\">\n<h2 class=\"wp-block-heading\">Info ont u\u2019stelln se<\/h2>\n\n\n\n<div class=\"wp-block-group\"><div class=\"wp-block-group__inner-container is-layout-constrained wp-block-group-is-layout-constrained\">\n<p>Gamoa\u2019 va Palai en Bersntol: 0461 550001<br>Museum: 3463627221<\/p>\n<\/div><\/div>\n<\/div><\/div>\n<\/div>\n\n\n\n<div class=\"wp-block-column is-layout-flow wp-block-column-is-layout-flow\">\n<div class=\"wp-block-group\"><div class=\"wp-block-group__inner-container is-layout-constrained wp-block-group-is-layout-constrained\">\n<h2 class=\"wp-block-heading\">Zaitn van viarungen<\/h2>\n\n\n\n<div class=\"wp-block-group\"><div class=\"wp-block-group__inner-container is-layout-constrained wp-block-group-is-layout-constrained\">\n<p>Um <strong>10:00<\/strong>\u00a0um \u00a0<strong>12:30<\/strong>\u00a0um\u00a0<strong>13:30<\/strong>\u00a0um\u00a0<strong>18:00<\/strong>.<\/p>\n<\/div><\/div>\n<\/div><\/div>\n\n\n\n<div class=\"wp-block-group\"><div class=\"wp-block-group__inner-container is-layout-constrained wp-block-group-is-layout-constrained\">\n<h2 class=\"wp-block-heading\">Neat<\/h2>\n\n\n\n<div class=\"wp-block-group\"><div class=\"wp-block-group__inner-container is-layout-constrained wp-block-group-is-layout-constrained\">\n<p>30 metre vourn museum h\u00f2t s a parkpl\u00f2tz as men n\u00e8t zoln miast, glaim en spilpl\u00f2tz an pl\u00f2tz ver za l\u00f2ng spiln de kloa\u2019n. Ver za \u00e8ssen, en zeichen minutn petn auto geat men kan Passo Redebus bou as enk b\u00f2rtn tuat de Lorenza pet sai\u2019 guat \u00e8sszaig!<br>Der museum ist an guatn punkt ver za v\u00f2ngen u\u2019 za trittln.<\/p>\n<\/div><\/div>\n<\/div><\/div>\n\n\n\n<div class=\"wp-block-group\"><div class=\"wp-block-group__inner-container is-layout-constrained wp-block-group-is-layout-constrained\">\n<h2 class=\"wp-block-heading\">Prais<\/h2>\n\n\n\n<div class=\"wp-block-group\"><div class=\"wp-block-group__inner-container is-layout-constrained wp-block-group-is-layout-constrained\">\n<p>5 euro der g\u00f2nze prais, 3 euro der minder prais, 8 euro der prais ver de familie ont 3 euro der prais ver de gruppn iber de 20 lait.<\/p>\n<\/div><\/div>\n<\/div><\/div>\n<\/div>\n<\/div>\n\n\n\n<div class=\"wp-block-columns is-layout-flex wp-container-core-columns-is-layout-9d6595d7 wp-block-columns-is-layout-flex\">\n<div class=\"wp-block-column is-layout-flow wp-block-column-is-layout-flow\">\n<figure class=\"wp-block-gallery has-nested-images columns-default is-cropped wp-block-gallery-1 is-layout-flex wp-block-gallery-is-layout-flex\">\n<figure class=\"wp-block-image size-large\"><img decoding=\"async\" width=\"1024\" height=\"683\" data-id=\"1109\" src=\"https:\/\/www.umpalai.it\/wp-content\/uploads\/2024\/04\/Miniera-46-1024x683.webp\" alt=\"\" class=\"wp-image-1109\" srcset=\"https:\/\/www.umpalai.it\/wp-content\/uploads\/2024\/04\/Miniera-46-1024x683.webp 1024w, https:\/\/www.umpalai.it\/wp-content\/uploads\/2024\/04\/Miniera-46-300x200.webp 300w, https:\/\/www.umpalai.it\/wp-content\/uploads\/2024\/04\/Miniera-46-768x512.webp 768w, https:\/\/www.umpalai.it\/wp-content\/uploads\/2024\/04\/Miniera-46-1536x1024.webp 1536w, https:\/\/www.umpalai.it\/wp-content\/uploads\/2024\/04\/Miniera-46-2048x1366.webp 2048w\" sizes=\"(max-width: 1024px) 100vw, 1024px\" \/><\/figure>\n\n\n\n<figure class=\"wp-block-image size-large\"><img decoding=\"async\" width=\"1024\" height=\"683\" data-id=\"1112\" src=\"https:\/\/www.umpalai.it\/wp-content\/uploads\/2024\/04\/Miniera-47-1024x683.webp\" alt=\"\" class=\"wp-image-1112\" srcset=\"https:\/\/www.umpalai.it\/wp-content\/uploads\/2024\/04\/Miniera-47-1024x683.webp 1024w, https:\/\/www.umpalai.it\/wp-content\/uploads\/2024\/04\/Miniera-47-300x200.webp 300w, https:\/\/www.umpalai.it\/wp-content\/uploads\/2024\/04\/Miniera-47-768x512.webp 768w, https:\/\/www.umpalai.it\/wp-content\/uploads\/2024\/04\/Miniera-47-1536x1024.webp 1536w, https:\/\/www.umpalai.it\/wp-content\/uploads\/2024\/04\/Miniera-47-2048x1366.webp 2048w\" sizes=\"(max-width: 1024px) 100vw, 1024px\" \/><\/figure>\n\n\n\n<figure class=\"wp-block-image size-large\"><img decoding=\"async\" width=\"1024\" height=\"683\" data-id=\"1106\" src=\"https:\/\/www.umpalai.it\/wp-content\/uploads\/2024\/04\/Minerali-30-1024x683.webp\" alt=\"\" class=\"wp-image-1106\" srcset=\"https:\/\/www.umpalai.it\/wp-content\/uploads\/2024\/04\/Minerali-30-1024x683.webp 1024w, https:\/\/www.umpalai.it\/wp-content\/uploads\/2024\/04\/Minerali-30-300x200.webp 300w, https:\/\/www.umpalai.it\/wp-content\/uploads\/2024\/04\/Minerali-30-768x512.webp 768w, https:\/\/www.umpalai.it\/wp-content\/uploads\/2024\/04\/Minerali-30-1536x1024.webp 1536w, https:\/\/www.umpalai.it\/wp-content\/uploads\/2024\/04\/Minerali-30-2048x1366.webp 2048w\" sizes=\"(max-width: 1024px) 100vw, 1024px\" \/><\/figure>\n<\/figure>\n<\/div>\n<\/div>\n","protected":false},"excerpt":{"rendered":"<p>S ist an tunnel pet de mauern as sechen l\u00f2ng odern va kupfer as stellt vour en de pasuacher der kloa\u2019 museum S P\u00e8rgmandlhaus, as en an nain vurm sechen l\u00f2k de b\u00e8lt van gruam ont s lem van kn\u00f2ppn en Bersntol. Zboa steck as, vilvert en an simboleschn vurm, kontarn oa\u2019na van \u00f2rbetn as [&hellip;]<\/p>\n","protected":false},"author":1,"featured_media":1057,"comment_status":"closed","ping_status":"open","sticky":false,"template":"","format":"standard","meta":{"_acf_changed":false,"footnotes":""},"categories":[71,67],"tags":[],"class_list":["post-1273","post","type-post","status-publish","format-standard","has-post-thumbnail","hentry","category-museum","category-ver-de-kinder"],"acf":[],"yoast_head":"<!-- This site is optimized with the Yoast SEO plugin v27.5 - https:\/\/yoast.com\/product\/yoast-seo-wordpress\/ -->\n<title>P\u00e8rgmandlhaus Museum - Um Palai<\/title>\n<meta name=\"description\" content=\"S ist an tunnel pet de mauern as sechen l\u00f2ng odern va kupfer as stellt vour en de pasuacher der kloa\u2019 museum S P\u00e8rgmandlhaus, as en an nain vurm sechen l\u00f2k de b\u00e8lt van gruam ont s lem van kn\u00f2ppn en Bersntol.\" \/>\n<meta name=\"robots\" content=\"index, follow, max-snippet:-1, max-image-preview:large, max-video-preview:-1\" \/>\n<link rel=\"canonical\" href=\"https:\/\/www.umpalai.it\/be\/museum\/pergmandlhaus-museum\/\" \/>\n<meta property=\"og:locale\" content=\"en_US\" \/>\n<meta property=\"og:type\" content=\"article\" \/>\n<meta property=\"og:title\" content=\"P\u00e8rgmandlhaus Museum - Um Palai\" \/>\n<meta property=\"og:description\" content=\"S ist an tunnel pet de mauern as sechen l\u00f2ng odern va kupfer as stellt vour en de pasuacher der kloa\u2019 museum S P\u00e8rgmandlhaus, as en an nain vurm sechen l\u00f2k de b\u00e8lt van gruam ont s lem van kn\u00f2ppn en Bersntol.\" \/>\n<meta property=\"og:url\" content=\"https:\/\/www.umpalai.it\/be\/museum\/pergmandlhaus-museum\/\" \/>\n<meta property=\"og:site_name\" content=\"Um Palai\" \/>\n<meta property=\"article:publisher\" content=\"https:\/\/www.facebook.com\/PaludelFersina\/\" \/>\n<meta property=\"article:published_time\" content=\"2024-04-08T16:25:56+00:00\" \/>\n<meta property=\"article:modified_time\" content=\"2025-10-08T13:55:08+00:00\" \/>\n<meta property=\"og:image\" content=\"https:\/\/www.umpalai.it\/wp-content\/uploads\/2024\/04\/Museo-Muse-Sperg-Manal-Haus-\u00a9-foto-Daniele-Mosna-9576.webp\" \/>\n\t<meta property=\"og:image:width\" content=\"2560\" \/>\n\t<meta property=\"og:image:height\" content=\"1920\" \/>\n\t<meta property=\"og:image:type\" content=\"image\/webp\" \/>\n<meta name=\"author\" content=\"Leveloop\" \/>\n<meta name=\"twitter:card\" content=\"summary_large_image\" \/>\n<meta name=\"twitter:label1\" content=\"Written by\" \/>\n\t<meta name=\"twitter:data1\" content=\"Leveloop\" \/>\n\t<meta name=\"twitter:label2\" content=\"Est. reading time\" \/>\n\t<meta name=\"twitter:data2\" content=\"4 minutes\" \/>\n<script type=\"application\/ld+json\" class=\"yoast-schema-graph\">{\"@context\":\"https:\\\/\\\/schema.org\",\"@graph\":[{\"@type\":\"Article\",\"@id\":\"https:\\\/\\\/www.umpalai.it\\\/be\\\/museum\\\/pergmandlhaus-museum\\\/#article\",\"isPartOf\":{\"@id\":\"https:\\\/\\\/www.umpalai.it\\\/be\\\/museum\\\/pergmandlhaus-museum\\\/\"},\"author\":{\"name\":\"Leveloop\",\"@id\":\"https:\\\/\\\/www.umpalai.it\\\/be\\\/#\\\/schema\\\/person\\\/c4bb30f288911db2984cdac473ab9b88\"},\"headline\":\"P\u00e8rgmandlhaus Museum\",\"datePublished\":\"2024-04-08T16:25:56+00:00\",\"dateModified\":\"2025-10-08T13:55:08+00:00\",\"mainEntityOfPage\":{\"@id\":\"https:\\\/\\\/www.umpalai.it\\\/be\\\/museum\\\/pergmandlhaus-museum\\\/\"},\"wordCount\":438,\"image\":{\"@id\":\"https:\\\/\\\/www.umpalai.it\\\/be\\\/museum\\\/pergmandlhaus-museum\\\/#primaryimage\"},\"thumbnailUrl\":\"https:\\\/\\\/www.umpalai.it\\\/wp-content\\\/uploads\\\/2024\\\/04\\\/Museo-Muse-Sperg-Manal-Haus-\u00a9-foto-Daniele-Mosna-9576.webp\",\"articleSection\":[\"Museum\",\"Ver de kinder\"],\"inLanguage\":\"be-BE\"},{\"@type\":\"WebPage\",\"@id\":\"https:\\\/\\\/www.umpalai.it\\\/be\\\/museum\\\/pergmandlhaus-museum\\\/\",\"url\":\"https:\\\/\\\/www.umpalai.it\\\/be\\\/museum\\\/pergmandlhaus-museum\\\/\",\"name\":\"P\u00e8rgmandlhaus Museum - Um Palai\",\"isPartOf\":{\"@id\":\"https:\\\/\\\/www.umpalai.it\\\/be\\\/#website\"},\"primaryImageOfPage\":{\"@id\":\"https:\\\/\\\/www.umpalai.it\\\/be\\\/museum\\\/pergmandlhaus-museum\\\/#primaryimage\"},\"image\":{\"@id\":\"https:\\\/\\\/www.umpalai.it\\\/be\\\/museum\\\/pergmandlhaus-museum\\\/#primaryimage\"},\"thumbnailUrl\":\"https:\\\/\\\/www.umpalai.it\\\/wp-content\\\/uploads\\\/2024\\\/04\\\/Museo-Muse-Sperg-Manal-Haus-\u00a9-foto-Daniele-Mosna-9576.webp\",\"datePublished\":\"2024-04-08T16:25:56+00:00\",\"dateModified\":\"2025-10-08T13:55:08+00:00\",\"author\":{\"@id\":\"https:\\\/\\\/www.umpalai.it\\\/be\\\/#\\\/schema\\\/person\\\/c4bb30f288911db2984cdac473ab9b88\"},\"description\":\"S ist an tunnel pet de mauern as sechen l\u00f2ng odern va kupfer as stellt vour en de pasuacher der kloa\u2019 museum S P\u00e8rgmandlhaus, as en an nain vurm sechen l\u00f2k de b\u00e8lt van gruam ont s lem van kn\u00f2ppn en Bersntol.\",\"breadcrumb\":{\"@id\":\"https:\\\/\\\/www.umpalai.it\\\/be\\\/museum\\\/pergmandlhaus-museum\\\/#breadcrumb\"},\"inLanguage\":\"be-BE\",\"potentialAction\":[{\"@type\":\"ReadAction\",\"target\":[\"https:\\\/\\\/www.umpalai.it\\\/be\\\/museum\\\/pergmandlhaus-museum\\\/\"]}]},{\"@type\":\"ImageObject\",\"inLanguage\":\"be-BE\",\"@id\":\"https:\\\/\\\/www.umpalai.it\\\/be\\\/museum\\\/pergmandlhaus-museum\\\/#primaryimage\",\"url\":\"https:\\\/\\\/www.umpalai.it\\\/wp-content\\\/uploads\\\/2024\\\/04\\\/Museo-Muse-Sperg-Manal-Haus-\u00a9-foto-Daniele-Mosna-9576.webp\",\"contentUrl\":\"https:\\\/\\\/www.umpalai.it\\\/wp-content\\\/uploads\\\/2024\\\/04\\\/Museo-Muse-Sperg-Manal-Haus-\u00a9-foto-Daniele-Mosna-9576.webp\",\"width\":2560,\"height\":1920,\"caption\":\"Museo S P\u00e8rgmandlhaus\"},{\"@type\":\"BreadcrumbList\",\"@id\":\"https:\\\/\\\/www.umpalai.it\\\/be\\\/museum\\\/pergmandlhaus-museum\\\/#breadcrumb\",\"itemListElement\":[{\"@type\":\"ListItem\",\"position\":1,\"name\":\"Home\",\"item\":\"https:\\\/\\\/www.umpalai.it\\\/be\\\/um-palai\\\/\"},{\"@type\":\"ListItem\",\"position\":2,\"name\":\"P\u00e8rgmandlhaus Museum\"}]},{\"@type\":\"WebSite\",\"@id\":\"https:\\\/\\\/www.umpalai.it\\\/be\\\/#website\",\"url\":\"https:\\\/\\\/www.umpalai.it\\\/be\\\/\",\"name\":\"Pal\u00f9 del Fersina\",\"description\":\"En h\u00e8rz van Bersntol\",\"potentialAction\":[{\"@type\":\"SearchAction\",\"target\":{\"@type\":\"EntryPoint\",\"urlTemplate\":\"https:\\\/\\\/www.umpalai.it\\\/be\\\/?s={search_term_string}\"},\"query-input\":{\"@type\":\"PropertyValueSpecification\",\"valueRequired\":true,\"valueName\":\"search_term_string\"}}],\"inLanguage\":\"be-BE\"},{\"@type\":\"Person\",\"@id\":\"https:\\\/\\\/www.umpalai.it\\\/be\\\/#\\\/schema\\\/person\\\/c4bb30f288911db2984cdac473ab9b88\",\"name\":\"Leveloop\",\"image\":{\"@type\":\"ImageObject\",\"inLanguage\":\"be-BE\",\"@id\":\"https:\\\/\\\/secure.gravatar.com\\\/avatar\\\/133c970b7ee8e2c97707f8b51c7448c6a8709e26c293cf3c648efb8cca74ab87?s=96&d=mm&r=g\",\"url\":\"https:\\\/\\\/secure.gravatar.com\\\/avatar\\\/133c970b7ee8e2c97707f8b51c7448c6a8709e26c293cf3c648efb8cca74ab87?s=96&d=mm&r=g\",\"contentUrl\":\"https:\\\/\\\/secure.gravatar.com\\\/avatar\\\/133c970b7ee8e2c97707f8b51c7448c6a8709e26c293cf3c648efb8cca74ab87?s=96&d=mm&r=g\",\"caption\":\"Leveloop\"}}]}<\/script>\n<!-- \/ Yoast SEO plugin. -->","yoast_head_json":{"title":"P\u00e8rgmandlhaus Museum - Um Palai","description":"S ist an tunnel pet de mauern as sechen l\u00f2ng odern va kupfer as stellt vour en de pasuacher der kloa\u2019 museum S P\u00e8rgmandlhaus, as en an nain vurm sechen l\u00f2k de b\u00e8lt van gruam ont s lem van kn\u00f2ppn en Bersntol.","robots":{"index":"index","follow":"follow","max-snippet":"max-snippet:-1","max-image-preview":"max-image-preview:large","max-video-preview":"max-video-preview:-1"},"canonical":"https:\/\/www.umpalai.it\/be\/museum\/pergmandlhaus-museum\/","og_locale":"en_US","og_type":"article","og_title":"P\u00e8rgmandlhaus Museum - Um Palai","og_description":"S ist an tunnel pet de mauern as sechen l\u00f2ng odern va kupfer as stellt vour en de pasuacher der kloa\u2019 museum S P\u00e8rgmandlhaus, as en an nain vurm sechen l\u00f2k de b\u00e8lt van gruam ont s lem van kn\u00f2ppn en Bersntol.","og_url":"https:\/\/www.umpalai.it\/be\/museum\/pergmandlhaus-museum\/","og_site_name":"Um Palai","article_publisher":"https:\/\/www.facebook.com\/PaludelFersina\/","article_published_time":"2024-04-08T16:25:56+00:00","article_modified_time":"2025-10-08T13:55:08+00:00","og_image":[{"width":2560,"height":1920,"url":"https:\/\/www.umpalai.it\/wp-content\/uploads\/2024\/04\/Museo-Muse-Sperg-Manal-Haus-\u00a9-foto-Daniele-Mosna-9576.webp","type":"image\/webp"}],"author":"Leveloop","twitter_card":"summary_large_image","twitter_misc":{"Written by":"Leveloop","Est. reading time":"4 minutes"},"schema":{"@context":"https:\/\/schema.org","@graph":[{"@type":"Article","@id":"https:\/\/www.umpalai.it\/be\/museum\/pergmandlhaus-museum\/#article","isPartOf":{"@id":"https:\/\/www.umpalai.it\/be\/museum\/pergmandlhaus-museum\/"},"author":{"name":"Leveloop","@id":"https:\/\/www.umpalai.it\/be\/#\/schema\/person\/c4bb30f288911db2984cdac473ab9b88"},"headline":"P\u00e8rgmandlhaus Museum","datePublished":"2024-04-08T16:25:56+00:00","dateModified":"2025-10-08T13:55:08+00:00","mainEntityOfPage":{"@id":"https:\/\/www.umpalai.it\/be\/museum\/pergmandlhaus-museum\/"},"wordCount":438,"image":{"@id":"https:\/\/www.umpalai.it\/be\/museum\/pergmandlhaus-museum\/#primaryimage"},"thumbnailUrl":"https:\/\/www.umpalai.it\/wp-content\/uploads\/2024\/04\/Museo-Muse-Sperg-Manal-Haus-\u00a9-foto-Daniele-Mosna-9576.webp","articleSection":["Museum","Ver de kinder"],"inLanguage":"be-BE"},{"@type":"WebPage","@id":"https:\/\/www.umpalai.it\/be\/museum\/pergmandlhaus-museum\/","url":"https:\/\/www.umpalai.it\/be\/museum\/pergmandlhaus-museum\/","name":"P\u00e8rgmandlhaus Museum - Um Palai","isPartOf":{"@id":"https:\/\/www.umpalai.it\/be\/#website"},"primaryImageOfPage":{"@id":"https:\/\/www.umpalai.it\/be\/museum\/pergmandlhaus-museum\/#primaryimage"},"image":{"@id":"https:\/\/www.umpalai.it\/be\/museum\/pergmandlhaus-museum\/#primaryimage"},"thumbnailUrl":"https:\/\/www.umpalai.it\/wp-content\/uploads\/2024\/04\/Museo-Muse-Sperg-Manal-Haus-\u00a9-foto-Daniele-Mosna-9576.webp","datePublished":"2024-04-08T16:25:56+00:00","dateModified":"2025-10-08T13:55:08+00:00","author":{"@id":"https:\/\/www.umpalai.it\/be\/#\/schema\/person\/c4bb30f288911db2984cdac473ab9b88"},"description":"S ist an tunnel pet de mauern as sechen l\u00f2ng odern va kupfer as stellt vour en de pasuacher der kloa\u2019 museum S P\u00e8rgmandlhaus, as en an nain vurm sechen l\u00f2k de b\u00e8lt van gruam ont s lem van kn\u00f2ppn en Bersntol.","breadcrumb":{"@id":"https:\/\/www.umpalai.it\/be\/museum\/pergmandlhaus-museum\/#breadcrumb"},"inLanguage":"be-BE","potentialAction":[{"@type":"ReadAction","target":["https:\/\/www.umpalai.it\/be\/museum\/pergmandlhaus-museum\/"]}]},{"@type":"ImageObject","inLanguage":"be-BE","@id":"https:\/\/www.umpalai.it\/be\/museum\/pergmandlhaus-museum\/#primaryimage","url":"https:\/\/www.umpalai.it\/wp-content\/uploads\/2024\/04\/Museo-Muse-Sperg-Manal-Haus-\u00a9-foto-Daniele-Mosna-9576.webp","contentUrl":"https:\/\/www.umpalai.it\/wp-content\/uploads\/2024\/04\/Museo-Muse-Sperg-Manal-Haus-\u00a9-foto-Daniele-Mosna-9576.webp","width":2560,"height":1920,"caption":"Museo S P\u00e8rgmandlhaus"},{"@type":"BreadcrumbList","@id":"https:\/\/www.umpalai.it\/be\/museum\/pergmandlhaus-museum\/#breadcrumb","itemListElement":[{"@type":"ListItem","position":1,"name":"Home","item":"https:\/\/www.umpalai.it\/be\/um-palai\/"},{"@type":"ListItem","position":2,"name":"P\u00e8rgmandlhaus Museum"}]},{"@type":"WebSite","@id":"https:\/\/www.umpalai.it\/be\/#website","url":"https:\/\/www.umpalai.it\/be\/","name":"Pal\u00f9 del Fersina","description":"En h\u00e8rz van Bersntol","potentialAction":[{"@type":"SearchAction","target":{"@type":"EntryPoint","urlTemplate":"https:\/\/www.umpalai.it\/be\/?s={search_term_string}"},"query-input":{"@type":"PropertyValueSpecification","valueRequired":true,"valueName":"search_term_string"}}],"inLanguage":"be-BE"},{"@type":"Person","@id":"https:\/\/www.umpalai.it\/be\/#\/schema\/person\/c4bb30f288911db2984cdac473ab9b88","name":"Leveloop","image":{"@type":"ImageObject","inLanguage":"be-BE","@id":"https:\/\/secure.gravatar.com\/avatar\/133c970b7ee8e2c97707f8b51c7448c6a8709e26c293cf3c648efb8cca74ab87?s=96&d=mm&r=g","url":"https:\/\/secure.gravatar.com\/avatar\/133c970b7ee8e2c97707f8b51c7448c6a8709e26c293cf3c648efb8cca74ab87?s=96&d=mm&r=g","contentUrl":"https:\/\/secure.gravatar.com\/avatar\/133c970b7ee8e2c97707f8b51c7448c6a8709e26c293cf3c648efb8cca74ab87?s=96&d=mm&r=g","caption":"Leveloop"}}]}},"_links":{"self":[{"href":"https:\/\/www.umpalai.it\/be\/wp-json\/wp\/v2\/posts\/1273","targetHints":{"allow":["GET"]}}],"collection":[{"href":"https:\/\/www.umpalai.it\/be\/wp-json\/wp\/v2\/posts"}],"about":[{"href":"https:\/\/www.umpalai.it\/be\/wp-json\/wp\/v2\/types\/post"}],"author":[{"embeddable":true,"href":"https:\/\/www.umpalai.it\/be\/wp-json\/wp\/v2\/users\/1"}],"replies":[{"embeddable":true,"href":"https:\/\/www.umpalai.it\/be\/wp-json\/wp\/v2\/comments?post=1273"}],"version-history":[{"count":2,"href":"https:\/\/www.umpalai.it\/be\/wp-json\/wp\/v2\/posts\/1273\/revisions"}],"predecessor-version":[{"id":2534,"href":"https:\/\/www.umpalai.it\/be\/wp-json\/wp\/v2\/posts\/1273\/revisions\/2534"}],"wp:featuredmedia":[{"embeddable":true,"href":"https:\/\/www.umpalai.it\/be\/wp-json\/wp\/v2\/media\/1057"}],"wp:attachment":[{"href":"https:\/\/www.umpalai.it\/be\/wp-json\/wp\/v2\/media?parent=1273"}],"wp:term":[{"taxonomy":"category","embeddable":true,"href":"https:\/\/www.umpalai.it\/be\/wp-json\/wp\/v2\/categories?post=1273"},{"taxonomy":"post_tag","embeddable":true,"href":"https:\/\/www.umpalai.it\/be\/wp-json\/wp\/v2\/tags?post=1273"}],"curies":[{"name":"wp","href":"https:\/\/api.w.org\/{rel}","templated":true}]}}