{"id":64,"count":8,"description":"Entspannen Sie sich an den besten Orten zum \u00dcbernachten in Pal\u00f9 del Fersina. Eine gro\u00dfe Auswahl an gem\u00fctlichen <strong>Hotels<\/strong>, <strong>Bergh\u00fctten<\/strong> und <strong>Alpenh\u00fctten<\/strong> erwartet Sie, die <strong>Komfort<\/strong> und <strong>Entspannung<\/strong> nach einem Tag im Freien bieten.","link":"https:\/\/www.umpalai.it\/de\/wo-man-ubernachten-kann\/","name":"Wo man \u00fcbernachten kann","slug":"wo-man-ubernachten-kann","taxonomy":"category","parent":0,"meta":[],"acf":[],"yoast_head":"<!-- This site is optimized with the Yoast SEO plugin v27.5 - https:\/\/yoast.com\/product\/yoast-seo-wordpress\/ -->\n<title>Wo man \u00fcbernachten kann - Um Palai<\/title>\n<meta name=\"description\" content=\"Entspannen Sie sich an den besten Orten zum \u00dcbernachten in Pal\u00f9 del Fersina. Eine gro\u00dfe Auswahl an gem\u00fctlichen Hotels, Bergh\u00fctten und Alpenh\u00fctten erwartet Sie, die Komfort und Entspannung nach einem Tag im Freien bieten.\" \/>\n<meta name=\"robots\" content=\"index, follow, max-snippet:-1, max-image-preview:large, max-video-preview:-1\" \/>\n<link rel=\"canonical\" href=\"https:\/\/www.umpalai.it\/de\/wo-man-ubernachten-kann\/\" \/>\n<meta property=\"og:locale\" content=\"de_DE\" \/>\n<meta property=\"og:type\" content=\"article\" \/>\n<meta property=\"og:title\" content=\"Wo man \u00fcbernachten kann - Um Palai\" \/>\n<meta property=\"og:description\" content=\"Entspannen Sie sich an den besten Orten zum \u00dcbernachten in Pal\u00f9 del Fersina. Eine gro\u00dfe Auswahl an gem\u00fctlichen Hotels, Bergh\u00fctten und Alpenh\u00fctten erwartet Sie, die Komfort und Entspannung nach einem Tag im Freien bieten.\" \/>\n<meta property=\"og:url\" content=\"https:\/\/www.umpalai.it\/de\/wo-man-ubernachten-kann\/\" \/>\n<meta property=\"og:site_name\" content=\"Um Palai\" \/>\n<meta property=\"og:image\" content=\"https:\/\/www.umpalai.it\/wp-content\/uploads\/2024\/04\/PALu-DEL-FERSINA-\u00a9-foto-Daniele-Mosna-DSC_1542.webp\" \/>\n\t<meta property=\"og:image:width\" content=\"2560\" \/>\n\t<meta property=\"og:image:height\" content=\"1707\" \/>\n\t<meta property=\"og:image:type\" content=\"image\/webp\" \/>\n<meta name=\"twitter:card\" content=\"summary_large_image\" \/>\n<script type=\"application\/ld+json\" class=\"yoast-schema-graph\">{\"@context\":\"https:\\\/\\\/schema.org\",\"@graph\":[{\"@type\":\"CollectionPage\",\"@id\":\"https:\\\/\\\/www.umpalai.it\\\/de\\\/wo-man-ubernachten-kann\\\/\",\"url\":\"https:\\\/\\\/www.umpalai.it\\\/de\\\/wo-man-ubernachten-kann\\\/\",\"name\":\"Wo man \u00fcbernachten kann - Um Palai\",\"isPartOf\":{\"@id\":\"https:\\\/\\\/www.umpalai.it\\\/de\\\/#website\"},\"description\":\"Entspannen Sie sich an den besten Orten zum \u00dcbernachten in Pal\u00f9 del Fersina. Eine gro\u00dfe Auswahl an gem\u00fctlichen Hotels, Bergh\u00fctten und Alpenh\u00fctten erwartet Sie, die Komfort und Entspannung nach einem Tag im Freien bieten.\",\"breadcrumb\":{\"@id\":\"https:\\\/\\\/www.umpalai.it\\\/de\\\/wo-man-ubernachten-kann\\\/#breadcrumb\"},\"inLanguage\":\"de\"},{\"@type\":\"BreadcrumbList\",\"@id\":\"https:\\\/\\\/www.umpalai.it\\\/de\\\/wo-man-ubernachten-kann\\\/#breadcrumb\",\"itemListElement\":[{\"@type\":\"ListItem\",\"position\":1,\"name\":\"Home\",\"item\":\"https:\\\/\\\/www.umpalai.it\\\/de\\\/\"},{\"@type\":\"ListItem\",\"position\":2,\"name\":\"Wo man \u00fcbernachten kann\"}]},{\"@type\":\"WebSite\",\"@id\":\"https:\\\/\\\/www.umpalai.it\\\/de\\\/#website\",\"url\":\"https:\\\/\\\/www.umpalai.it\\\/de\\\/\",\"name\":\"Pal\u00f9 del Fersina\",\"description\":\"Im Herzen des Fersental\",\"publisher\":{\"@id\":\"https:\\\/\\\/www.umpalai.it\\\/de\\\/#organization\"},\"potentialAction\":[{\"@type\":\"SearchAction\",\"target\":{\"@type\":\"EntryPoint\",\"urlTemplate\":\"https:\\\/\\\/www.umpalai.it\\\/de\\\/?s={search_term_string}\"},\"query-input\":{\"@type\":\"PropertyValueSpecification\",\"valueRequired\":true,\"valueName\":\"search_term_string\"}}],\"inLanguage\":\"de\"},{\"@type\":\"Organization\",\"@id\":\"https:\\\/\\\/www.umpalai.it\\\/de\\\/#organization\",\"name\":\"Pal\u00f9 del Fersina\",\"url\":\"https:\\\/\\\/www.umpalai.it\\\/de\\\/\",\"logo\":{\"@type\":\"ImageObject\",\"inLanguage\":\"de\",\"@id\":\"https:\\\/\\\/www.umpalai.it\\\/de\\\/#\\\/schema\\\/logo\\\/image\\\/\",\"url\":\"https:\\\/\\\/www.umpalai.it\\\/wp-content\\\/uploads\\\/2024\\\/04\\\/um-palai.png\",\"contentUrl\":\"https:\\\/\\\/www.umpalai.it\\\/wp-content\\\/uploads\\\/2024\\\/04\\\/um-palai.png\",\"width\":1211,\"height\":823,\"caption\":\"Pal\u00f9 del Fersina\"},\"image\":{\"@id\":\"https:\\\/\\\/www.umpalai.it\\\/de\\\/#\\\/schema\\\/logo\\\/image\\\/\"},\"sameAs\":[\"https:\\\/\\\/www.facebook.com\\\/PaludelFersina\\\/\"]}]}<\/script>\n<!-- \/ Yoast SEO plugin. -->","yoast_head_json":{"title":"Wo man \u00fcbernachten kann - Um Palai","description":"Entspannen Sie sich an den besten Orten zum \u00dcbernachten in Pal\u00f9 del Fersina. Eine gro\u00dfe Auswahl an gem\u00fctlichen Hotels, Bergh\u00fctten und Alpenh\u00fctten erwartet Sie, die Komfort und Entspannung nach einem Tag im Freien bieten.","robots":{"index":"index","follow":"follow","max-snippet":"max-snippet:-1","max-image-preview":"max-image-preview:large","max-video-preview":"max-video-preview:-1"},"canonical":"https:\/\/www.umpalai.it\/de\/wo-man-ubernachten-kann\/","og_locale":"de_DE","og_type":"article","og_title":"Wo man \u00fcbernachten kann - Um Palai","og_description":"Entspannen Sie sich an den besten Orten zum \u00dcbernachten in Pal\u00f9 del Fersina. Eine gro\u00dfe Auswahl an gem\u00fctlichen Hotels, Bergh\u00fctten und Alpenh\u00fctten erwartet Sie, die Komfort und Entspannung nach einem Tag im Freien bieten.","og_url":"https:\/\/www.umpalai.it\/de\/wo-man-ubernachten-kann\/","og_site_name":"Um Palai","og_image":[{"width":2560,"height":1707,"url":"https:\/\/www.umpalai.it\/wp-content\/uploads\/2024\/04\/PALu-DEL-FERSINA-\u00a9-foto-Daniele-Mosna-DSC_1542.webp","type":"image\/webp"}],"twitter_card":"summary_large_image","schema":{"@context":"https:\/\/schema.org","@graph":[{"@type":"CollectionPage","@id":"https:\/\/www.umpalai.it\/de\/wo-man-ubernachten-kann\/","url":"https:\/\/www.umpalai.it\/de\/wo-man-ubernachten-kann\/","name":"Wo man \u00fcbernachten kann - Um Palai","isPartOf":{"@id":"https:\/\/www.umpalai.it\/de\/#website"},"description":"Entspannen Sie sich an den besten Orten zum \u00dcbernachten in Pal\u00f9 del Fersina. Eine gro\u00dfe Auswahl an gem\u00fctlichen Hotels, Bergh\u00fctten und Alpenh\u00fctten erwartet Sie, die Komfort und Entspannung nach einem Tag im Freien bieten.","breadcrumb":{"@id":"https:\/\/www.umpalai.it\/de\/wo-man-ubernachten-kann\/#breadcrumb"},"inLanguage":"de"},{"@type":"BreadcrumbList","@id":"https:\/\/www.umpalai.it\/de\/wo-man-ubernachten-kann\/#breadcrumb","itemListElement":[{"@type":"ListItem","position":1,"name":"Home","item":"https:\/\/www.umpalai.it\/de\/"},{"@type":"ListItem","position":2,"name":"Wo man \u00fcbernachten kann"}]},{"@type":"WebSite","@id":"https:\/\/www.umpalai.it\/de\/#website","url":"https:\/\/www.umpalai.it\/de\/","name":"Pal\u00f9 del Fersina","description":"Im Herzen des Fersental","publisher":{"@id":"https:\/\/www.umpalai.it\/de\/#organization"},"potentialAction":[{"@type":"SearchAction","target":{"@type":"EntryPoint","urlTemplate":"https:\/\/www.umpalai.it\/de\/?s={search_term_string}"},"query-input":{"@type":"PropertyValueSpecification","valueRequired":true,"valueName":"search_term_string"}}],"inLanguage":"de"},{"@type":"Organization","@id":"https:\/\/www.umpalai.it\/de\/#organization","name":"Pal\u00f9 del Fersina","url":"https:\/\/www.umpalai.it\/de\/","logo":{"@type":"ImageObject","inLanguage":"de","@id":"https:\/\/www.umpalai.it\/de\/#\/schema\/logo\/image\/","url":"https:\/\/www.umpalai.it\/wp-content\/uploads\/2024\/04\/um-palai.png","contentUrl":"https:\/\/www.umpalai.it\/wp-content\/uploads\/2024\/04\/um-palai.png","width":1211,"height":823,"caption":"Pal\u00f9 del Fersina"},"image":{"@id":"https:\/\/www.umpalai.it\/de\/#\/schema\/logo\/image\/"},"sameAs":["https:\/\/www.facebook.com\/PaludelFersina\/"]}]}},"_links":{"self":[{"href":"https:\/\/www.umpalai.it\/de\/wp-json\/wp\/v2\/categories\/64","targetHints":{"allow":["GET"]}}],"collection":[{"href":"https:\/\/www.umpalai.it\/de\/wp-json\/wp\/v2\/categories"}],"about":[{"href":"https:\/\/www.umpalai.it\/de\/wp-json\/wp\/v2\/taxonomies\/category"}],"wp:post_type":[{"href":"https:\/\/www.umpalai.it\/de\/wp-json\/wp\/v2\/posts?categories=64"}],"curies":[{"name":"wp","href":"https:\/\/api.w.org\/{rel}","templated":true}]}}