{"id":1003,"date":"2024-05-02T20:31:06","date_gmt":"2024-05-02T20:31:06","guid":{"rendered":"https:\/?p=1003"},"modified":"2025-03-16T20:53:32","modified_gmt":"2025-03-16T20:53:32","slug":"hoff-hutte-2","status":"publish","type":"post","link":"https:\/\/www.umpalai.it\/de\/wo-man-ubernachten-kann\/hoff-hutte-2\/","title":{"rendered":"Fernon H\u00fctte"},"content":{"rendered":"\n<div class=\"wp-block-columns blocco-testo-immagine is-layout-flex wp-container-core-columns-is-layout-9d6595d7 wp-block-columns-is-layout-flex\">\n<div class=\"wp-block-column is-layout-flow wp-block-column-is-layout-flow\">\n<p>Diese H\u00fctte liegt in einer abgeschiedenen Lichtung am Ende des Fersentals und ist der perfekte Ort f\u00fcr Wanderer, Skitourengeher und Naturliebhaber. Im Erdgeschoss gibt es eine K\u00fcche, ein Wohnzimmer und ein Bad mit Dusche, w\u00e4hrend im ersten Stock zwei Doppelzimmer und ein Zweibettzimmer untergebracht sind. Drau\u00dfen k\u00f6nnen die G\u00e4ste einen gro\u00dfen gr\u00fcnen Bereich und einen privaten Parkplatz genie\u00dfen. Der Strom wird durch ein 12V-Solarpanel erzeugt.<\/p>\n\n\n\n<p>Die wichtigsten Dienstleistungen befinden sich nur wenige Kilometer entfernt: Supermarkt, Restaurants und Post in Pal\u00f9 del Fersina (4,5 km), Bank und Apotheke in Sant\u2019Orsola Terme (11 km) sowie weitere Einrichtungen und ein Bahnhof in Pergine Valsugana (18 km). Wassersportler k\u00f6nnen den <strong>Caldonazzo-See<\/strong> (20 km) oder das <strong>Hochplateau von Pin\u00e9<\/strong> (13 km) besuchen, wo es Str\u00e4nde und Freizeitangebote gibt. Sehensw\u00fcrdigkeiten wie die <strong>Erdpyramiden von Segonzano<\/strong> (15 km) und Skigebiete in <strong>Val di Fiemme, Monte Bondone und Panarotta<\/strong> sind in etwa einer Stunde mit dem Auto erreichbar.<\/p>\n\n\n\n<p><strong>CIN:\u00a0IT022133C2YLJU224G<\/strong><\/p>\n<\/div>\n\n\n\n<div class=\"wp-block-column is-layout-flow wp-block-column-is-layout-flow\">\n<figure class=\"wp-block-image size-full\"><img decoding=\"async\" width=\"1600\" height=\"1067\" src=\"https:\/\/umpalai.it\/wp-content\/uploads\/2024\/05\/Baita_Fernon-6.jpg\" alt=\"\" class=\"wp-image-1006\" srcset=\"https:\/\/www.umpalai.it\/wp-content\/uploads\/2024\/05\/Baita_Fernon-6.jpg 1600w, https:\/\/www.umpalai.it\/wp-content\/uploads\/2024\/05\/Baita_Fernon-6-300x200.jpg 300w, https:\/\/www.umpalai.it\/wp-content\/uploads\/2024\/05\/Baita_Fernon-6-1024x683.jpg 1024w, https:\/\/www.umpalai.it\/wp-content\/uploads\/2024\/05\/Baita_Fernon-6-768x512.jpg 768w, https:\/\/www.umpalai.it\/wp-content\/uploads\/2024\/05\/Baita_Fernon-6-1536x1024.jpg 1536w\" sizes=\"(max-width: 1600px) 100vw, 1600px\" \/><\/figure>\n<\/div>\n<\/div>\n\n\n\n<div class=\"wp-block-columns blocco-titolo-testo is-layout-flex wp-container-core-columns-is-layout-9d6595d7 wp-block-columns-is-layout-flex\">\n<div class=\"wp-block-column is-layout-flow wp-block-column-is-layout-flow\">\n<h2 class=\"wp-block-heading\"><strong><strong>Buchen oder fordern Informationen an<\/strong><\/strong><br>Vacanze in Baita<\/h2>\n<\/div>\n\n\n\n<div class=\"wp-block-column is-layout-flow wp-block-column-is-layout-flow\">\n<p>F\u00fcr Informationen und Reservierungen kontaktieren Sie bitte die Nummer <strong>+ 39 328 737 4230<\/strong>.<\/p>\n<\/div>\n<\/div>\n","protected":false},"excerpt":{"rendered":"<p>Diese H\u00fctte liegt in einer abgeschiedenen Lichtung am Ende des Fersentals und ist der perfekte Ort f\u00fcr Wanderer, Skitourengeher und Naturliebhaber. Im Erdgeschoss gibt es eine K\u00fcche, ein Wohnzimmer und ein Bad mit Dusche, w\u00e4hrend im ersten Stock zwei Doppelzimmer und ein Zweibettzimmer untergebracht sind. Drau\u00dfen k\u00f6nnen die G\u00e4ste einen gro\u00dfen gr\u00fcnen Bereich und einen [&hellip;]<\/p>\n","protected":false},"author":1,"featured_media":1009,"comment_status":"closed","ping_status":"open","sticky":false,"template":"","format":"standard","meta":{"_acf_changed":false,"footnotes":""},"categories":[64],"tags":[],"class_list":["post-1003","post","type-post","status-publish","format-standard","has-post-thumbnail","hentry","category-wo-man-ubernachten-kann"],"acf":[],"yoast_head":"<!-- This site is optimized with the Yoast SEO plugin v27.5 - https:\/\/yoast.com\/product\/yoast-seo-wordpress\/ -->\n<title>Fernon H\u00fctte - Um Palai<\/title>\n<meta name=\"description\" content=\"In ruhiger und abgeschiedener Lage in einer Lichtung am Ende des Valle dei Mocheni gelegen. Ideal f\u00fcr Wanderer, Skitourenl\u00e4ufer, Naturliebhaber und Trekking-Enthusiasten.\" \/>\n<meta name=\"robots\" content=\"index, follow, max-snippet:-1, max-image-preview:large, max-video-preview:-1\" \/>\n<link rel=\"canonical\" href=\"https:\/\/www.umpalai.it\/de\/wo-man-ubernachten-kann\/hoff-hutte-2\/\" \/>\n<meta property=\"og:locale\" content=\"de_DE\" \/>\n<meta property=\"og:type\" content=\"article\" \/>\n<meta property=\"og:title\" content=\"Fernon H\u00fctte - Um Palai\" \/>\n<meta property=\"og:description\" content=\"In ruhiger und abgeschiedener Lage in einer Lichtung am Ende des Valle dei Mocheni gelegen. Ideal f\u00fcr Wanderer, Skitourenl\u00e4ufer, Naturliebhaber und Trekking-Enthusiasten.\" \/>\n<meta property=\"og:url\" content=\"https:\/\/www.umpalai.it\/de\/wo-man-ubernachten-kann\/hoff-hutte-2\/\" \/>\n<meta property=\"og:site_name\" content=\"Um Palai\" \/>\n<meta property=\"article:publisher\" content=\"https:\/\/www.facebook.com\/PaludelFersina\/\" \/>\n<meta property=\"article:published_time\" content=\"2024-05-02T20:31:06+00:00\" \/>\n<meta property=\"article:modified_time\" content=\"2025-03-16T20:53:32+00:00\" \/>\n<meta property=\"og:image\" content=\"https:\/\/www.umpalai.it\/wp-content\/uploads\/2024\/05\/Baita_Fernon-8.webp\" \/>\n\t<meta property=\"og:image:width\" content=\"1600\" \/>\n\t<meta property=\"og:image:height\" content=\"1067\" \/>\n\t<meta property=\"og:image:type\" content=\"image\/webp\" \/>\n<meta name=\"author\" content=\"Leveloop\" \/>\n<meta name=\"twitter:card\" content=\"summary_large_image\" \/>\n<meta name=\"twitter:label1\" content=\"Verfasst von\" \/>\n\t<meta name=\"twitter:data1\" content=\"Leveloop\" \/>\n\t<meta name=\"twitter:label2\" content=\"Gesch\u00e4tzte Lesezeit\" \/>\n\t<meta name=\"twitter:data2\" content=\"1\u00a0Minute\" \/>\n<script type=\"application\/ld+json\" class=\"yoast-schema-graph\">{\"@context\":\"https:\\\/\\\/schema.org\",\"@graph\":[{\"@type\":\"Article\",\"@id\":\"https:\\\/\\\/www.umpalai.it\\\/de\\\/wo-man-ubernachten-kann\\\/hoff-hutte-2\\\/#article\",\"isPartOf\":{\"@id\":\"https:\\\/\\\/www.umpalai.it\\\/de\\\/wo-man-ubernachten-kann\\\/hoff-hutte-2\\\/\"},\"author\":{\"name\":\"Leveloop\",\"@id\":\"https:\\\/\\\/www.umpalai.it\\\/de\\\/#\\\/schema\\\/person\\\/c4bb30f288911db2984cdac473ab9b88\"},\"headline\":\"Fernon H\u00fctte\",\"datePublished\":\"2024-05-02T20:31:06+00:00\",\"dateModified\":\"2025-03-16T20:53:32+00:00\",\"mainEntityOfPage\":{\"@id\":\"https:\\\/\\\/www.umpalai.it\\\/de\\\/wo-man-ubernachten-kann\\\/hoff-hutte-2\\\/\"},\"wordCount\":184,\"publisher\":{\"@id\":\"https:\\\/\\\/www.umpalai.it\\\/de\\\/#organization\"},\"image\":{\"@id\":\"https:\\\/\\\/www.umpalai.it\\\/de\\\/wo-man-ubernachten-kann\\\/hoff-hutte-2\\\/#primaryimage\"},\"thumbnailUrl\":\"https:\\\/\\\/www.umpalai.it\\\/wp-content\\\/uploads\\\/2024\\\/05\\\/Baita_Fernon-8.webp\",\"articleSection\":[\"Wo man \u00fcbernachten kann\"],\"inLanguage\":\"de\"},{\"@type\":\"WebPage\",\"@id\":\"https:\\\/\\\/www.umpalai.it\\\/de\\\/wo-man-ubernachten-kann\\\/hoff-hutte-2\\\/\",\"url\":\"https:\\\/\\\/www.umpalai.it\\\/de\\\/wo-man-ubernachten-kann\\\/hoff-hutte-2\\\/\",\"name\":\"Fernon H\u00fctte - Um Palai\",\"isPartOf\":{\"@id\":\"https:\\\/\\\/www.umpalai.it\\\/de\\\/#website\"},\"primaryImageOfPage\":{\"@id\":\"https:\\\/\\\/www.umpalai.it\\\/de\\\/wo-man-ubernachten-kann\\\/hoff-hutte-2\\\/#primaryimage\"},\"image\":{\"@id\":\"https:\\\/\\\/www.umpalai.it\\\/de\\\/wo-man-ubernachten-kann\\\/hoff-hutte-2\\\/#primaryimage\"},\"thumbnailUrl\":\"https:\\\/\\\/www.umpalai.it\\\/wp-content\\\/uploads\\\/2024\\\/05\\\/Baita_Fernon-8.webp\",\"datePublished\":\"2024-05-02T20:31:06+00:00\",\"dateModified\":\"2025-03-16T20:53:32+00:00\",\"description\":\"In ruhiger und abgeschiedener Lage in einer Lichtung am Ende des Valle dei Mocheni gelegen. Ideal f\u00fcr Wanderer, Skitourenl\u00e4ufer, Naturliebhaber und Trekking-Enthusiasten.\",\"breadcrumb\":{\"@id\":\"https:\\\/\\\/www.umpalai.it\\\/de\\\/wo-man-ubernachten-kann\\\/hoff-hutte-2\\\/#breadcrumb\"},\"inLanguage\":\"de\",\"potentialAction\":[{\"@type\":\"ReadAction\",\"target\":[\"https:\\\/\\\/www.umpalai.it\\\/de\\\/wo-man-ubernachten-kann\\\/hoff-hutte-2\\\/\"]}]},{\"@type\":\"ImageObject\",\"inLanguage\":\"de\",\"@id\":\"https:\\\/\\\/www.umpalai.it\\\/de\\\/wo-man-ubernachten-kann\\\/hoff-hutte-2\\\/#primaryimage\",\"url\":\"https:\\\/\\\/www.umpalai.it\\\/wp-content\\\/uploads\\\/2024\\\/05\\\/Baita_Fernon-8.webp\",\"contentUrl\":\"https:\\\/\\\/www.umpalai.it\\\/wp-content\\\/uploads\\\/2024\\\/05\\\/Baita_Fernon-8.webp\",\"width\":1600,\"height\":1067,\"caption\":\"Baita Fernon\"},{\"@type\":\"BreadcrumbList\",\"@id\":\"https:\\\/\\\/www.umpalai.it\\\/de\\\/wo-man-ubernachten-kann\\\/hoff-hutte-2\\\/#breadcrumb\",\"itemListElement\":[{\"@type\":\"ListItem\",\"position\":1,\"name\":\"Home\",\"item\":\"https:\\\/\\\/www.umpalai.it\\\/de\\\/\"},{\"@type\":\"ListItem\",\"position\":2,\"name\":\"Fernon H\u00fctte\"}]},{\"@type\":\"WebSite\",\"@id\":\"https:\\\/\\\/www.umpalai.it\\\/de\\\/#website\",\"url\":\"https:\\\/\\\/www.umpalai.it\\\/de\\\/\",\"name\":\"Pal\u00f9 del Fersina\",\"description\":\"Im Herzen des Fersental\",\"publisher\":{\"@id\":\"https:\\\/\\\/www.umpalai.it\\\/de\\\/#organization\"},\"potentialAction\":[{\"@type\":\"SearchAction\",\"target\":{\"@type\":\"EntryPoint\",\"urlTemplate\":\"https:\\\/\\\/www.umpalai.it\\\/de\\\/?s={search_term_string}\"},\"query-input\":{\"@type\":\"PropertyValueSpecification\",\"valueRequired\":true,\"valueName\":\"search_term_string\"}}],\"inLanguage\":\"de\"},{\"@type\":\"Organization\",\"@id\":\"https:\\\/\\\/www.umpalai.it\\\/de\\\/#organization\",\"name\":\"Pal\u00f9 del Fersina\",\"url\":\"https:\\\/\\\/www.umpalai.it\\\/de\\\/\",\"logo\":{\"@type\":\"ImageObject\",\"inLanguage\":\"de\",\"@id\":\"https:\\\/\\\/www.umpalai.it\\\/de\\\/#\\\/schema\\\/logo\\\/image\\\/\",\"url\":\"https:\\\/\\\/www.umpalai.it\\\/wp-content\\\/uploads\\\/2024\\\/04\\\/um-palai.png\",\"contentUrl\":\"https:\\\/\\\/www.umpalai.it\\\/wp-content\\\/uploads\\\/2024\\\/04\\\/um-palai.png\",\"width\":1211,\"height\":823,\"caption\":\"Pal\u00f9 del Fersina\"},\"image\":{\"@id\":\"https:\\\/\\\/www.umpalai.it\\\/de\\\/#\\\/schema\\\/logo\\\/image\\\/\"},\"sameAs\":[\"https:\\\/\\\/www.facebook.com\\\/PaludelFersina\\\/\"]},{\"@type\":\"Person\",\"@id\":\"https:\\\/\\\/www.umpalai.it\\\/de\\\/#\\\/schema\\\/person\\\/c4bb30f288911db2984cdac473ab9b88\",\"name\":\"Leveloop\",\"image\":{\"@type\":\"ImageObject\",\"inLanguage\":\"de\",\"@id\":\"https:\\\/\\\/secure.gravatar.com\\\/avatar\\\/133c970b7ee8e2c97707f8b51c7448c6a8709e26c293cf3c648efb8cca74ab87?s=96&d=mm&r=g\",\"url\":\"https:\\\/\\\/secure.gravatar.com\\\/avatar\\\/133c970b7ee8e2c97707f8b51c7448c6a8709e26c293cf3c648efb8cca74ab87?s=96&d=mm&r=g\",\"contentUrl\":\"https:\\\/\\\/secure.gravatar.com\\\/avatar\\\/133c970b7ee8e2c97707f8b51c7448c6a8709e26c293cf3c648efb8cca74ab87?s=96&d=mm&r=g\",\"caption\":\"Leveloop\"}}]}<\/script>\n<!-- \/ Yoast SEO plugin. -->","yoast_head_json":{"title":"Fernon H\u00fctte - Um Palai","description":"In ruhiger und abgeschiedener Lage in einer Lichtung am Ende des Valle dei Mocheni gelegen. Ideal f\u00fcr Wanderer, Skitourenl\u00e4ufer, Naturliebhaber und Trekking-Enthusiasten.","robots":{"index":"index","follow":"follow","max-snippet":"max-snippet:-1","max-image-preview":"max-image-preview:large","max-video-preview":"max-video-preview:-1"},"canonical":"https:\/\/www.umpalai.it\/de\/wo-man-ubernachten-kann\/hoff-hutte-2\/","og_locale":"de_DE","og_type":"article","og_title":"Fernon H\u00fctte - Um Palai","og_description":"In ruhiger und abgeschiedener Lage in einer Lichtung am Ende des Valle dei Mocheni gelegen. Ideal f\u00fcr Wanderer, Skitourenl\u00e4ufer, Naturliebhaber und Trekking-Enthusiasten.","og_url":"https:\/\/www.umpalai.it\/de\/wo-man-ubernachten-kann\/hoff-hutte-2\/","og_site_name":"Um Palai","article_publisher":"https:\/\/www.facebook.com\/PaludelFersina\/","article_published_time":"2024-05-02T20:31:06+00:00","article_modified_time":"2025-03-16T20:53:32+00:00","og_image":[{"width":1600,"height":1067,"url":"https:\/\/www.umpalai.it\/wp-content\/uploads\/2024\/05\/Baita_Fernon-8.webp","type":"image\/webp"}],"author":"Leveloop","twitter_card":"summary_large_image","twitter_misc":{"Verfasst von":"Leveloop","Gesch\u00e4tzte Lesezeit":"1\u00a0Minute"},"schema":{"@context":"https:\/\/schema.org","@graph":[{"@type":"Article","@id":"https:\/\/www.umpalai.it\/de\/wo-man-ubernachten-kann\/hoff-hutte-2\/#article","isPartOf":{"@id":"https:\/\/www.umpalai.it\/de\/wo-man-ubernachten-kann\/hoff-hutte-2\/"},"author":{"name":"Leveloop","@id":"https:\/\/www.umpalai.it\/de\/#\/schema\/person\/c4bb30f288911db2984cdac473ab9b88"},"headline":"Fernon H\u00fctte","datePublished":"2024-05-02T20:31:06+00:00","dateModified":"2025-03-16T20:53:32+00:00","mainEntityOfPage":{"@id":"https:\/\/www.umpalai.it\/de\/wo-man-ubernachten-kann\/hoff-hutte-2\/"},"wordCount":184,"publisher":{"@id":"https:\/\/www.umpalai.it\/de\/#organization"},"image":{"@id":"https:\/\/www.umpalai.it\/de\/wo-man-ubernachten-kann\/hoff-hutte-2\/#primaryimage"},"thumbnailUrl":"https:\/\/www.umpalai.it\/wp-content\/uploads\/2024\/05\/Baita_Fernon-8.webp","articleSection":["Wo man \u00fcbernachten kann"],"inLanguage":"de"},{"@type":"WebPage","@id":"https:\/\/www.umpalai.it\/de\/wo-man-ubernachten-kann\/hoff-hutte-2\/","url":"https:\/\/www.umpalai.it\/de\/wo-man-ubernachten-kann\/hoff-hutte-2\/","name":"Fernon H\u00fctte - Um Palai","isPartOf":{"@id":"https:\/\/www.umpalai.it\/de\/#website"},"primaryImageOfPage":{"@id":"https:\/\/www.umpalai.it\/de\/wo-man-ubernachten-kann\/hoff-hutte-2\/#primaryimage"},"image":{"@id":"https:\/\/www.umpalai.it\/de\/wo-man-ubernachten-kann\/hoff-hutte-2\/#primaryimage"},"thumbnailUrl":"https:\/\/www.umpalai.it\/wp-content\/uploads\/2024\/05\/Baita_Fernon-8.webp","datePublished":"2024-05-02T20:31:06+00:00","dateModified":"2025-03-16T20:53:32+00:00","description":"In ruhiger und abgeschiedener Lage in einer Lichtung am Ende des Valle dei Mocheni gelegen. Ideal f\u00fcr Wanderer, Skitourenl\u00e4ufer, Naturliebhaber und Trekking-Enthusiasten.","breadcrumb":{"@id":"https:\/\/www.umpalai.it\/de\/wo-man-ubernachten-kann\/hoff-hutte-2\/#breadcrumb"},"inLanguage":"de","potentialAction":[{"@type":"ReadAction","target":["https:\/\/www.umpalai.it\/de\/wo-man-ubernachten-kann\/hoff-hutte-2\/"]}]},{"@type":"ImageObject","inLanguage":"de","@id":"https:\/\/www.umpalai.it\/de\/wo-man-ubernachten-kann\/hoff-hutte-2\/#primaryimage","url":"https:\/\/www.umpalai.it\/wp-content\/uploads\/2024\/05\/Baita_Fernon-8.webp","contentUrl":"https:\/\/www.umpalai.it\/wp-content\/uploads\/2024\/05\/Baita_Fernon-8.webp","width":1600,"height":1067,"caption":"Baita Fernon"},{"@type":"BreadcrumbList","@id":"https:\/\/www.umpalai.it\/de\/wo-man-ubernachten-kann\/hoff-hutte-2\/#breadcrumb","itemListElement":[{"@type":"ListItem","position":1,"name":"Home","item":"https:\/\/www.umpalai.it\/de\/"},{"@type":"ListItem","position":2,"name":"Fernon H\u00fctte"}]},{"@type":"WebSite","@id":"https:\/\/www.umpalai.it\/de\/#website","url":"https:\/\/www.umpalai.it\/de\/","name":"Pal\u00f9 del Fersina","description":"Im Herzen des Fersental","publisher":{"@id":"https:\/\/www.umpalai.it\/de\/#organization"},"potentialAction":[{"@type":"SearchAction","target":{"@type":"EntryPoint","urlTemplate":"https:\/\/www.umpalai.it\/de\/?s={search_term_string}"},"query-input":{"@type":"PropertyValueSpecification","valueRequired":true,"valueName":"search_term_string"}}],"inLanguage":"de"},{"@type":"Organization","@id":"https:\/\/www.umpalai.it\/de\/#organization","name":"Pal\u00f9 del Fersina","url":"https:\/\/www.umpalai.it\/de\/","logo":{"@type":"ImageObject","inLanguage":"de","@id":"https:\/\/www.umpalai.it\/de\/#\/schema\/logo\/image\/","url":"https:\/\/www.umpalai.it\/wp-content\/uploads\/2024\/04\/um-palai.png","contentUrl":"https:\/\/www.umpalai.it\/wp-content\/uploads\/2024\/04\/um-palai.png","width":1211,"height":823,"caption":"Pal\u00f9 del Fersina"},"image":{"@id":"https:\/\/www.umpalai.it\/de\/#\/schema\/logo\/image\/"},"sameAs":["https:\/\/www.facebook.com\/PaludelFersina\/"]},{"@type":"Person","@id":"https:\/\/www.umpalai.it\/de\/#\/schema\/person\/c4bb30f288911db2984cdac473ab9b88","name":"Leveloop","image":{"@type":"ImageObject","inLanguage":"de","@id":"https:\/\/secure.gravatar.com\/avatar\/133c970b7ee8e2c97707f8b51c7448c6a8709e26c293cf3c648efb8cca74ab87?s=96&d=mm&r=g","url":"https:\/\/secure.gravatar.com\/avatar\/133c970b7ee8e2c97707f8b51c7448c6a8709e26c293cf3c648efb8cca74ab87?s=96&d=mm&r=g","contentUrl":"https:\/\/secure.gravatar.com\/avatar\/133c970b7ee8e2c97707f8b51c7448c6a8709e26c293cf3c648efb8cca74ab87?s=96&d=mm&r=g","caption":"Leveloop"}}]}},"_links":{"self":[{"href":"https:\/\/www.umpalai.it\/de\/wp-json\/wp\/v2\/posts\/1003","targetHints":{"allow":["GET"]}}],"collection":[{"href":"https:\/\/www.umpalai.it\/de\/wp-json\/wp\/v2\/posts"}],"about":[{"href":"https:\/\/www.umpalai.it\/de\/wp-json\/wp\/v2\/types\/post"}],"author":[{"embeddable":true,"href":"https:\/\/www.umpalai.it\/de\/wp-json\/wp\/v2\/users\/1"}],"replies":[{"embeddable":true,"href":"https:\/\/www.umpalai.it\/de\/wp-json\/wp\/v2\/comments?post=1003"}],"version-history":[{"count":4,"href":"https:\/\/www.umpalai.it\/de\/wp-json\/wp\/v2\/posts\/1003\/revisions"}],"predecessor-version":[{"id":2136,"href":"https:\/\/www.umpalai.it\/de\/wp-json\/wp\/v2\/posts\/1003\/revisions\/2136"}],"wp:featuredmedia":[{"embeddable":true,"href":"https:\/\/www.umpalai.it\/de\/wp-json\/wp\/v2\/media\/1009"}],"wp:attachment":[{"href":"https:\/\/www.umpalai.it\/de\/wp-json\/wp\/v2\/media?parent=1003"}],"wp:term":[{"taxonomy":"category","embeddable":true,"href":"https:\/\/www.umpalai.it\/de\/wp-json\/wp\/v2\/categories?post=1003"},{"taxonomy":"post_tag","embeddable":true,"href":"https:\/\/www.umpalai.it\/de\/wp-json\/wp\/v2\/tags?post=1003"}],"curies":[{"name":"wp","href":"https:\/\/api.w.org\/{rel}","templated":true}]}}