{"id":1207,"date":"2025-03-11T14:54:46","date_gmt":"2025-03-11T14:54:46","guid":{"rendered":"https:\/?p=1207"},"modified":"2025-03-11T14:55:13","modified_gmt":"2025-03-11T14:55:13","slug":"nuovo-sito-valledeimocheni","status":"publish","type":"post","link":"https:\/\/www.umpalai.it\/de\/nachricht\/nuovo-sito-valledeimocheni\/","title":{"rendered":"Neue Website des Valle dei M\u00f2cheni"},"content":{"rendered":"\n<div class=\"wp-block-columns is-layout-flex wp-container-core-columns-is-layout-9d6595d7 wp-block-columns-is-layout-flex\">\n<div class=\"wp-block-column is-layout-flow wp-block-column-is-layout-flow\">\n<p>Die neue Website <strong>valledeimocheni.com<\/strong> ist eine umfassende Ressource, um das Valle dei M\u00f2cheni zu erkunden. Sie bietet detaillierte Informationen zu Erlebnissen wie Wanderungen, Museen, Restaurants und Unterk\u00fcnften und hilft den Besuchern, ihre Reise einfach und gr\u00fcndlich zu planen.<\/p>\n\n\n\n<p>Die Seite hebt die nat\u00fcrliche und kulturelle Sch\u00f6nheit des Tals hervor, bietet Wanderungen an, informiert \u00fcber die lokale Geschichte und die M\u00f2chena-Kultur und gibt Empfehlungen, um typische Gerichte zu genie\u00dfen und in gem\u00fctlichen Unterk\u00fcnften zu \u00fcbernachten.<\/p>\n\n\n\n<p>Mit einem intuitiven Design erm\u00f6glicht die Website eine einfache Navigation durch die verschiedenen touristischen Angebote und f\u00f6rdert das gesamte Tal als das ideale Ziel f\u00fcr alle, die eine Auszeit in der Natur und in den Traditionen Trentino suchen.<\/p>\n\n\n\n<div class=\"wp-block-buttons is-layout-flex wp-block-buttons-is-layout-flex\">\n<div class=\"wp-block-button\"><a class=\"wp-block-button__link wp-element-button\" href=\"https:\/\/www.valledeimocheni.com\/\">Besuche die Website<\/a><\/div>\n<\/div>\n<\/div>\n<\/div>\n","protected":false},"excerpt":{"rendered":"<p>Die neue Website valledeimocheni.com ist eine umfassende Ressource, um das Valle dei M\u00f2cheni zu erkunden. Sie bietet detaillierte Informationen zu Erlebnissen wie Wanderungen, Museen, Restaurants und Unterk\u00fcnften und hilft den Besuchern, ihre Reise einfach und gr\u00fcndlich zu planen. Die Seite hebt die nat\u00fcrliche und kulturelle Sch\u00f6nheit des Tals hervor, bietet Wanderungen an, informiert \u00fcber die [&hellip;]<\/p>\n","protected":false},"author":1,"featured_media":2115,"comment_status":"closed","ping_status":"open","sticky":false,"template":"","format":"standard","meta":{"_acf_changed":false,"footnotes":""},"categories":[47],"tags":[],"class_list":["post-1207","post","type-post","status-publish","format-standard","has-post-thumbnail","hentry","category-nachricht"],"acf":[],"yoast_head":"<!-- This site is optimized with the Yoast SEO plugin v27.5 - https:\/\/yoast.com\/product\/yoast-seo-wordpress\/ -->\n<title>Neue Website des Valle dei M\u00f2cheni - Um Palai<\/title>\n<meta name=\"description\" content=\"Il comune di Pal\u00f9 del Fersina ha lanciato il sito web &quot;Umpalai&quot;, dedicato alla promozione turistica del territorio. Il sito, disponibile all&#039;indirizzo www.umpalai.it, offre una panoramica completa dei musei, delle attrazioni locali, dai sentieri escursionistici ai siti storici, e molto altro, con l&#039;obiettivo di attirare un numero crescente di visitatori.\" \/>\n<meta name=\"robots\" content=\"index, follow, max-snippet:-1, max-image-preview:large, max-video-preview:-1\" \/>\n<link rel=\"canonical\" href=\"https:\/\/www.umpalai.it\/de\/nachricht\/nuovo-sito-valledeimocheni\/\" \/>\n<meta property=\"og:locale\" content=\"de_DE\" \/>\n<meta property=\"og:type\" content=\"article\" \/>\n<meta property=\"og:title\" content=\"Neue Website des Valle dei M\u00f2cheni - Um Palai\" \/>\n<meta property=\"og:description\" content=\"Il comune di Pal\u00f9 del Fersina ha lanciato il sito web &quot;Umpalai&quot;, dedicato alla promozione turistica del territorio. Il sito, disponibile all&#039;indirizzo www.umpalai.it, offre una panoramica completa dei musei, delle attrazioni locali, dai sentieri escursionistici ai siti storici, e molto altro, con l&#039;obiettivo di attirare un numero crescente di visitatori.\" \/>\n<meta property=\"og:url\" content=\"https:\/\/www.umpalai.it\/de\/nachricht\/nuovo-sito-valledeimocheni\/\" \/>\n<meta property=\"og:site_name\" content=\"Um Palai\" \/>\n<meta property=\"article:publisher\" content=\"https:\/\/www.facebook.com\/PaludelFersina\/\" \/>\n<meta property=\"article:published_time\" content=\"2025-03-11T14:54:46+00:00\" \/>\n<meta property=\"article:modified_time\" content=\"2025-03-11T14:55:13+00:00\" \/>\n<meta property=\"og:image\" content=\"https:\/\/www.umpalai.it\/wp-content\/uploads\/2024\/05\/Screenshot-2025-03-11-alle-15.44.54.webp\" \/>\n\t<meta property=\"og:image:width\" content=\"2560\" \/>\n\t<meta property=\"og:image:height\" content=\"1438\" \/>\n\t<meta property=\"og:image:type\" content=\"image\/webp\" \/>\n<meta name=\"author\" content=\"Leveloop\" \/>\n<meta name=\"twitter:card\" content=\"summary_large_image\" \/>\n<meta name=\"twitter:label1\" content=\"Verfasst von\" \/>\n\t<meta name=\"twitter:data1\" content=\"Leveloop\" \/>\n\t<meta name=\"twitter:label2\" content=\"Gesch\u00e4tzte Lesezeit\" \/>\n\t<meta name=\"twitter:data2\" content=\"1\u00a0Minute\" \/>\n<script type=\"application\/ld+json\" class=\"yoast-schema-graph\">{\"@context\":\"https:\\\/\\\/schema.org\",\"@graph\":[{\"@type\":\"Article\",\"@id\":\"https:\\\/\\\/www.umpalai.it\\\/de\\\/nachricht\\\/nuovo-sito-valledeimocheni\\\/#article\",\"isPartOf\":{\"@id\":\"https:\\\/\\\/www.umpalai.it\\\/de\\\/nachricht\\\/nuovo-sito-valledeimocheni\\\/\"},\"author\":{\"name\":\"Leveloop\",\"@id\":\"https:\\\/\\\/www.umpalai.it\\\/de\\\/#\\\/schema\\\/person\\\/c4bb30f288911db2984cdac473ab9b88\"},\"headline\":\"Neue Website des Valle dei M\u00f2cheni\",\"datePublished\":\"2025-03-11T14:54:46+00:00\",\"dateModified\":\"2025-03-11T14:55:13+00:00\",\"mainEntityOfPage\":{\"@id\":\"https:\\\/\\\/www.umpalai.it\\\/de\\\/nachricht\\\/nuovo-sito-valledeimocheni\\\/\"},\"wordCount\":135,\"publisher\":{\"@id\":\"https:\\\/\\\/www.umpalai.it\\\/de\\\/#organization\"},\"image\":{\"@id\":\"https:\\\/\\\/www.umpalai.it\\\/de\\\/nachricht\\\/nuovo-sito-valledeimocheni\\\/#primaryimage\"},\"thumbnailUrl\":\"https:\\\/\\\/www.umpalai.it\\\/wp-content\\\/uploads\\\/2024\\\/05\\\/Screenshot-2025-03-11-alle-15.44.54.webp\",\"articleSection\":[\"Nachricht\"],\"inLanguage\":\"de\"},{\"@type\":\"WebPage\",\"@id\":\"https:\\\/\\\/www.umpalai.it\\\/de\\\/nachricht\\\/nuovo-sito-valledeimocheni\\\/\",\"url\":\"https:\\\/\\\/www.umpalai.it\\\/de\\\/nachricht\\\/nuovo-sito-valledeimocheni\\\/\",\"name\":\"Neue Website des Valle dei M\u00f2cheni - Um Palai\",\"isPartOf\":{\"@id\":\"https:\\\/\\\/www.umpalai.it\\\/de\\\/#website\"},\"primaryImageOfPage\":{\"@id\":\"https:\\\/\\\/www.umpalai.it\\\/de\\\/nachricht\\\/nuovo-sito-valledeimocheni\\\/#primaryimage\"},\"image\":{\"@id\":\"https:\\\/\\\/www.umpalai.it\\\/de\\\/nachricht\\\/nuovo-sito-valledeimocheni\\\/#primaryimage\"},\"thumbnailUrl\":\"https:\\\/\\\/www.umpalai.it\\\/wp-content\\\/uploads\\\/2024\\\/05\\\/Screenshot-2025-03-11-alle-15.44.54.webp\",\"datePublished\":\"2025-03-11T14:54:46+00:00\",\"dateModified\":\"2025-03-11T14:55:13+00:00\",\"description\":\"Il comune di Pal\u00f9 del Fersina ha lanciato il sito web \\\"Umpalai\\\", dedicato alla promozione turistica del territorio. Il sito, disponibile all'indirizzo www.umpalai.it, offre una panoramica completa dei musei, delle attrazioni locali, dai sentieri escursionistici ai siti storici, e molto altro, con l'obiettivo di attirare un numero crescente di visitatori.\",\"breadcrumb\":{\"@id\":\"https:\\\/\\\/www.umpalai.it\\\/de\\\/nachricht\\\/nuovo-sito-valledeimocheni\\\/#breadcrumb\"},\"inLanguage\":\"de\",\"potentialAction\":[{\"@type\":\"ReadAction\",\"target\":[\"https:\\\/\\\/www.umpalai.it\\\/de\\\/nachricht\\\/nuovo-sito-valledeimocheni\\\/\"]}]},{\"@type\":\"ImageObject\",\"inLanguage\":\"de\",\"@id\":\"https:\\\/\\\/www.umpalai.it\\\/de\\\/nachricht\\\/nuovo-sito-valledeimocheni\\\/#primaryimage\",\"url\":\"https:\\\/\\\/www.umpalai.it\\\/wp-content\\\/uploads\\\/2024\\\/05\\\/Screenshot-2025-03-11-alle-15.44.54.webp\",\"contentUrl\":\"https:\\\/\\\/www.umpalai.it\\\/wp-content\\\/uploads\\\/2024\\\/05\\\/Screenshot-2025-03-11-alle-15.44.54.webp\",\"width\":2560,\"height\":1438,\"caption\":\"Sito Valle dei M\u00f2cheni\"},{\"@type\":\"BreadcrumbList\",\"@id\":\"https:\\\/\\\/www.umpalai.it\\\/de\\\/nachricht\\\/nuovo-sito-valledeimocheni\\\/#breadcrumb\",\"itemListElement\":[{\"@type\":\"ListItem\",\"position\":1,\"name\":\"Home\",\"item\":\"https:\\\/\\\/www.umpalai.it\\\/de\\\/\"},{\"@type\":\"ListItem\",\"position\":2,\"name\":\"Neue Website des Valle dei M\u00f2cheni\"}]},{\"@type\":\"WebSite\",\"@id\":\"https:\\\/\\\/www.umpalai.it\\\/de\\\/#website\",\"url\":\"https:\\\/\\\/www.umpalai.it\\\/de\\\/\",\"name\":\"Pal\u00f9 del Fersina\",\"description\":\"Im Herzen des Fersental\",\"publisher\":{\"@id\":\"https:\\\/\\\/www.umpalai.it\\\/de\\\/#organization\"},\"potentialAction\":[{\"@type\":\"SearchAction\",\"target\":{\"@type\":\"EntryPoint\",\"urlTemplate\":\"https:\\\/\\\/www.umpalai.it\\\/de\\\/?s={search_term_string}\"},\"query-input\":{\"@type\":\"PropertyValueSpecification\",\"valueRequired\":true,\"valueName\":\"search_term_string\"}}],\"inLanguage\":\"de\"},{\"@type\":\"Organization\",\"@id\":\"https:\\\/\\\/www.umpalai.it\\\/de\\\/#organization\",\"name\":\"Pal\u00f9 del Fersina\",\"url\":\"https:\\\/\\\/www.umpalai.it\\\/de\\\/\",\"logo\":{\"@type\":\"ImageObject\",\"inLanguage\":\"de\",\"@id\":\"https:\\\/\\\/www.umpalai.it\\\/de\\\/#\\\/schema\\\/logo\\\/image\\\/\",\"url\":\"https:\\\/\\\/www.umpalai.it\\\/wp-content\\\/uploads\\\/2024\\\/04\\\/um-palai.png\",\"contentUrl\":\"https:\\\/\\\/www.umpalai.it\\\/wp-content\\\/uploads\\\/2024\\\/04\\\/um-palai.png\",\"width\":1211,\"height\":823,\"caption\":\"Pal\u00f9 del Fersina\"},\"image\":{\"@id\":\"https:\\\/\\\/www.umpalai.it\\\/de\\\/#\\\/schema\\\/logo\\\/image\\\/\"},\"sameAs\":[\"https:\\\/\\\/www.facebook.com\\\/PaludelFersina\\\/\"]},{\"@type\":\"Person\",\"@id\":\"https:\\\/\\\/www.umpalai.it\\\/de\\\/#\\\/schema\\\/person\\\/c4bb30f288911db2984cdac473ab9b88\",\"name\":\"Leveloop\",\"image\":{\"@type\":\"ImageObject\",\"inLanguage\":\"de\",\"@id\":\"https:\\\/\\\/secure.gravatar.com\\\/avatar\\\/133c970b7ee8e2c97707f8b51c7448c6a8709e26c293cf3c648efb8cca74ab87?s=96&d=mm&r=g\",\"url\":\"https:\\\/\\\/secure.gravatar.com\\\/avatar\\\/133c970b7ee8e2c97707f8b51c7448c6a8709e26c293cf3c648efb8cca74ab87?s=96&d=mm&r=g\",\"contentUrl\":\"https:\\\/\\\/secure.gravatar.com\\\/avatar\\\/133c970b7ee8e2c97707f8b51c7448c6a8709e26c293cf3c648efb8cca74ab87?s=96&d=mm&r=g\",\"caption\":\"Leveloop\"}}]}<\/script>\n<!-- \/ Yoast SEO plugin. -->","yoast_head_json":{"title":"Neue Website des Valle dei M\u00f2cheni - Um Palai","description":"Il comune di Pal\u00f9 del Fersina ha lanciato il sito web \"Umpalai\", dedicato alla promozione turistica del territorio. Il sito, disponibile all'indirizzo www.umpalai.it, offre una panoramica completa dei musei, delle attrazioni locali, dai sentieri escursionistici ai siti storici, e molto altro, con l'obiettivo di attirare un numero crescente di visitatori.","robots":{"index":"index","follow":"follow","max-snippet":"max-snippet:-1","max-image-preview":"max-image-preview:large","max-video-preview":"max-video-preview:-1"},"canonical":"https:\/\/www.umpalai.it\/de\/nachricht\/nuovo-sito-valledeimocheni\/","og_locale":"de_DE","og_type":"article","og_title":"Neue Website des Valle dei M\u00f2cheni - Um Palai","og_description":"Il comune di Pal\u00f9 del Fersina ha lanciato il sito web \"Umpalai\", dedicato alla promozione turistica del territorio. Il sito, disponibile all'indirizzo www.umpalai.it, offre una panoramica completa dei musei, delle attrazioni locali, dai sentieri escursionistici ai siti storici, e molto altro, con l'obiettivo di attirare un numero crescente di visitatori.","og_url":"https:\/\/www.umpalai.it\/de\/nachricht\/nuovo-sito-valledeimocheni\/","og_site_name":"Um Palai","article_publisher":"https:\/\/www.facebook.com\/PaludelFersina\/","article_published_time":"2025-03-11T14:54:46+00:00","article_modified_time":"2025-03-11T14:55:13+00:00","og_image":[{"width":2560,"height":1438,"url":"https:\/\/www.umpalai.it\/wp-content\/uploads\/2024\/05\/Screenshot-2025-03-11-alle-15.44.54.webp","type":"image\/webp"}],"author":"Leveloop","twitter_card":"summary_large_image","twitter_misc":{"Verfasst von":"Leveloop","Gesch\u00e4tzte Lesezeit":"1\u00a0Minute"},"schema":{"@context":"https:\/\/schema.org","@graph":[{"@type":"Article","@id":"https:\/\/www.umpalai.it\/de\/nachricht\/nuovo-sito-valledeimocheni\/#article","isPartOf":{"@id":"https:\/\/www.umpalai.it\/de\/nachricht\/nuovo-sito-valledeimocheni\/"},"author":{"name":"Leveloop","@id":"https:\/\/www.umpalai.it\/de\/#\/schema\/person\/c4bb30f288911db2984cdac473ab9b88"},"headline":"Neue Website des Valle dei M\u00f2cheni","datePublished":"2025-03-11T14:54:46+00:00","dateModified":"2025-03-11T14:55:13+00:00","mainEntityOfPage":{"@id":"https:\/\/www.umpalai.it\/de\/nachricht\/nuovo-sito-valledeimocheni\/"},"wordCount":135,"publisher":{"@id":"https:\/\/www.umpalai.it\/de\/#organization"},"image":{"@id":"https:\/\/www.umpalai.it\/de\/nachricht\/nuovo-sito-valledeimocheni\/#primaryimage"},"thumbnailUrl":"https:\/\/www.umpalai.it\/wp-content\/uploads\/2024\/05\/Screenshot-2025-03-11-alle-15.44.54.webp","articleSection":["Nachricht"],"inLanguage":"de"},{"@type":"WebPage","@id":"https:\/\/www.umpalai.it\/de\/nachricht\/nuovo-sito-valledeimocheni\/","url":"https:\/\/www.umpalai.it\/de\/nachricht\/nuovo-sito-valledeimocheni\/","name":"Neue Website des Valle dei M\u00f2cheni - Um Palai","isPartOf":{"@id":"https:\/\/www.umpalai.it\/de\/#website"},"primaryImageOfPage":{"@id":"https:\/\/www.umpalai.it\/de\/nachricht\/nuovo-sito-valledeimocheni\/#primaryimage"},"image":{"@id":"https:\/\/www.umpalai.it\/de\/nachricht\/nuovo-sito-valledeimocheni\/#primaryimage"},"thumbnailUrl":"https:\/\/www.umpalai.it\/wp-content\/uploads\/2024\/05\/Screenshot-2025-03-11-alle-15.44.54.webp","datePublished":"2025-03-11T14:54:46+00:00","dateModified":"2025-03-11T14:55:13+00:00","description":"Il comune di Pal\u00f9 del Fersina ha lanciato il sito web \"Umpalai\", dedicato alla promozione turistica del territorio. Il sito, disponibile all'indirizzo www.umpalai.it, offre una panoramica completa dei musei, delle attrazioni locali, dai sentieri escursionistici ai siti storici, e molto altro, con l'obiettivo di attirare un numero crescente di visitatori.","breadcrumb":{"@id":"https:\/\/www.umpalai.it\/de\/nachricht\/nuovo-sito-valledeimocheni\/#breadcrumb"},"inLanguage":"de","potentialAction":[{"@type":"ReadAction","target":["https:\/\/www.umpalai.it\/de\/nachricht\/nuovo-sito-valledeimocheni\/"]}]},{"@type":"ImageObject","inLanguage":"de","@id":"https:\/\/www.umpalai.it\/de\/nachricht\/nuovo-sito-valledeimocheni\/#primaryimage","url":"https:\/\/www.umpalai.it\/wp-content\/uploads\/2024\/05\/Screenshot-2025-03-11-alle-15.44.54.webp","contentUrl":"https:\/\/www.umpalai.it\/wp-content\/uploads\/2024\/05\/Screenshot-2025-03-11-alle-15.44.54.webp","width":2560,"height":1438,"caption":"Sito Valle dei M\u00f2cheni"},{"@type":"BreadcrumbList","@id":"https:\/\/www.umpalai.it\/de\/nachricht\/nuovo-sito-valledeimocheni\/#breadcrumb","itemListElement":[{"@type":"ListItem","position":1,"name":"Home","item":"https:\/\/www.umpalai.it\/de\/"},{"@type":"ListItem","position":2,"name":"Neue Website des Valle dei M\u00f2cheni"}]},{"@type":"WebSite","@id":"https:\/\/www.umpalai.it\/de\/#website","url":"https:\/\/www.umpalai.it\/de\/","name":"Pal\u00f9 del Fersina","description":"Im Herzen des Fersental","publisher":{"@id":"https:\/\/www.umpalai.it\/de\/#organization"},"potentialAction":[{"@type":"SearchAction","target":{"@type":"EntryPoint","urlTemplate":"https:\/\/www.umpalai.it\/de\/?s={search_term_string}"},"query-input":{"@type":"PropertyValueSpecification","valueRequired":true,"valueName":"search_term_string"}}],"inLanguage":"de"},{"@type":"Organization","@id":"https:\/\/www.umpalai.it\/de\/#organization","name":"Pal\u00f9 del Fersina","url":"https:\/\/www.umpalai.it\/de\/","logo":{"@type":"ImageObject","inLanguage":"de","@id":"https:\/\/www.umpalai.it\/de\/#\/schema\/logo\/image\/","url":"https:\/\/www.umpalai.it\/wp-content\/uploads\/2024\/04\/um-palai.png","contentUrl":"https:\/\/www.umpalai.it\/wp-content\/uploads\/2024\/04\/um-palai.png","width":1211,"height":823,"caption":"Pal\u00f9 del Fersina"},"image":{"@id":"https:\/\/www.umpalai.it\/de\/#\/schema\/logo\/image\/"},"sameAs":["https:\/\/www.facebook.com\/PaludelFersina\/"]},{"@type":"Person","@id":"https:\/\/www.umpalai.it\/de\/#\/schema\/person\/c4bb30f288911db2984cdac473ab9b88","name":"Leveloop","image":{"@type":"ImageObject","inLanguage":"de","@id":"https:\/\/secure.gravatar.com\/avatar\/133c970b7ee8e2c97707f8b51c7448c6a8709e26c293cf3c648efb8cca74ab87?s=96&d=mm&r=g","url":"https:\/\/secure.gravatar.com\/avatar\/133c970b7ee8e2c97707f8b51c7448c6a8709e26c293cf3c648efb8cca74ab87?s=96&d=mm&r=g","contentUrl":"https:\/\/secure.gravatar.com\/avatar\/133c970b7ee8e2c97707f8b51c7448c6a8709e26c293cf3c648efb8cca74ab87?s=96&d=mm&r=g","caption":"Leveloop"}}]}},"_links":{"self":[{"href":"https:\/\/www.umpalai.it\/de\/wp-json\/wp\/v2\/posts\/1207","targetHints":{"allow":["GET"]}}],"collection":[{"href":"https:\/\/www.umpalai.it\/de\/wp-json\/wp\/v2\/posts"}],"about":[{"href":"https:\/\/www.umpalai.it\/de\/wp-json\/wp\/v2\/types\/post"}],"author":[{"embeddable":true,"href":"https:\/\/www.umpalai.it\/de\/wp-json\/wp\/v2\/users\/1"}],"replies":[{"embeddable":true,"href":"https:\/\/www.umpalai.it\/de\/wp-json\/wp\/v2\/comments?post=1207"}],"version-history":[{"count":4,"href":"https:\/\/www.umpalai.it\/de\/wp-json\/wp\/v2\/posts\/1207\/revisions"}],"predecessor-version":[{"id":2123,"href":"https:\/\/www.umpalai.it\/de\/wp-json\/wp\/v2\/posts\/1207\/revisions\/2123"}],"wp:featuredmedia":[{"embeddable":true,"href":"https:\/\/www.umpalai.it\/de\/wp-json\/wp\/v2\/media\/2115"}],"wp:attachment":[{"href":"https:\/\/www.umpalai.it\/de\/wp-json\/wp\/v2\/media?parent=1207"}],"wp:term":[{"taxonomy":"category","embeddable":true,"href":"https:\/\/www.umpalai.it\/de\/wp-json\/wp\/v2\/categories?post=1207"},{"taxonomy":"post_tag","embeddable":true,"href":"https:\/\/www.umpalai.it\/de\/wp-json\/wp\/v2\/tags?post=1207"}],"curies":[{"name":"wp","href":"https:\/\/api.w.org\/{rel}","templated":true}]}}