{"id":1609,"date":"2024-06-06T16:05:06","date_gmt":"2024-06-06T16:05:06","guid":{"rendered":"https:\/?p=1609"},"modified":"2024-06-06T16:06:14","modified_gmt":"2024-06-06T16:06:14","slug":"neue-leitung-fur-das-rifugio-sette-selle","status":"publish","type":"post","link":"https:\/\/www.umpalai.it\/de\/nachricht\/neue-leitung-fur-das-rifugio-sette-selle\/","title":{"rendered":"Neue Leitung f\u00fcr das Rifugio Sette Selle"},"content":{"rendered":"\n<div class=\"wp-block-columns is-layout-flex wp-container-core-columns-is-layout-9d6595d7 wp-block-columns-is-layout-flex\">\n<div class=\"wp-block-column is-layout-flow wp-block-column-is-layout-flow\">\n<p>Im Herzen der Dolomiten hat das Rifugio Sette Selle eine neue \u00c4ra eingeleitet mit der Ank\u00fcndigung seiner <strong>neuen Leitung<\/strong>. Unter der F\u00fchrung eines neuen Teams bereitet sich die H\u00fctte darauf vor, den Besuchern unvergessliche <strong>Erlebnisse<\/strong> inmitten der <strong>Natur<\/strong> zu bieten.<\/p>\n\n\n\n<p>Bekannt f\u00fcr seine <strong>panoramische Lage<\/strong> und die <strong>gem\u00fctliche Atmosph\u00e4re<\/strong>, ist das Rifugio Sette Selle seit langem ein beliebtes Ziel f\u00fcr <strong>Wanderer<\/strong>, <strong>Kletterer<\/strong> und <strong>Bergliebhaber<\/strong>. Die neue Leitung verspricht, diese Tradition fortzuf\u00fchren, w\u00e4hrend sie gleichzeitig <strong>Innovationen<\/strong> und <strong>Verbesserungen<\/strong> einf\u00fchrt, die die H\u00fctte noch einladender und <strong>nachhaltiger<\/strong> machen.<\/p>\n\n\n\n<p>Das Rifugio Sette Selle ist bereit, die Besucher wieder mit <strong>Begeisterung<\/strong> und W\u00e4rme zu empfangen. Die Besucher k\u00f6nnen eine <strong>authentische Erfahrung<\/strong> erwarten, die im Zeichen der <strong>Nachhaltigkeit<\/strong> und der <strong>Tradition<\/strong> steht. Egal, ob Sie einen ruhigen Ort zum Entspannen oder einen Ausgangspunkt f\u00fcr <strong>Abenteuer in den Bergen<\/strong> suchen, das Rifugio Sette Selle erwartet Sie mit offenen Armen.<\/p>\n\n\n\n<figure class=\"wp-block-image size-large\"><img decoding=\"async\" width=\"1024\" height=\"768\" src=\"http:\/\/umpalai.it\/wp-content\/uploads\/2024\/05\/IMG_2346-1024x768.webp\" alt=\"\" class=\"wp-image-1229\" srcset=\"https:\/\/www.umpalai.it\/wp-content\/uploads\/2024\/05\/IMG_2346-1024x768.webp 1024w, https:\/\/www.umpalai.it\/wp-content\/uploads\/2024\/05\/IMG_2346-300x225.webp 300w, https:\/\/www.umpalai.it\/wp-content\/uploads\/2024\/05\/IMG_2346-768x576.webp 768w, https:\/\/www.umpalai.it\/wp-content\/uploads\/2024\/05\/IMG_2346-1536x1152.webp 1536w, https:\/\/www.umpalai.it\/wp-content\/uploads\/2024\/05\/IMG_2346-2048x1536.webp 2048w\" sizes=\"(max-width: 1024px) 100vw, 1024px\" \/><\/figure>\n<\/div>\n<\/div>\n","protected":false},"excerpt":{"rendered":"<p>Im Herzen der Dolomiten hat das Rifugio Sette Selle eine neue \u00c4ra eingeleitet mit der Ank\u00fcndigung seiner neuen Leitung. Unter der F\u00fchrung eines neuen Teams bereitet sich die H\u00fctte darauf vor, den Besuchern unvergessliche Erlebnisse inmitten der Natur zu bieten. Bekannt f\u00fcr seine panoramische Lage und die gem\u00fctliche Atmosph\u00e4re, ist das Rifugio Sette Selle seit [&hellip;]<\/p>\n","protected":false},"author":1,"featured_media":1232,"comment_status":"closed","ping_status":"open","sticky":false,"template":"","format":"standard","meta":{"_acf_changed":false,"footnotes":""},"categories":[47],"tags":[],"class_list":["post-1609","post","type-post","status-publish","format-standard","has-post-thumbnail","hentry","category-nachricht"],"acf":[],"yoast_head":"<!-- This site is optimized with the Yoast SEO plugin v27.5 - https:\/\/yoast.com\/product\/yoast-seo-wordpress\/ -->\n<title>Neue Leitung f\u00fcr das Rifugio Sette Selle - Um Palai<\/title>\n<meta name=\"description\" content=\"Im Herzen der Dolomiten hat das Rifugio Sette Selle eine neue \u00c4ra eingeleitet mit der Ank\u00fcndigung seiner neuen Leitung. Unter der F\u00fchrung eines neuen Teams bereitet sich die H\u00fctte darauf vor, den Besuchern unvergessliche Erlebnisse inmitten der Natur zu bieten.\" \/>\n<meta name=\"robots\" content=\"index, follow, max-snippet:-1, max-image-preview:large, max-video-preview:-1\" \/>\n<link rel=\"canonical\" href=\"https:\/\/www.umpalai.it\/de\/nachricht\/neue-leitung-fur-das-rifugio-sette-selle\/\" \/>\n<meta property=\"og:locale\" content=\"de_DE\" \/>\n<meta property=\"og:type\" content=\"article\" \/>\n<meta property=\"og:title\" content=\"Neue Leitung f\u00fcr das Rifugio Sette Selle - Um Palai\" \/>\n<meta property=\"og:description\" content=\"Im Herzen der Dolomiten hat das Rifugio Sette Selle eine neue \u00c4ra eingeleitet mit der Ank\u00fcndigung seiner neuen Leitung. Unter der F\u00fchrung eines neuen Teams bereitet sich die H\u00fctte darauf vor, den Besuchern unvergessliche Erlebnisse inmitten der Natur zu bieten.\" \/>\n<meta property=\"og:url\" content=\"https:\/\/www.umpalai.it\/de\/nachricht\/neue-leitung-fur-das-rifugio-sette-selle\/\" \/>\n<meta property=\"og:site_name\" content=\"Um Palai\" \/>\n<meta property=\"article:publisher\" content=\"https:\/\/www.facebook.com\/PaludelFersina\/\" \/>\n<meta property=\"article:published_time\" content=\"2024-06-06T16:05:06+00:00\" \/>\n<meta property=\"article:modified_time\" content=\"2024-06-06T16:06:14+00:00\" \/>\n<meta property=\"og:image\" content=\"https:\/\/www.umpalai.it\/wp-content\/uploads\/2024\/05\/IMG_4372.webp\" \/>\n\t<meta property=\"og:image:width\" content=\"2560\" \/>\n\t<meta property=\"og:image:height\" content=\"1920\" \/>\n\t<meta property=\"og:image:type\" content=\"image\/webp\" \/>\n<meta name=\"author\" content=\"Leveloop\" \/>\n<meta name=\"twitter:card\" content=\"summary_large_image\" \/>\n<meta name=\"twitter:label1\" content=\"Verfasst von\" \/>\n\t<meta name=\"twitter:data1\" content=\"Leveloop\" \/>\n\t<meta name=\"twitter:label2\" content=\"Gesch\u00e4tzte Lesezeit\" \/>\n\t<meta name=\"twitter:data2\" content=\"2\u00a0Minuten\" \/>\n<script type=\"application\/ld+json\" class=\"yoast-schema-graph\">{\"@context\":\"https:\\\/\\\/schema.org\",\"@graph\":[{\"@type\":\"Article\",\"@id\":\"https:\\\/\\\/www.umpalai.it\\\/de\\\/nachricht\\\/neue-leitung-fur-das-rifugio-sette-selle\\\/#article\",\"isPartOf\":{\"@id\":\"https:\\\/\\\/www.umpalai.it\\\/de\\\/nachricht\\\/neue-leitung-fur-das-rifugio-sette-selle\\\/\"},\"author\":{\"name\":\"Leveloop\",\"@id\":\"https:\\\/\\\/www.umpalai.it\\\/de\\\/#\\\/schema\\\/person\\\/c4bb30f288911db2984cdac473ab9b88\"},\"headline\":\"Neue Leitung f\u00fcr das Rifugio Sette Selle\",\"datePublished\":\"2024-06-06T16:05:06+00:00\",\"dateModified\":\"2024-06-06T16:06:14+00:00\",\"mainEntityOfPage\":{\"@id\":\"https:\\\/\\\/www.umpalai.it\\\/de\\\/nachricht\\\/neue-leitung-fur-das-rifugio-sette-selle\\\/\"},\"wordCount\":165,\"publisher\":{\"@id\":\"https:\\\/\\\/www.umpalai.it\\\/de\\\/#organization\"},\"image\":{\"@id\":\"https:\\\/\\\/www.umpalai.it\\\/de\\\/nachricht\\\/neue-leitung-fur-das-rifugio-sette-selle\\\/#primaryimage\"},\"thumbnailUrl\":\"https:\\\/\\\/www.umpalai.it\\\/wp-content\\\/uploads\\\/2024\\\/05\\\/IMG_4372.webp\",\"articleSection\":[\"Nachricht\"],\"inLanguage\":\"de\"},{\"@type\":\"WebPage\",\"@id\":\"https:\\\/\\\/www.umpalai.it\\\/de\\\/nachricht\\\/neue-leitung-fur-das-rifugio-sette-selle\\\/\",\"url\":\"https:\\\/\\\/www.umpalai.it\\\/de\\\/nachricht\\\/neue-leitung-fur-das-rifugio-sette-selle\\\/\",\"name\":\"Neue Leitung f\u00fcr das Rifugio Sette Selle - Um Palai\",\"isPartOf\":{\"@id\":\"https:\\\/\\\/www.umpalai.it\\\/de\\\/#website\"},\"primaryImageOfPage\":{\"@id\":\"https:\\\/\\\/www.umpalai.it\\\/de\\\/nachricht\\\/neue-leitung-fur-das-rifugio-sette-selle\\\/#primaryimage\"},\"image\":{\"@id\":\"https:\\\/\\\/www.umpalai.it\\\/de\\\/nachricht\\\/neue-leitung-fur-das-rifugio-sette-selle\\\/#primaryimage\"},\"thumbnailUrl\":\"https:\\\/\\\/www.umpalai.it\\\/wp-content\\\/uploads\\\/2024\\\/05\\\/IMG_4372.webp\",\"datePublished\":\"2024-06-06T16:05:06+00:00\",\"dateModified\":\"2024-06-06T16:06:14+00:00\",\"description\":\"Im Herzen der Dolomiten hat das Rifugio Sette Selle eine neue \u00c4ra eingeleitet mit der Ank\u00fcndigung seiner neuen Leitung. Unter der F\u00fchrung eines neuen Teams bereitet sich die H\u00fctte darauf vor, den Besuchern unvergessliche Erlebnisse inmitten der Natur zu bieten.\",\"breadcrumb\":{\"@id\":\"https:\\\/\\\/www.umpalai.it\\\/de\\\/nachricht\\\/neue-leitung-fur-das-rifugio-sette-selle\\\/#breadcrumb\"},\"inLanguage\":\"de\",\"potentialAction\":[{\"@type\":\"ReadAction\",\"target\":[\"https:\\\/\\\/www.umpalai.it\\\/de\\\/nachricht\\\/neue-leitung-fur-das-rifugio-sette-selle\\\/\"]}]},{\"@type\":\"ImageObject\",\"inLanguage\":\"de\",\"@id\":\"https:\\\/\\\/www.umpalai.it\\\/de\\\/nachricht\\\/neue-leitung-fur-das-rifugio-sette-selle\\\/#primaryimage\",\"url\":\"https:\\\/\\\/www.umpalai.it\\\/wp-content\\\/uploads\\\/2024\\\/05\\\/IMG_4372.webp\",\"contentUrl\":\"https:\\\/\\\/www.umpalai.it\\\/wp-content\\\/uploads\\\/2024\\\/05\\\/IMG_4372.webp\",\"width\":2560,\"height\":1920,\"caption\":\"Rifugio Sette Selle\"},{\"@type\":\"BreadcrumbList\",\"@id\":\"https:\\\/\\\/www.umpalai.it\\\/de\\\/nachricht\\\/neue-leitung-fur-das-rifugio-sette-selle\\\/#breadcrumb\",\"itemListElement\":[{\"@type\":\"ListItem\",\"position\":1,\"name\":\"Home\",\"item\":\"https:\\\/\\\/www.umpalai.it\\\/de\\\/\"},{\"@type\":\"ListItem\",\"position\":2,\"name\":\"Neue Leitung f\u00fcr das Rifugio Sette Selle\"}]},{\"@type\":\"WebSite\",\"@id\":\"https:\\\/\\\/www.umpalai.it\\\/de\\\/#website\",\"url\":\"https:\\\/\\\/www.umpalai.it\\\/de\\\/\",\"name\":\"Pal\u00f9 del Fersina\",\"description\":\"Im Herzen des Fersental\",\"publisher\":{\"@id\":\"https:\\\/\\\/www.umpalai.it\\\/de\\\/#organization\"},\"potentialAction\":[{\"@type\":\"SearchAction\",\"target\":{\"@type\":\"EntryPoint\",\"urlTemplate\":\"https:\\\/\\\/www.umpalai.it\\\/de\\\/?s={search_term_string}\"},\"query-input\":{\"@type\":\"PropertyValueSpecification\",\"valueRequired\":true,\"valueName\":\"search_term_string\"}}],\"inLanguage\":\"de\"},{\"@type\":\"Organization\",\"@id\":\"https:\\\/\\\/www.umpalai.it\\\/de\\\/#organization\",\"name\":\"Pal\u00f9 del Fersina\",\"url\":\"https:\\\/\\\/www.umpalai.it\\\/de\\\/\",\"logo\":{\"@type\":\"ImageObject\",\"inLanguage\":\"de\",\"@id\":\"https:\\\/\\\/www.umpalai.it\\\/de\\\/#\\\/schema\\\/logo\\\/image\\\/\",\"url\":\"https:\\\/\\\/www.umpalai.it\\\/wp-content\\\/uploads\\\/2024\\\/04\\\/um-palai.png\",\"contentUrl\":\"https:\\\/\\\/www.umpalai.it\\\/wp-content\\\/uploads\\\/2024\\\/04\\\/um-palai.png\",\"width\":1211,\"height\":823,\"caption\":\"Pal\u00f9 del Fersina\"},\"image\":{\"@id\":\"https:\\\/\\\/www.umpalai.it\\\/de\\\/#\\\/schema\\\/logo\\\/image\\\/\"},\"sameAs\":[\"https:\\\/\\\/www.facebook.com\\\/PaludelFersina\\\/\"]},{\"@type\":\"Person\",\"@id\":\"https:\\\/\\\/www.umpalai.it\\\/de\\\/#\\\/schema\\\/person\\\/c4bb30f288911db2984cdac473ab9b88\",\"name\":\"Leveloop\",\"image\":{\"@type\":\"ImageObject\",\"inLanguage\":\"de\",\"@id\":\"https:\\\/\\\/secure.gravatar.com\\\/avatar\\\/133c970b7ee8e2c97707f8b51c7448c6a8709e26c293cf3c648efb8cca74ab87?s=96&d=mm&r=g\",\"url\":\"https:\\\/\\\/secure.gravatar.com\\\/avatar\\\/133c970b7ee8e2c97707f8b51c7448c6a8709e26c293cf3c648efb8cca74ab87?s=96&d=mm&r=g\",\"contentUrl\":\"https:\\\/\\\/secure.gravatar.com\\\/avatar\\\/133c970b7ee8e2c97707f8b51c7448c6a8709e26c293cf3c648efb8cca74ab87?s=96&d=mm&r=g\",\"caption\":\"Leveloop\"}}]}<\/script>\n<!-- \/ Yoast SEO plugin. -->","yoast_head_json":{"title":"Neue Leitung f\u00fcr das Rifugio Sette Selle - Um Palai","description":"Im Herzen der Dolomiten hat das Rifugio Sette Selle eine neue \u00c4ra eingeleitet mit der Ank\u00fcndigung seiner neuen Leitung. Unter der F\u00fchrung eines neuen Teams bereitet sich die H\u00fctte darauf vor, den Besuchern unvergessliche Erlebnisse inmitten der Natur zu bieten.","robots":{"index":"index","follow":"follow","max-snippet":"max-snippet:-1","max-image-preview":"max-image-preview:large","max-video-preview":"max-video-preview:-1"},"canonical":"https:\/\/www.umpalai.it\/de\/nachricht\/neue-leitung-fur-das-rifugio-sette-selle\/","og_locale":"de_DE","og_type":"article","og_title":"Neue Leitung f\u00fcr das Rifugio Sette Selle - Um Palai","og_description":"Im Herzen der Dolomiten hat das Rifugio Sette Selle eine neue \u00c4ra eingeleitet mit der Ank\u00fcndigung seiner neuen Leitung. Unter der F\u00fchrung eines neuen Teams bereitet sich die H\u00fctte darauf vor, den Besuchern unvergessliche Erlebnisse inmitten der Natur zu bieten.","og_url":"https:\/\/www.umpalai.it\/de\/nachricht\/neue-leitung-fur-das-rifugio-sette-selle\/","og_site_name":"Um Palai","article_publisher":"https:\/\/www.facebook.com\/PaludelFersina\/","article_published_time":"2024-06-06T16:05:06+00:00","article_modified_time":"2024-06-06T16:06:14+00:00","og_image":[{"width":2560,"height":1920,"url":"https:\/\/www.umpalai.it\/wp-content\/uploads\/2024\/05\/IMG_4372.webp","type":"image\/webp"}],"author":"Leveloop","twitter_card":"summary_large_image","twitter_misc":{"Verfasst von":"Leveloop","Gesch\u00e4tzte Lesezeit":"2\u00a0Minuten"},"schema":{"@context":"https:\/\/schema.org","@graph":[{"@type":"Article","@id":"https:\/\/www.umpalai.it\/de\/nachricht\/neue-leitung-fur-das-rifugio-sette-selle\/#article","isPartOf":{"@id":"https:\/\/www.umpalai.it\/de\/nachricht\/neue-leitung-fur-das-rifugio-sette-selle\/"},"author":{"name":"Leveloop","@id":"https:\/\/www.umpalai.it\/de\/#\/schema\/person\/c4bb30f288911db2984cdac473ab9b88"},"headline":"Neue Leitung f\u00fcr das Rifugio Sette Selle","datePublished":"2024-06-06T16:05:06+00:00","dateModified":"2024-06-06T16:06:14+00:00","mainEntityOfPage":{"@id":"https:\/\/www.umpalai.it\/de\/nachricht\/neue-leitung-fur-das-rifugio-sette-selle\/"},"wordCount":165,"publisher":{"@id":"https:\/\/www.umpalai.it\/de\/#organization"},"image":{"@id":"https:\/\/www.umpalai.it\/de\/nachricht\/neue-leitung-fur-das-rifugio-sette-selle\/#primaryimage"},"thumbnailUrl":"https:\/\/www.umpalai.it\/wp-content\/uploads\/2024\/05\/IMG_4372.webp","articleSection":["Nachricht"],"inLanguage":"de"},{"@type":"WebPage","@id":"https:\/\/www.umpalai.it\/de\/nachricht\/neue-leitung-fur-das-rifugio-sette-selle\/","url":"https:\/\/www.umpalai.it\/de\/nachricht\/neue-leitung-fur-das-rifugio-sette-selle\/","name":"Neue Leitung f\u00fcr das Rifugio Sette Selle - Um Palai","isPartOf":{"@id":"https:\/\/www.umpalai.it\/de\/#website"},"primaryImageOfPage":{"@id":"https:\/\/www.umpalai.it\/de\/nachricht\/neue-leitung-fur-das-rifugio-sette-selle\/#primaryimage"},"image":{"@id":"https:\/\/www.umpalai.it\/de\/nachricht\/neue-leitung-fur-das-rifugio-sette-selle\/#primaryimage"},"thumbnailUrl":"https:\/\/www.umpalai.it\/wp-content\/uploads\/2024\/05\/IMG_4372.webp","datePublished":"2024-06-06T16:05:06+00:00","dateModified":"2024-06-06T16:06:14+00:00","description":"Im Herzen der Dolomiten hat das Rifugio Sette Selle eine neue \u00c4ra eingeleitet mit der Ank\u00fcndigung seiner neuen Leitung. Unter der F\u00fchrung eines neuen Teams bereitet sich die H\u00fctte darauf vor, den Besuchern unvergessliche Erlebnisse inmitten der Natur zu bieten.","breadcrumb":{"@id":"https:\/\/www.umpalai.it\/de\/nachricht\/neue-leitung-fur-das-rifugio-sette-selle\/#breadcrumb"},"inLanguage":"de","potentialAction":[{"@type":"ReadAction","target":["https:\/\/www.umpalai.it\/de\/nachricht\/neue-leitung-fur-das-rifugio-sette-selle\/"]}]},{"@type":"ImageObject","inLanguage":"de","@id":"https:\/\/www.umpalai.it\/de\/nachricht\/neue-leitung-fur-das-rifugio-sette-selle\/#primaryimage","url":"https:\/\/www.umpalai.it\/wp-content\/uploads\/2024\/05\/IMG_4372.webp","contentUrl":"https:\/\/www.umpalai.it\/wp-content\/uploads\/2024\/05\/IMG_4372.webp","width":2560,"height":1920,"caption":"Rifugio Sette Selle"},{"@type":"BreadcrumbList","@id":"https:\/\/www.umpalai.it\/de\/nachricht\/neue-leitung-fur-das-rifugio-sette-selle\/#breadcrumb","itemListElement":[{"@type":"ListItem","position":1,"name":"Home","item":"https:\/\/www.umpalai.it\/de\/"},{"@type":"ListItem","position":2,"name":"Neue Leitung f\u00fcr das Rifugio Sette Selle"}]},{"@type":"WebSite","@id":"https:\/\/www.umpalai.it\/de\/#website","url":"https:\/\/www.umpalai.it\/de\/","name":"Pal\u00f9 del Fersina","description":"Im Herzen des Fersental","publisher":{"@id":"https:\/\/www.umpalai.it\/de\/#organization"},"potentialAction":[{"@type":"SearchAction","target":{"@type":"EntryPoint","urlTemplate":"https:\/\/www.umpalai.it\/de\/?s={search_term_string}"},"query-input":{"@type":"PropertyValueSpecification","valueRequired":true,"valueName":"search_term_string"}}],"inLanguage":"de"},{"@type":"Organization","@id":"https:\/\/www.umpalai.it\/de\/#organization","name":"Pal\u00f9 del Fersina","url":"https:\/\/www.umpalai.it\/de\/","logo":{"@type":"ImageObject","inLanguage":"de","@id":"https:\/\/www.umpalai.it\/de\/#\/schema\/logo\/image\/","url":"https:\/\/www.umpalai.it\/wp-content\/uploads\/2024\/04\/um-palai.png","contentUrl":"https:\/\/www.umpalai.it\/wp-content\/uploads\/2024\/04\/um-palai.png","width":1211,"height":823,"caption":"Pal\u00f9 del Fersina"},"image":{"@id":"https:\/\/www.umpalai.it\/de\/#\/schema\/logo\/image\/"},"sameAs":["https:\/\/www.facebook.com\/PaludelFersina\/"]},{"@type":"Person","@id":"https:\/\/www.umpalai.it\/de\/#\/schema\/person\/c4bb30f288911db2984cdac473ab9b88","name":"Leveloop","image":{"@type":"ImageObject","inLanguage":"de","@id":"https:\/\/secure.gravatar.com\/avatar\/133c970b7ee8e2c97707f8b51c7448c6a8709e26c293cf3c648efb8cca74ab87?s=96&d=mm&r=g","url":"https:\/\/secure.gravatar.com\/avatar\/133c970b7ee8e2c97707f8b51c7448c6a8709e26c293cf3c648efb8cca74ab87?s=96&d=mm&r=g","contentUrl":"https:\/\/secure.gravatar.com\/avatar\/133c970b7ee8e2c97707f8b51c7448c6a8709e26c293cf3c648efb8cca74ab87?s=96&d=mm&r=g","caption":"Leveloop"}}]}},"_links":{"self":[{"href":"https:\/\/www.umpalai.it\/de\/wp-json\/wp\/v2\/posts\/1609","targetHints":{"allow":["GET"]}}],"collection":[{"href":"https:\/\/www.umpalai.it\/de\/wp-json\/wp\/v2\/posts"}],"about":[{"href":"https:\/\/www.umpalai.it\/de\/wp-json\/wp\/v2\/types\/post"}],"author":[{"embeddable":true,"href":"https:\/\/www.umpalai.it\/de\/wp-json\/wp\/v2\/users\/1"}],"replies":[{"embeddable":true,"href":"https:\/\/www.umpalai.it\/de\/wp-json\/wp\/v2\/comments?post=1609"}],"version-history":[{"count":3,"href":"https:\/\/www.umpalai.it\/de\/wp-json\/wp\/v2\/posts\/1609\/revisions"}],"predecessor-version":[{"id":1616,"href":"https:\/\/www.umpalai.it\/de\/wp-json\/wp\/v2\/posts\/1609\/revisions\/1616"}],"wp:featuredmedia":[{"embeddable":true,"href":"https:\/\/www.umpalai.it\/de\/wp-json\/wp\/v2\/media\/1232"}],"wp:attachment":[{"href":"https:\/\/www.umpalai.it\/de\/wp-json\/wp\/v2\/media?parent=1609"}],"wp:term":[{"taxonomy":"category","embeddable":true,"href":"https:\/\/www.umpalai.it\/de\/wp-json\/wp\/v2\/categories?post=1609"},{"taxonomy":"post_tag","embeddable":true,"href":"https:\/\/www.umpalai.it\/de\/wp-json\/wp\/v2\/tags?post=1609"}],"curies":[{"name":"wp","href":"https:\/\/api.w.org\/{rel}","templated":true}]}}