{"id":1632,"date":"2024-06-12T19:12:06","date_gmt":"2024-06-12T19:12:06","guid":{"rendered":"https:\/?p=1632"},"modified":"2024-06-12T19:31:05","modified_gmt":"2024-06-12T19:31:05","slug":"kleines-alchemistisches-labor","status":"publish","type":"post","link":"https:\/\/www.umpalai.it\/de\/veranstaltungen\/kleines-alchemistisches-labor\/","title":{"rendered":"Kleines alchemistisches Labor"},"content":{"rendered":"\n<div class=\"wp-block-columns is-layout-flex wp-container-core-columns-is-layout-9d6595d7 wp-block-columns-is-layout-flex\">\n<div class=\"wp-block-column is-layout-flow wp-block-column-is-layout-flow\">\n<p><strong>Datum:<\/strong> 13 Juni 2024 &#8211;\u00a020 Juni 2024 &#8211;\u00a027 Juni 2024 &#8211;\u00a04 Juli 2024\u00a011 Juli 2024 &#8211;\u00a018 Juli 2024 &#8211;\u00a025 Juli 2024 &#8211;\u00a01 August 2024 &#8211;\u00a08 August 2024 &#8211;\u00a015 August 2024 &#8211;\u00a022 August 2024<\/p>\n\n\n\n<p><strong>ZEITRAUM DER AKTIVIT\u00c4T:<\/strong><br>Vom 09. Mai bis 26. September 2024<\/p>\n\n\n\n<p><strong>TAG UND ZEIT DER AKTIVIT\u00c4T:<\/strong><br>Donnerstag vom 9.30 Uhr bis 12.00 Uhr<br><strong><br>GESPROCHENE SPRACHEN:<\/strong><br>Italienisch, Englisch<br><strong><br><strong>BESCHREIBUNG DER AKTIVIT\u00c4T<\/strong>:<\/strong><br>Der Mensch greift seit jeher auf die Natur zur\u00fcck, um sich wohl zu f\u00fchlen und Beschwerden zu heilen: Pflanzen und Kr\u00e4uter sind in der Tat wertvolle Verb\u00fcndete f\u00fcr die Aufrechterhaltung des Wohlbefindens. Welche Formen und welche D\u00fcfte haben sie? Wie k\u00f6nnen ihre Eigenschaften verbessert werden? Wie erntet man wirklich respektvoll gegen\u00fcber der Pflanzenwelt?&nbsp;Wir werden es bei einem Spaziergang zwischen Blumen und Bl\u00e4ttern und in einem kleinen praktischen Labor entdecken, das es uns erm\u00f6glicht, einen wertvollen Oleolith f\u00fcr die K\u00f6rperpflege herzustellen.<\/p>\n\n\n\n<p><strong>PREIS&nbsp;<strong>DER AKTIVIT\u00c4T<\/strong>:<\/strong><br>\u20ac 12, Aktivit\u00e4t in der Valsugana Guest Card inbegriffen<\/p>\n\n\n\n<p><strong>ANMERKUNGEN:<\/strong><br>&#8211; max. 20 Teilnehmer<br>&#8211; ab Mai und September: Treffpunkt bei der Kirche von Ischia di Pergine um 9.30 Uhr<br>&#8211; Von Juni bis August: Treffpunkt bei der Feuerwache Pal\u00f9 del Fersina um 9.30 Uhr<\/p>\n\n\n\n<p><em><strong>Anmeldung bis 18:00 Uhr des Vortages erforderlich<\/strong><\/em><\/p>\n\n\n\n<p><strong>INFOS UND ANMELDUNG: (obligatorisch):<\/strong><br>Tourismusb\u00fcro Apt Valsugana Lagorai<br>Tel: +39 0461 727700<\/p>\n<\/div>\n<\/div>\n","protected":false},"excerpt":{"rendered":"<p>Datum: 13 Juni 2024 &#8211;\u00a020 Juni 2024 &#8211;\u00a027 Juni 2024 &#8211;\u00a04 Juli 2024\u00a011 Juli 2024 &#8211;\u00a018 Juli 2024 &#8211;\u00a025 Juli 2024 &#8211;\u00a01 August 2024 &#8211;\u00a08 August 2024 &#8211;\u00a015 August 2024 &#8211;\u00a022 August 2024 ZEITRAUM DER AKTIVIT\u00c4T:Vom 09. Mai bis 26. September 2024 TAG UND ZEIT DER AKTIVIT\u00c4T:Donnerstag vom 9.30 Uhr bis 12.00 UhrGESPROCHENE SPRACHEN:Italienisch, EnglischBESCHREIBUNG [&hellip;]<\/p>\n","protected":false},"author":1,"featured_media":1630,"comment_status":"closed","ping_status":"open","sticky":false,"template":"","format":"standard","meta":{"_acf_changed":false,"footnotes":""},"categories":[89],"tags":[],"class_list":["post-1632","post","type-post","status-publish","format-standard","has-post-thumbnail","hentry","category-veranstaltungen"],"acf":[],"yoast_head":"<!-- This site is optimized with the Yoast SEO plugin v27.5 - https:\/\/yoast.com\/product\/yoast-seo-wordpress\/ -->\n<title>Kleines alchemistisches Labor - Um Palai<\/title>\n<meta name=\"robots\" content=\"index, follow, max-snippet:-1, max-image-preview:large, max-video-preview:-1\" \/>\n<link rel=\"canonical\" href=\"https:\/\/www.umpalai.it\/de\/veranstaltungen\/kleines-alchemistisches-labor\/\" \/>\n<meta property=\"og:locale\" content=\"de_DE\" \/>\n<meta property=\"og:type\" content=\"article\" \/>\n<meta property=\"og:title\" content=\"Kleines alchemistisches Labor - Um Palai\" \/>\n<meta property=\"og:description\" content=\"Datum: 13 Juni 2024 &#8211;\u00a020 Juni 2024 &#8211;\u00a027 Juni 2024 &#8211;\u00a04 Juli 2024\u00a011 Juli 2024 &#8211;\u00a018 Juli 2024 &#8211;\u00a025 Juli 2024 &#8211;\u00a01 August 2024 &#8211;\u00a08 August 2024 &#8211;\u00a015 August 2024 &#8211;\u00a022 August 2024 ZEITRAUM DER AKTIVIT\u00c4T:Vom 09. Mai bis 26. September 2024 TAG UND ZEIT DER AKTIVIT\u00c4T:Donnerstag vom 9.30 Uhr bis 12.00 UhrGESPROCHENE SPRACHEN:Italienisch, EnglischBESCHREIBUNG [&hellip;]\" \/>\n<meta property=\"og:url\" content=\"https:\/\/www.umpalai.it\/de\/veranstaltungen\/kleines-alchemistisches-labor\/\" \/>\n<meta property=\"og:site_name\" content=\"Um Palai\" \/>\n<meta property=\"article:publisher\" content=\"https:\/\/www.facebook.com\/PaludelFersina\/\" \/>\n<meta property=\"article:published_time\" content=\"2024-06-12T19:12:06+00:00\" \/>\n<meta property=\"article:modified_time\" content=\"2024-06-12T19:31:05+00:00\" \/>\n<meta property=\"og:image\" content=\"https:\/\/www.umpalai.it\/wp-content\/uploads\/2024\/06\/spices-2548653.webp\" \/>\n\t<meta property=\"og:image:width\" content=\"2560\" \/>\n\t<meta property=\"og:image:height\" content=\"1703\" \/>\n\t<meta property=\"og:image:type\" content=\"image\/webp\" \/>\n<meta name=\"author\" content=\"Leveloop\" \/>\n<meta name=\"twitter:card\" content=\"summary_large_image\" \/>\n<meta name=\"twitter:label1\" content=\"Verfasst von\" \/>\n\t<meta name=\"twitter:data1\" content=\"Leveloop\" \/>\n\t<meta name=\"twitter:label2\" content=\"Gesch\u00e4tzte Lesezeit\" \/>\n\t<meta name=\"twitter:data2\" content=\"2\u00a0Minuten\" \/>\n<script type=\"application\/ld+json\" class=\"yoast-schema-graph\">{\"@context\":\"https:\\\/\\\/schema.org\",\"@graph\":[{\"@type\":\"Article\",\"@id\":\"https:\\\/\\\/www.umpalai.it\\\/de\\\/veranstaltungen\\\/kleines-alchemistisches-labor\\\/#article\",\"isPartOf\":{\"@id\":\"https:\\\/\\\/www.umpalai.it\\\/de\\\/veranstaltungen\\\/kleines-alchemistisches-labor\\\/\"},\"author\":{\"name\":\"Leveloop\",\"@id\":\"https:\\\/\\\/www.umpalai.it\\\/de\\\/#\\\/schema\\\/person\\\/c4bb30f288911db2984cdac473ab9b88\"},\"headline\":\"Kleines alchemistisches Labor\",\"datePublished\":\"2024-06-12T19:12:06+00:00\",\"dateModified\":\"2024-06-12T19:31:05+00:00\",\"mainEntityOfPage\":{\"@id\":\"https:\\\/\\\/www.umpalai.it\\\/de\\\/veranstaltungen\\\/kleines-alchemistisches-labor\\\/\"},\"wordCount\":204,\"publisher\":{\"@id\":\"https:\\\/\\\/www.umpalai.it\\\/de\\\/#organization\"},\"image\":{\"@id\":\"https:\\\/\\\/www.umpalai.it\\\/de\\\/veranstaltungen\\\/kleines-alchemistisches-labor\\\/#primaryimage\"},\"thumbnailUrl\":\"https:\\\/\\\/www.umpalai.it\\\/wp-content\\\/uploads\\\/2024\\\/06\\\/spices-2548653.webp\",\"articleSection\":[\"Veranstaltungen\"],\"inLanguage\":\"de\"},{\"@type\":\"WebPage\",\"@id\":\"https:\\\/\\\/www.umpalai.it\\\/de\\\/veranstaltungen\\\/kleines-alchemistisches-labor\\\/\",\"url\":\"https:\\\/\\\/www.umpalai.it\\\/de\\\/veranstaltungen\\\/kleines-alchemistisches-labor\\\/\",\"name\":\"Kleines alchemistisches Labor - Um Palai\",\"isPartOf\":{\"@id\":\"https:\\\/\\\/www.umpalai.it\\\/de\\\/#website\"},\"primaryImageOfPage\":{\"@id\":\"https:\\\/\\\/www.umpalai.it\\\/de\\\/veranstaltungen\\\/kleines-alchemistisches-labor\\\/#primaryimage\"},\"image\":{\"@id\":\"https:\\\/\\\/www.umpalai.it\\\/de\\\/veranstaltungen\\\/kleines-alchemistisches-labor\\\/#primaryimage\"},\"thumbnailUrl\":\"https:\\\/\\\/www.umpalai.it\\\/wp-content\\\/uploads\\\/2024\\\/06\\\/spices-2548653.webp\",\"datePublished\":\"2024-06-12T19:12:06+00:00\",\"dateModified\":\"2024-06-12T19:31:05+00:00\",\"breadcrumb\":{\"@id\":\"https:\\\/\\\/www.umpalai.it\\\/de\\\/veranstaltungen\\\/kleines-alchemistisches-labor\\\/#breadcrumb\"},\"inLanguage\":\"de\",\"potentialAction\":[{\"@type\":\"ReadAction\",\"target\":[\"https:\\\/\\\/www.umpalai.it\\\/de\\\/veranstaltungen\\\/kleines-alchemistisches-labor\\\/\"]}]},{\"@type\":\"ImageObject\",\"inLanguage\":\"de\",\"@id\":\"https:\\\/\\\/www.umpalai.it\\\/de\\\/veranstaltungen\\\/kleines-alchemistisches-labor\\\/#primaryimage\",\"url\":\"https:\\\/\\\/www.umpalai.it\\\/wp-content\\\/uploads\\\/2024\\\/06\\\/spices-2548653.webp\",\"contentUrl\":\"https:\\\/\\\/www.umpalai.it\\\/wp-content\\\/uploads\\\/2024\\\/06\\\/spices-2548653.webp\",\"width\":2560,\"height\":1703,\"caption\":\"Piccolo laboratorio alchemico\"},{\"@type\":\"BreadcrumbList\",\"@id\":\"https:\\\/\\\/www.umpalai.it\\\/de\\\/veranstaltungen\\\/kleines-alchemistisches-labor\\\/#breadcrumb\",\"itemListElement\":[{\"@type\":\"ListItem\",\"position\":1,\"name\":\"Home\",\"item\":\"https:\\\/\\\/www.umpalai.it\\\/de\\\/\"},{\"@type\":\"ListItem\",\"position\":2,\"name\":\"Kleines alchemistisches Labor\"}]},{\"@type\":\"WebSite\",\"@id\":\"https:\\\/\\\/www.umpalai.it\\\/de\\\/#website\",\"url\":\"https:\\\/\\\/www.umpalai.it\\\/de\\\/\",\"name\":\"Pal\u00f9 del Fersina\",\"description\":\"Im Herzen des Fersental\",\"publisher\":{\"@id\":\"https:\\\/\\\/www.umpalai.it\\\/de\\\/#organization\"},\"potentialAction\":[{\"@type\":\"SearchAction\",\"target\":{\"@type\":\"EntryPoint\",\"urlTemplate\":\"https:\\\/\\\/www.umpalai.it\\\/de\\\/?s={search_term_string}\"},\"query-input\":{\"@type\":\"PropertyValueSpecification\",\"valueRequired\":true,\"valueName\":\"search_term_string\"}}],\"inLanguage\":\"de\"},{\"@type\":\"Organization\",\"@id\":\"https:\\\/\\\/www.umpalai.it\\\/de\\\/#organization\",\"name\":\"Pal\u00f9 del Fersina\",\"url\":\"https:\\\/\\\/www.umpalai.it\\\/de\\\/\",\"logo\":{\"@type\":\"ImageObject\",\"inLanguage\":\"de\",\"@id\":\"https:\\\/\\\/www.umpalai.it\\\/de\\\/#\\\/schema\\\/logo\\\/image\\\/\",\"url\":\"https:\\\/\\\/www.umpalai.it\\\/wp-content\\\/uploads\\\/2024\\\/04\\\/um-palai.png\",\"contentUrl\":\"https:\\\/\\\/www.umpalai.it\\\/wp-content\\\/uploads\\\/2024\\\/04\\\/um-palai.png\",\"width\":1211,\"height\":823,\"caption\":\"Pal\u00f9 del Fersina\"},\"image\":{\"@id\":\"https:\\\/\\\/www.umpalai.it\\\/de\\\/#\\\/schema\\\/logo\\\/image\\\/\"},\"sameAs\":[\"https:\\\/\\\/www.facebook.com\\\/PaludelFersina\\\/\"]},{\"@type\":\"Person\",\"@id\":\"https:\\\/\\\/www.umpalai.it\\\/de\\\/#\\\/schema\\\/person\\\/c4bb30f288911db2984cdac473ab9b88\",\"name\":\"Leveloop\",\"image\":{\"@type\":\"ImageObject\",\"inLanguage\":\"de\",\"@id\":\"https:\\\/\\\/secure.gravatar.com\\\/avatar\\\/133c970b7ee8e2c97707f8b51c7448c6a8709e26c293cf3c648efb8cca74ab87?s=96&d=mm&r=g\",\"url\":\"https:\\\/\\\/secure.gravatar.com\\\/avatar\\\/133c970b7ee8e2c97707f8b51c7448c6a8709e26c293cf3c648efb8cca74ab87?s=96&d=mm&r=g\",\"contentUrl\":\"https:\\\/\\\/secure.gravatar.com\\\/avatar\\\/133c970b7ee8e2c97707f8b51c7448c6a8709e26c293cf3c648efb8cca74ab87?s=96&d=mm&r=g\",\"caption\":\"Leveloop\"}}]}<\/script>\n<!-- \/ Yoast SEO plugin. -->","yoast_head_json":{"title":"Kleines alchemistisches Labor - Um Palai","robots":{"index":"index","follow":"follow","max-snippet":"max-snippet:-1","max-image-preview":"max-image-preview:large","max-video-preview":"max-video-preview:-1"},"canonical":"https:\/\/www.umpalai.it\/de\/veranstaltungen\/kleines-alchemistisches-labor\/","og_locale":"de_DE","og_type":"article","og_title":"Kleines alchemistisches Labor - Um Palai","og_description":"Datum: 13 Juni 2024 &#8211;\u00a020 Juni 2024 &#8211;\u00a027 Juni 2024 &#8211;\u00a04 Juli 2024\u00a011 Juli 2024 &#8211;\u00a018 Juli 2024 &#8211;\u00a025 Juli 2024 &#8211;\u00a01 August 2024 &#8211;\u00a08 August 2024 &#8211;\u00a015 August 2024 &#8211;\u00a022 August 2024 ZEITRAUM DER AKTIVIT\u00c4T:Vom 09. Mai bis 26. September 2024 TAG UND ZEIT DER AKTIVIT\u00c4T:Donnerstag vom 9.30 Uhr bis 12.00 UhrGESPROCHENE SPRACHEN:Italienisch, EnglischBESCHREIBUNG [&hellip;]","og_url":"https:\/\/www.umpalai.it\/de\/veranstaltungen\/kleines-alchemistisches-labor\/","og_site_name":"Um Palai","article_publisher":"https:\/\/www.facebook.com\/PaludelFersina\/","article_published_time":"2024-06-12T19:12:06+00:00","article_modified_time":"2024-06-12T19:31:05+00:00","og_image":[{"width":2560,"height":1703,"url":"https:\/\/www.umpalai.it\/wp-content\/uploads\/2024\/06\/spices-2548653.webp","type":"image\/webp"}],"author":"Leveloop","twitter_card":"summary_large_image","twitter_misc":{"Verfasst von":"Leveloop","Gesch\u00e4tzte Lesezeit":"2\u00a0Minuten"},"schema":{"@context":"https:\/\/schema.org","@graph":[{"@type":"Article","@id":"https:\/\/www.umpalai.it\/de\/veranstaltungen\/kleines-alchemistisches-labor\/#article","isPartOf":{"@id":"https:\/\/www.umpalai.it\/de\/veranstaltungen\/kleines-alchemistisches-labor\/"},"author":{"name":"Leveloop","@id":"https:\/\/www.umpalai.it\/de\/#\/schema\/person\/c4bb30f288911db2984cdac473ab9b88"},"headline":"Kleines alchemistisches Labor","datePublished":"2024-06-12T19:12:06+00:00","dateModified":"2024-06-12T19:31:05+00:00","mainEntityOfPage":{"@id":"https:\/\/www.umpalai.it\/de\/veranstaltungen\/kleines-alchemistisches-labor\/"},"wordCount":204,"publisher":{"@id":"https:\/\/www.umpalai.it\/de\/#organization"},"image":{"@id":"https:\/\/www.umpalai.it\/de\/veranstaltungen\/kleines-alchemistisches-labor\/#primaryimage"},"thumbnailUrl":"https:\/\/www.umpalai.it\/wp-content\/uploads\/2024\/06\/spices-2548653.webp","articleSection":["Veranstaltungen"],"inLanguage":"de"},{"@type":"WebPage","@id":"https:\/\/www.umpalai.it\/de\/veranstaltungen\/kleines-alchemistisches-labor\/","url":"https:\/\/www.umpalai.it\/de\/veranstaltungen\/kleines-alchemistisches-labor\/","name":"Kleines alchemistisches Labor - Um Palai","isPartOf":{"@id":"https:\/\/www.umpalai.it\/de\/#website"},"primaryImageOfPage":{"@id":"https:\/\/www.umpalai.it\/de\/veranstaltungen\/kleines-alchemistisches-labor\/#primaryimage"},"image":{"@id":"https:\/\/www.umpalai.it\/de\/veranstaltungen\/kleines-alchemistisches-labor\/#primaryimage"},"thumbnailUrl":"https:\/\/www.umpalai.it\/wp-content\/uploads\/2024\/06\/spices-2548653.webp","datePublished":"2024-06-12T19:12:06+00:00","dateModified":"2024-06-12T19:31:05+00:00","breadcrumb":{"@id":"https:\/\/www.umpalai.it\/de\/veranstaltungen\/kleines-alchemistisches-labor\/#breadcrumb"},"inLanguage":"de","potentialAction":[{"@type":"ReadAction","target":["https:\/\/www.umpalai.it\/de\/veranstaltungen\/kleines-alchemistisches-labor\/"]}]},{"@type":"ImageObject","inLanguage":"de","@id":"https:\/\/www.umpalai.it\/de\/veranstaltungen\/kleines-alchemistisches-labor\/#primaryimage","url":"https:\/\/www.umpalai.it\/wp-content\/uploads\/2024\/06\/spices-2548653.webp","contentUrl":"https:\/\/www.umpalai.it\/wp-content\/uploads\/2024\/06\/spices-2548653.webp","width":2560,"height":1703,"caption":"Piccolo laboratorio alchemico"},{"@type":"BreadcrumbList","@id":"https:\/\/www.umpalai.it\/de\/veranstaltungen\/kleines-alchemistisches-labor\/#breadcrumb","itemListElement":[{"@type":"ListItem","position":1,"name":"Home","item":"https:\/\/www.umpalai.it\/de\/"},{"@type":"ListItem","position":2,"name":"Kleines alchemistisches Labor"}]},{"@type":"WebSite","@id":"https:\/\/www.umpalai.it\/de\/#website","url":"https:\/\/www.umpalai.it\/de\/","name":"Pal\u00f9 del Fersina","description":"Im Herzen des Fersental","publisher":{"@id":"https:\/\/www.umpalai.it\/de\/#organization"},"potentialAction":[{"@type":"SearchAction","target":{"@type":"EntryPoint","urlTemplate":"https:\/\/www.umpalai.it\/de\/?s={search_term_string}"},"query-input":{"@type":"PropertyValueSpecification","valueRequired":true,"valueName":"search_term_string"}}],"inLanguage":"de"},{"@type":"Organization","@id":"https:\/\/www.umpalai.it\/de\/#organization","name":"Pal\u00f9 del Fersina","url":"https:\/\/www.umpalai.it\/de\/","logo":{"@type":"ImageObject","inLanguage":"de","@id":"https:\/\/www.umpalai.it\/de\/#\/schema\/logo\/image\/","url":"https:\/\/www.umpalai.it\/wp-content\/uploads\/2024\/04\/um-palai.png","contentUrl":"https:\/\/www.umpalai.it\/wp-content\/uploads\/2024\/04\/um-palai.png","width":1211,"height":823,"caption":"Pal\u00f9 del Fersina"},"image":{"@id":"https:\/\/www.umpalai.it\/de\/#\/schema\/logo\/image\/"},"sameAs":["https:\/\/www.facebook.com\/PaludelFersina\/"]},{"@type":"Person","@id":"https:\/\/www.umpalai.it\/de\/#\/schema\/person\/c4bb30f288911db2984cdac473ab9b88","name":"Leveloop","image":{"@type":"ImageObject","inLanguage":"de","@id":"https:\/\/secure.gravatar.com\/avatar\/133c970b7ee8e2c97707f8b51c7448c6a8709e26c293cf3c648efb8cca74ab87?s=96&d=mm&r=g","url":"https:\/\/secure.gravatar.com\/avatar\/133c970b7ee8e2c97707f8b51c7448c6a8709e26c293cf3c648efb8cca74ab87?s=96&d=mm&r=g","contentUrl":"https:\/\/secure.gravatar.com\/avatar\/133c970b7ee8e2c97707f8b51c7448c6a8709e26c293cf3c648efb8cca74ab87?s=96&d=mm&r=g","caption":"Leveloop"}}]}},"_links":{"self":[{"href":"https:\/\/www.umpalai.it\/de\/wp-json\/wp\/v2\/posts\/1632","targetHints":{"allow":["GET"]}}],"collection":[{"href":"https:\/\/www.umpalai.it\/de\/wp-json\/wp\/v2\/posts"}],"about":[{"href":"https:\/\/www.umpalai.it\/de\/wp-json\/wp\/v2\/types\/post"}],"author":[{"embeddable":true,"href":"https:\/\/www.umpalai.it\/de\/wp-json\/wp\/v2\/users\/1"}],"replies":[{"embeddable":true,"href":"https:\/\/www.umpalai.it\/de\/wp-json\/wp\/v2\/comments?post=1632"}],"version-history":[{"count":3,"href":"https:\/\/www.umpalai.it\/de\/wp-json\/wp\/v2\/posts\/1632\/revisions"}],"predecessor-version":[{"id":1640,"href":"https:\/\/www.umpalai.it\/de\/wp-json\/wp\/v2\/posts\/1632\/revisions\/1640"}],"wp:featuredmedia":[{"embeddable":true,"href":"https:\/\/www.umpalai.it\/de\/wp-json\/wp\/v2\/media\/1630"}],"wp:attachment":[{"href":"https:\/\/www.umpalai.it\/de\/wp-json\/wp\/v2\/media?parent=1632"}],"wp:term":[{"taxonomy":"category","embeddable":true,"href":"https:\/\/www.umpalai.it\/de\/wp-json\/wp\/v2\/categories?post=1632"},{"taxonomy":"post_tag","embeddable":true,"href":"https:\/\/www.umpalai.it\/de\/wp-json\/wp\/v2\/tags?post=1632"}],"curies":[{"name":"wp","href":"https:\/\/api.w.org\/{rel}","templated":true}]}}