{"id":1642,"date":"2024-06-12T19:24:14","date_gmt":"2024-06-12T19:24:14","guid":{"rendered":"https:\/?p=1642"},"modified":"2024-06-12T19:27:09","modified_gmt":"2024-06-12T19:27:09","slug":"kleines-alchemistisches-labor-2","status":"publish","type":"post","link":"https:\/\/www.umpalai.it\/de\/veranstaltungen\/kleines-alchemistisches-labor-2\/","title":{"rendered":"Gef\u00fchrte Tour in der Mulino Lenzi"},"content":{"rendered":"\n<div class=\"wp-block-columns is-layout-flex wp-container-core-columns-is-layout-9d6595d7 wp-block-columns-is-layout-flex\">\n<div class=\"wp-block-column is-layout-flow wp-block-column-is-layout-flow\">\n<div class=\"wp-block-columns is-layout-flex wp-container-core-columns-is-layout-9d6595d7 wp-block-columns-is-layout-flex\">\n<div class=\"wp-block-column is-layout-flow wp-block-column-is-layout-flow\">\n<p><strong>Datum:<\/strong> 30. Juni 2024 &#8211; 28. Juli 2024 &#8211; 25. August 2024<\/p>\n\n\n\n<p><strong>ZEITRAUM DER AKTIVIT\u00c4T:<\/strong><br>Vom 30. Juni bis 25. August 2024<\/p>\n\n\n\n<p><strong>TAG UND UHRZEIT DER AKTIVIT\u00c4T:<\/strong><br>Donnerstag von 9:30 bis 12:00 Uhr<\/p>\n\n\n\n<p><strong>SPRACHE DER AKTIVIT\u00c4T:<\/strong><br>Italienisch<\/p>\n\n\n\n<p><strong>BESCHREIBUNG DER AKTIVIT\u00c4T:<\/strong><br>Die Mulino Lenzi, gelegen in Pal\u00f9 del Fersina, bietet spannende F\u00fchrungen an, die es den Besuchern erm\u00f6glichen, in die Tradition des Getreidemahlens einzutauchen. Durch diese Erlebnisse k\u00f6nnen die Teilnehmer den Betrieb der alten Steinm\u00fchlen aus n\u00e4chster N\u00e4he betrachten, den authentischen Geschmack von frisch gemahlenem Mehl genie\u00dfen und die zentrale Rolle entdecken, die die M\u00fchle im Leben und in der Wirtschaft des Valle dei Mocheni gespielt hat. Diese F\u00fchrungen vermitteln nicht nur Wissen \u00fcber traditionelle Techniken der Getreideverarbeitung, sondern auch \u00fcber die Geschichte und kulturelle Bedeutung der Mulino Lenzi in der trentinischen Gemeinschaft.<\/p>\n\n\n\n<p><strong>HINWEISE:<\/strong><br>&#8211; F\u00fchrungen sind nach vorheriger Anmeldung m\u00f6glich.<\/p>\n\n\n\n<p><strong>INFO UND RESERVIERUNGEN (verpflichtend):<\/strong><br><a>mulinolenzi2501@gmail.com<\/a><br>348 3121851 &#8211; 388 9543655<\/p>\n<\/div>\n<\/div>\n<\/div>\n<\/div>\n","protected":false},"excerpt":{"rendered":"<p>Datum: 30. Juni 2024 &#8211; 28. Juli 2024 &#8211; 25. August 2024 ZEITRAUM DER AKTIVIT\u00c4T:Vom 30. Juni bis 25. August 2024 TAG UND UHRZEIT DER AKTIVIT\u00c4T:Donnerstag von 9:30 bis 12:00 Uhr SPRACHE DER AKTIVIT\u00c4T:Italienisch BESCHREIBUNG DER AKTIVIT\u00c4T:Die Mulino Lenzi, gelegen in Pal\u00f9 del Fersina, bietet spannende F\u00fchrungen an, die es den Besuchern erm\u00f6glichen, in die [&hellip;]<\/p>\n","protected":false},"author":1,"featured_media":1460,"comment_status":"closed","ping_status":"open","sticky":false,"template":"","format":"standard","meta":{"_acf_changed":false,"footnotes":""},"categories":[89,89],"tags":[],"class_list":["post-1642","post","type-post","status-publish","format-standard","has-post-thumbnail","hentry","category-veranstaltungen"],"acf":[],"yoast_head":"<!-- This site is optimized with the Yoast SEO plugin v27.5 - https:\/\/yoast.com\/product\/yoast-seo-wordpress\/ -->\n<title>Gef\u00fchrte Tour in der Mulino Lenzi - Um Palai<\/title>\n<meta name=\"robots\" content=\"index, follow, max-snippet:-1, max-image-preview:large, max-video-preview:-1\" \/>\n<link rel=\"canonical\" href=\"https:\/\/www.umpalai.it\/de\/veranstaltungen\/kleines-alchemistisches-labor-2\/\" \/>\n<meta property=\"og:locale\" content=\"de_DE\" \/>\n<meta property=\"og:type\" content=\"article\" \/>\n<meta property=\"og:title\" content=\"Gef\u00fchrte Tour in der Mulino Lenzi - Um Palai\" \/>\n<meta property=\"og:description\" content=\"Datum: 30. Juni 2024 &#8211; 28. Juli 2024 &#8211; 25. August 2024 ZEITRAUM DER AKTIVIT\u00c4T:Vom 30. Juni bis 25. August 2024 TAG UND UHRZEIT DER AKTIVIT\u00c4T:Donnerstag von 9:30 bis 12:00 Uhr SPRACHE DER AKTIVIT\u00c4T:Italienisch BESCHREIBUNG DER AKTIVIT\u00c4T:Die Mulino Lenzi, gelegen in Pal\u00f9 del Fersina, bietet spannende F\u00fchrungen an, die es den Besuchern erm\u00f6glichen, in die [&hellip;]\" \/>\n<meta property=\"og:url\" content=\"https:\/\/www.umpalai.it\/de\/veranstaltungen\/kleines-alchemistisches-labor-2\/\" \/>\n<meta property=\"og:site_name\" content=\"Um Palai\" \/>\n<meta property=\"article:publisher\" content=\"https:\/\/www.facebook.com\/PaludelFersina\/\" \/>\n<meta property=\"article:published_time\" content=\"2024-06-12T19:24:14+00:00\" \/>\n<meta property=\"article:modified_time\" content=\"2024-06-12T19:27:09+00:00\" \/>\n<meta property=\"og:image\" content=\"https:\/\/www.umpalai.it\/wp-content\/uploads\/2024\/06\/fotovintoconcorso8posto.jpg\" \/>\n\t<meta property=\"og:image:width\" content=\"1600\" \/>\n\t<meta property=\"og:image:height\" content=\"839\" \/>\n\t<meta property=\"og:image:type\" content=\"image\/jpeg\" \/>\n<meta name=\"author\" content=\"Leveloop\" \/>\n<meta name=\"twitter:card\" content=\"summary_large_image\" \/>\n<meta name=\"twitter:label1\" content=\"Verfasst von\" \/>\n\t<meta name=\"twitter:data1\" content=\"Leveloop\" \/>\n\t<meta name=\"twitter:label2\" content=\"Gesch\u00e4tzte Lesezeit\" \/>\n\t<meta name=\"twitter:data2\" content=\"1\u00a0Minute\" \/>\n<script type=\"application\/ld+json\" class=\"yoast-schema-graph\">{\"@context\":\"https:\\\/\\\/schema.org\",\"@graph\":[{\"@type\":\"Article\",\"@id\":\"https:\\\/\\\/www.umpalai.it\\\/de\\\/veranstaltungen\\\/kleines-alchemistisches-labor-2\\\/#article\",\"isPartOf\":{\"@id\":\"https:\\\/\\\/www.umpalai.it\\\/de\\\/veranstaltungen\\\/kleines-alchemistisches-labor-2\\\/\"},\"author\":{\"name\":\"Leveloop\",\"@id\":\"https:\\\/\\\/www.umpalai.it\\\/de\\\/#\\\/schema\\\/person\\\/c4bb30f288911db2984cdac473ab9b88\"},\"headline\":\"Gef\u00fchrte Tour in der Mulino Lenzi\",\"datePublished\":\"2024-06-12T19:24:14+00:00\",\"dateModified\":\"2024-06-12T19:27:09+00:00\",\"mainEntityOfPage\":{\"@id\":\"https:\\\/\\\/www.umpalai.it\\\/de\\\/veranstaltungen\\\/kleines-alchemistisches-labor-2\\\/\"},\"wordCount\":159,\"publisher\":{\"@id\":\"https:\\\/\\\/www.umpalai.it\\\/de\\\/#organization\"},\"image\":{\"@id\":\"https:\\\/\\\/www.umpalai.it\\\/de\\\/veranstaltungen\\\/kleines-alchemistisches-labor-2\\\/#primaryimage\"},\"thumbnailUrl\":\"https:\\\/\\\/www.umpalai.it\\\/wp-content\\\/uploads\\\/2024\\\/06\\\/fotovintoconcorso8posto.jpg\",\"articleSection\":[\"Veranstaltungen\",\"Veranstaltungen\"],\"inLanguage\":\"de\"},{\"@type\":\"WebPage\",\"@id\":\"https:\\\/\\\/www.umpalai.it\\\/de\\\/veranstaltungen\\\/kleines-alchemistisches-labor-2\\\/\",\"url\":\"https:\\\/\\\/www.umpalai.it\\\/de\\\/veranstaltungen\\\/kleines-alchemistisches-labor-2\\\/\",\"name\":\"Gef\u00fchrte Tour in der Mulino Lenzi - Um Palai\",\"isPartOf\":{\"@id\":\"https:\\\/\\\/www.umpalai.it\\\/de\\\/#website\"},\"primaryImageOfPage\":{\"@id\":\"https:\\\/\\\/www.umpalai.it\\\/de\\\/veranstaltungen\\\/kleines-alchemistisches-labor-2\\\/#primaryimage\"},\"image\":{\"@id\":\"https:\\\/\\\/www.umpalai.it\\\/de\\\/veranstaltungen\\\/kleines-alchemistisches-labor-2\\\/#primaryimage\"},\"thumbnailUrl\":\"https:\\\/\\\/www.umpalai.it\\\/wp-content\\\/uploads\\\/2024\\\/06\\\/fotovintoconcorso8posto.jpg\",\"datePublished\":\"2024-06-12T19:24:14+00:00\",\"dateModified\":\"2024-06-12T19:27:09+00:00\",\"breadcrumb\":{\"@id\":\"https:\\\/\\\/www.umpalai.it\\\/de\\\/veranstaltungen\\\/kleines-alchemistisches-labor-2\\\/#breadcrumb\"},\"inLanguage\":\"de\",\"potentialAction\":[{\"@type\":\"ReadAction\",\"target\":[\"https:\\\/\\\/www.umpalai.it\\\/de\\\/veranstaltungen\\\/kleines-alchemistisches-labor-2\\\/\"]}]},{\"@type\":\"ImageObject\",\"inLanguage\":\"de\",\"@id\":\"https:\\\/\\\/www.umpalai.it\\\/de\\\/veranstaltungen\\\/kleines-alchemistisches-labor-2\\\/#primaryimage\",\"url\":\"https:\\\/\\\/www.umpalai.it\\\/wp-content\\\/uploads\\\/2024\\\/06\\\/fotovintoconcorso8posto.jpg\",\"contentUrl\":\"https:\\\/\\\/www.umpalai.it\\\/wp-content\\\/uploads\\\/2024\\\/06\\\/fotovintoconcorso8posto.jpg\",\"width\":1600,\"height\":839,\"caption\":\"Mulino Lenzi\"},{\"@type\":\"BreadcrumbList\",\"@id\":\"https:\\\/\\\/www.umpalai.it\\\/de\\\/veranstaltungen\\\/kleines-alchemistisches-labor-2\\\/#breadcrumb\",\"itemListElement\":[{\"@type\":\"ListItem\",\"position\":1,\"name\":\"Home\",\"item\":\"https:\\\/\\\/www.umpalai.it\\\/de\\\/\"},{\"@type\":\"ListItem\",\"position\":2,\"name\":\"Gef\u00fchrte Tour in der Mulino Lenzi\"}]},{\"@type\":\"WebSite\",\"@id\":\"https:\\\/\\\/www.umpalai.it\\\/de\\\/#website\",\"url\":\"https:\\\/\\\/www.umpalai.it\\\/de\\\/\",\"name\":\"Pal\u00f9 del Fersina\",\"description\":\"Im Herzen des Fersental\",\"publisher\":{\"@id\":\"https:\\\/\\\/www.umpalai.it\\\/de\\\/#organization\"},\"potentialAction\":[{\"@type\":\"SearchAction\",\"target\":{\"@type\":\"EntryPoint\",\"urlTemplate\":\"https:\\\/\\\/www.umpalai.it\\\/de\\\/?s={search_term_string}\"},\"query-input\":{\"@type\":\"PropertyValueSpecification\",\"valueRequired\":true,\"valueName\":\"search_term_string\"}}],\"inLanguage\":\"de\"},{\"@type\":\"Organization\",\"@id\":\"https:\\\/\\\/www.umpalai.it\\\/de\\\/#organization\",\"name\":\"Pal\u00f9 del Fersina\",\"url\":\"https:\\\/\\\/www.umpalai.it\\\/de\\\/\",\"logo\":{\"@type\":\"ImageObject\",\"inLanguage\":\"de\",\"@id\":\"https:\\\/\\\/www.umpalai.it\\\/de\\\/#\\\/schema\\\/logo\\\/image\\\/\",\"url\":\"https:\\\/\\\/www.umpalai.it\\\/wp-content\\\/uploads\\\/2024\\\/04\\\/um-palai.png\",\"contentUrl\":\"https:\\\/\\\/www.umpalai.it\\\/wp-content\\\/uploads\\\/2024\\\/04\\\/um-palai.png\",\"width\":1211,\"height\":823,\"caption\":\"Pal\u00f9 del Fersina\"},\"image\":{\"@id\":\"https:\\\/\\\/www.umpalai.it\\\/de\\\/#\\\/schema\\\/logo\\\/image\\\/\"},\"sameAs\":[\"https:\\\/\\\/www.facebook.com\\\/PaludelFersina\\\/\"]},{\"@type\":\"Person\",\"@id\":\"https:\\\/\\\/www.umpalai.it\\\/de\\\/#\\\/schema\\\/person\\\/c4bb30f288911db2984cdac473ab9b88\",\"name\":\"Leveloop\",\"image\":{\"@type\":\"ImageObject\",\"inLanguage\":\"de\",\"@id\":\"https:\\\/\\\/secure.gravatar.com\\\/avatar\\\/133c970b7ee8e2c97707f8b51c7448c6a8709e26c293cf3c648efb8cca74ab87?s=96&d=mm&r=g\",\"url\":\"https:\\\/\\\/secure.gravatar.com\\\/avatar\\\/133c970b7ee8e2c97707f8b51c7448c6a8709e26c293cf3c648efb8cca74ab87?s=96&d=mm&r=g\",\"contentUrl\":\"https:\\\/\\\/secure.gravatar.com\\\/avatar\\\/133c970b7ee8e2c97707f8b51c7448c6a8709e26c293cf3c648efb8cca74ab87?s=96&d=mm&r=g\",\"caption\":\"Leveloop\"}}]}<\/script>\n<!-- \/ Yoast SEO plugin. -->","yoast_head_json":{"title":"Gef\u00fchrte Tour in der Mulino Lenzi - Um Palai","robots":{"index":"index","follow":"follow","max-snippet":"max-snippet:-1","max-image-preview":"max-image-preview:large","max-video-preview":"max-video-preview:-1"},"canonical":"https:\/\/www.umpalai.it\/de\/veranstaltungen\/kleines-alchemistisches-labor-2\/","og_locale":"de_DE","og_type":"article","og_title":"Gef\u00fchrte Tour in der Mulino Lenzi - Um Palai","og_description":"Datum: 30. Juni 2024 &#8211; 28. Juli 2024 &#8211; 25. August 2024 ZEITRAUM DER AKTIVIT\u00c4T:Vom 30. Juni bis 25. August 2024 TAG UND UHRZEIT DER AKTIVIT\u00c4T:Donnerstag von 9:30 bis 12:00 Uhr SPRACHE DER AKTIVIT\u00c4T:Italienisch BESCHREIBUNG DER AKTIVIT\u00c4T:Die Mulino Lenzi, gelegen in Pal\u00f9 del Fersina, bietet spannende F\u00fchrungen an, die es den Besuchern erm\u00f6glichen, in die [&hellip;]","og_url":"https:\/\/www.umpalai.it\/de\/veranstaltungen\/kleines-alchemistisches-labor-2\/","og_site_name":"Um Palai","article_publisher":"https:\/\/www.facebook.com\/PaludelFersina\/","article_published_time":"2024-06-12T19:24:14+00:00","article_modified_time":"2024-06-12T19:27:09+00:00","og_image":[{"width":1600,"height":839,"url":"https:\/\/www.umpalai.it\/wp-content\/uploads\/2024\/06\/fotovintoconcorso8posto.jpg","type":"image\/jpeg"}],"author":"Leveloop","twitter_card":"summary_large_image","twitter_misc":{"Verfasst von":"Leveloop","Gesch\u00e4tzte Lesezeit":"1\u00a0Minute"},"schema":{"@context":"https:\/\/schema.org","@graph":[{"@type":"Article","@id":"https:\/\/www.umpalai.it\/de\/veranstaltungen\/kleines-alchemistisches-labor-2\/#article","isPartOf":{"@id":"https:\/\/www.umpalai.it\/de\/veranstaltungen\/kleines-alchemistisches-labor-2\/"},"author":{"name":"Leveloop","@id":"https:\/\/www.umpalai.it\/de\/#\/schema\/person\/c4bb30f288911db2984cdac473ab9b88"},"headline":"Gef\u00fchrte Tour in der Mulino Lenzi","datePublished":"2024-06-12T19:24:14+00:00","dateModified":"2024-06-12T19:27:09+00:00","mainEntityOfPage":{"@id":"https:\/\/www.umpalai.it\/de\/veranstaltungen\/kleines-alchemistisches-labor-2\/"},"wordCount":159,"publisher":{"@id":"https:\/\/www.umpalai.it\/de\/#organization"},"image":{"@id":"https:\/\/www.umpalai.it\/de\/veranstaltungen\/kleines-alchemistisches-labor-2\/#primaryimage"},"thumbnailUrl":"https:\/\/www.umpalai.it\/wp-content\/uploads\/2024\/06\/fotovintoconcorso8posto.jpg","articleSection":["Veranstaltungen","Veranstaltungen"],"inLanguage":"de"},{"@type":"WebPage","@id":"https:\/\/www.umpalai.it\/de\/veranstaltungen\/kleines-alchemistisches-labor-2\/","url":"https:\/\/www.umpalai.it\/de\/veranstaltungen\/kleines-alchemistisches-labor-2\/","name":"Gef\u00fchrte Tour in der Mulino Lenzi - Um Palai","isPartOf":{"@id":"https:\/\/www.umpalai.it\/de\/#website"},"primaryImageOfPage":{"@id":"https:\/\/www.umpalai.it\/de\/veranstaltungen\/kleines-alchemistisches-labor-2\/#primaryimage"},"image":{"@id":"https:\/\/www.umpalai.it\/de\/veranstaltungen\/kleines-alchemistisches-labor-2\/#primaryimage"},"thumbnailUrl":"https:\/\/www.umpalai.it\/wp-content\/uploads\/2024\/06\/fotovintoconcorso8posto.jpg","datePublished":"2024-06-12T19:24:14+00:00","dateModified":"2024-06-12T19:27:09+00:00","breadcrumb":{"@id":"https:\/\/www.umpalai.it\/de\/veranstaltungen\/kleines-alchemistisches-labor-2\/#breadcrumb"},"inLanguage":"de","potentialAction":[{"@type":"ReadAction","target":["https:\/\/www.umpalai.it\/de\/veranstaltungen\/kleines-alchemistisches-labor-2\/"]}]},{"@type":"ImageObject","inLanguage":"de","@id":"https:\/\/www.umpalai.it\/de\/veranstaltungen\/kleines-alchemistisches-labor-2\/#primaryimage","url":"https:\/\/www.umpalai.it\/wp-content\/uploads\/2024\/06\/fotovintoconcorso8posto.jpg","contentUrl":"https:\/\/www.umpalai.it\/wp-content\/uploads\/2024\/06\/fotovintoconcorso8posto.jpg","width":1600,"height":839,"caption":"Mulino Lenzi"},{"@type":"BreadcrumbList","@id":"https:\/\/www.umpalai.it\/de\/veranstaltungen\/kleines-alchemistisches-labor-2\/#breadcrumb","itemListElement":[{"@type":"ListItem","position":1,"name":"Home","item":"https:\/\/www.umpalai.it\/de\/"},{"@type":"ListItem","position":2,"name":"Gef\u00fchrte Tour in der Mulino Lenzi"}]},{"@type":"WebSite","@id":"https:\/\/www.umpalai.it\/de\/#website","url":"https:\/\/www.umpalai.it\/de\/","name":"Pal\u00f9 del Fersina","description":"Im Herzen des Fersental","publisher":{"@id":"https:\/\/www.umpalai.it\/de\/#organization"},"potentialAction":[{"@type":"SearchAction","target":{"@type":"EntryPoint","urlTemplate":"https:\/\/www.umpalai.it\/de\/?s={search_term_string}"},"query-input":{"@type":"PropertyValueSpecification","valueRequired":true,"valueName":"search_term_string"}}],"inLanguage":"de"},{"@type":"Organization","@id":"https:\/\/www.umpalai.it\/de\/#organization","name":"Pal\u00f9 del Fersina","url":"https:\/\/www.umpalai.it\/de\/","logo":{"@type":"ImageObject","inLanguage":"de","@id":"https:\/\/www.umpalai.it\/de\/#\/schema\/logo\/image\/","url":"https:\/\/www.umpalai.it\/wp-content\/uploads\/2024\/04\/um-palai.png","contentUrl":"https:\/\/www.umpalai.it\/wp-content\/uploads\/2024\/04\/um-palai.png","width":1211,"height":823,"caption":"Pal\u00f9 del Fersina"},"image":{"@id":"https:\/\/www.umpalai.it\/de\/#\/schema\/logo\/image\/"},"sameAs":["https:\/\/www.facebook.com\/PaludelFersina\/"]},{"@type":"Person","@id":"https:\/\/www.umpalai.it\/de\/#\/schema\/person\/c4bb30f288911db2984cdac473ab9b88","name":"Leveloop","image":{"@type":"ImageObject","inLanguage":"de","@id":"https:\/\/secure.gravatar.com\/avatar\/133c970b7ee8e2c97707f8b51c7448c6a8709e26c293cf3c648efb8cca74ab87?s=96&d=mm&r=g","url":"https:\/\/secure.gravatar.com\/avatar\/133c970b7ee8e2c97707f8b51c7448c6a8709e26c293cf3c648efb8cca74ab87?s=96&d=mm&r=g","contentUrl":"https:\/\/secure.gravatar.com\/avatar\/133c970b7ee8e2c97707f8b51c7448c6a8709e26c293cf3c648efb8cca74ab87?s=96&d=mm&r=g","caption":"Leveloop"}}]}},"_links":{"self":[{"href":"https:\/\/www.umpalai.it\/de\/wp-json\/wp\/v2\/posts\/1642","targetHints":{"allow":["GET"]}}],"collection":[{"href":"https:\/\/www.umpalai.it\/de\/wp-json\/wp\/v2\/posts"}],"about":[{"href":"https:\/\/www.umpalai.it\/de\/wp-json\/wp\/v2\/types\/post"}],"author":[{"embeddable":true,"href":"https:\/\/www.umpalai.it\/de\/wp-json\/wp\/v2\/users\/1"}],"replies":[{"embeddable":true,"href":"https:\/\/www.umpalai.it\/de\/wp-json\/wp\/v2\/comments?post=1642"}],"version-history":[{"count":3,"href":"https:\/\/www.umpalai.it\/de\/wp-json\/wp\/v2\/posts\/1642\/revisions"}],"predecessor-version":[{"id":1654,"href":"https:\/\/www.umpalai.it\/de\/wp-json\/wp\/v2\/posts\/1642\/revisions\/1654"}],"wp:featuredmedia":[{"embeddable":true,"href":"https:\/\/www.umpalai.it\/de\/wp-json\/wp\/v2\/media\/1460"}],"wp:attachment":[{"href":"https:\/\/www.umpalai.it\/de\/wp-json\/wp\/v2\/media?parent=1642"}],"wp:term":[{"taxonomy":"category","embeddable":true,"href":"https:\/\/www.umpalai.it\/de\/wp-json\/wp\/v2\/categories?post=1642"},{"taxonomy":"post_tag","embeddable":true,"href":"https:\/\/www.umpalai.it\/de\/wp-json\/wp\/v2\/tags?post=1642"}],"curies":[{"name":"wp","href":"https:\/\/api.w.org\/{rel}","templated":true}]}}