{"id":1758,"date":"2024-08-20T13:05:14","date_gmt":"2024-08-20T13:05:14","guid":{"rendered":"https:\/?p=1758"},"modified":"2024-08-21T13:53:54","modified_gmt":"2024-08-21T13:53:54","slug":"bersntol-ring-2024","status":"publish","type":"post","link":"https:\/\/www.umpalai.it\/de\/veranstaltungen\/bersntol-ring-2024\/","title":{"rendered":"Bersntol Ring 2024"},"content":{"rendered":"\n<div class=\"wp-block-columns is-layout-flex wp-container-core-columns-is-layout-9d6595d7 wp-block-columns-is-layout-flex\">\n<div class=\"wp-block-column is-layout-flow wp-block-column-is-layout-flow\">\n<p>Die renommierte gastronomische Wanderung \u201eBersntol Ring\u201c kehrt zur\u00fcck und feiert ihre 26. Ausgabe. In diesem Jahr findet die Veranstaltung in Fierozzo statt, entlang einer 17 km langen Strecke mit einem Gesamth\u00f6henunterschied von 660 m. Verpassen Sie nicht die Gelegenheit, die authentischen Aromen der lokalen K\u00fcche zu entdecken, w\u00e4hrend Sie durch atemberaubende Berglandschaften und alte D\u00f6rfer wandern. Unterwegs k\u00f6nnen Sie typische Spezialit\u00e4ten genie\u00dfen, die mit regionalen Zutaten zubereitet werden, und ein immersives Erlebnis inmitten von Natur, Geschichte und kulinarischer Tradition erleben.<\/p>\n\n\n\n<p><strong>ACHTUNG:<\/strong> Aufgrund von schlechtem Wetter wurde die Veranstaltung auf <strong>SONNTAG, DEN 25. JUNI<\/strong> verschoben.<\/p>\n\n\n\n<figure class=\"wp-block-image size-large\"><img decoding=\"async\" width=\"704\" height=\"1024\" src=\"http:\/\/umpalai.it\/wp-content\/uploads\/2024\/08\/9d2652da-65da-429b-a821-0f4372eaa069-704x1024.jpeg\" alt=\"\" class=\"wp-image-1749\" srcset=\"https:\/\/www.umpalai.it\/wp-content\/uploads\/2024\/08\/9d2652da-65da-429b-a821-0f4372eaa069-704x1024.jpeg 704w, https:\/\/www.umpalai.it\/wp-content\/uploads\/2024\/08\/9d2652da-65da-429b-a821-0f4372eaa069-206x300.jpeg 206w, https:\/\/www.umpalai.it\/wp-content\/uploads\/2024\/08\/9d2652da-65da-429b-a821-0f4372eaa069-768x1118.jpeg 768w, https:\/\/www.umpalai.it\/wp-content\/uploads\/2024\/08\/9d2652da-65da-429b-a821-0f4372eaa069-1055x1536.jpeg 1055w, https:\/\/www.umpalai.it\/wp-content\/uploads\/2024\/08\/9d2652da-65da-429b-a821-0f4372eaa069.jpeg 1080w\" sizes=\"(max-width: 704px) 100vw, 704px\" \/><\/figure>\n<\/div>\n<\/div>\n","protected":false},"excerpt":{"rendered":"<p>Die renommierte gastronomische Wanderung \u201eBersntol Ring\u201c kehrt zur\u00fcck und feiert ihre 26. Ausgabe. In diesem Jahr findet die Veranstaltung in Fierozzo statt, entlang einer 17 km langen Strecke mit einem Gesamth\u00f6henunterschied von 660 m. Verpassen Sie nicht die Gelegenheit, die authentischen Aromen der lokalen K\u00fcche zu entdecken, w\u00e4hrend Sie durch atemberaubende Berglandschaften und alte D\u00f6rfer [&hellip;]<\/p>\n","protected":false},"author":1,"featured_media":1756,"comment_status":"closed","ping_status":"open","sticky":false,"template":"","format":"standard","meta":{"_acf_changed":false,"footnotes":""},"categories":[89],"tags":[],"class_list":["post-1758","post","type-post","status-publish","format-standard","has-post-thumbnail","hentry","category-veranstaltungen"],"acf":[],"yoast_head":"<!-- This site is optimized with the Yoast SEO plugin v27.5 - https:\/\/yoast.com\/product\/yoast-seo-wordpress\/ -->\n<title>Bersntol Ring 2024 - Um Palai<\/title>\n<meta name=\"robots\" content=\"index, follow, max-snippet:-1, max-image-preview:large, max-video-preview:-1\" \/>\n<link rel=\"canonical\" href=\"https:\/\/www.umpalai.it\/de\/veranstaltungen\/bersntol-ring-2024\/\" \/>\n<meta property=\"og:locale\" content=\"de_DE\" \/>\n<meta property=\"og:type\" content=\"article\" \/>\n<meta property=\"og:title\" content=\"Bersntol Ring 2024 - Um Palai\" \/>\n<meta property=\"og:description\" content=\"Die renommierte gastronomische Wanderung \u201eBersntol Ring\u201c kehrt zur\u00fcck und feiert ihre 26. Ausgabe. In diesem Jahr findet die Veranstaltung in Fierozzo statt, entlang einer 17 km langen Strecke mit einem Gesamth\u00f6henunterschied von 660 m. Verpassen Sie nicht die Gelegenheit, die authentischen Aromen der lokalen K\u00fcche zu entdecken, w\u00e4hrend Sie durch atemberaubende Berglandschaften und alte D\u00f6rfer [&hellip;]\" \/>\n<meta property=\"og:url\" content=\"https:\/\/www.umpalai.it\/de\/veranstaltungen\/bersntol-ring-2024\/\" \/>\n<meta property=\"og:site_name\" content=\"Um Palai\" \/>\n<meta property=\"article:publisher\" content=\"https:\/\/www.facebook.com\/PaludelFersina\/\" \/>\n<meta property=\"article:published_time\" content=\"2024-08-20T13:05:14+00:00\" \/>\n<meta property=\"article:modified_time\" content=\"2024-08-21T13:53:54+00:00\" \/>\n<meta property=\"og:image\" content=\"https:\/\/www.umpalai.it\/wp-content\/uploads\/2024\/08\/back-view-people-walking-road.webp\" \/>\n\t<meta property=\"og:image:width\" content=\"2560\" \/>\n\t<meta property=\"og:image:height\" content=\"1707\" \/>\n\t<meta property=\"og:image:type\" content=\"image\/webp\" \/>\n<meta name=\"author\" content=\"Leveloop\" \/>\n<meta name=\"twitter:card\" content=\"summary_large_image\" \/>\n<meta name=\"twitter:label1\" content=\"Verfasst von\" \/>\n\t<meta name=\"twitter:data1\" content=\"Leveloop\" \/>\n\t<meta name=\"twitter:label2\" content=\"Gesch\u00e4tzte Lesezeit\" \/>\n\t<meta name=\"twitter:data2\" content=\"1\u00a0Minute\" \/>\n<script type=\"application\/ld+json\" class=\"yoast-schema-graph\">{\"@context\":\"https:\\\/\\\/schema.org\",\"@graph\":[{\"@type\":\"Article\",\"@id\":\"https:\\\/\\\/www.umpalai.it\\\/de\\\/veranstaltungen\\\/bersntol-ring-2024\\\/#article\",\"isPartOf\":{\"@id\":\"https:\\\/\\\/www.umpalai.it\\\/de\\\/veranstaltungen\\\/bersntol-ring-2024\\\/\"},\"author\":{\"name\":\"Leveloop\",\"@id\":\"https:\\\/\\\/www.umpalai.it\\\/de\\\/#\\\/schema\\\/person\\\/c4bb30f288911db2984cdac473ab9b88\"},\"headline\":\"Bersntol Ring 2024\",\"datePublished\":\"2024-08-20T13:05:14+00:00\",\"dateModified\":\"2024-08-21T13:53:54+00:00\",\"mainEntityOfPage\":{\"@id\":\"https:\\\/\\\/www.umpalai.it\\\/de\\\/veranstaltungen\\\/bersntol-ring-2024\\\/\"},\"wordCount\":100,\"publisher\":{\"@id\":\"https:\\\/\\\/www.umpalai.it\\\/de\\\/#organization\"},\"image\":{\"@id\":\"https:\\\/\\\/www.umpalai.it\\\/de\\\/veranstaltungen\\\/bersntol-ring-2024\\\/#primaryimage\"},\"thumbnailUrl\":\"https:\\\/\\\/www.umpalai.it\\\/wp-content\\\/uploads\\\/2024\\\/08\\\/back-view-people-walking-road.webp\",\"articleSection\":[\"Veranstaltungen\"],\"inLanguage\":\"de\"},{\"@type\":\"WebPage\",\"@id\":\"https:\\\/\\\/www.umpalai.it\\\/de\\\/veranstaltungen\\\/bersntol-ring-2024\\\/\",\"url\":\"https:\\\/\\\/www.umpalai.it\\\/de\\\/veranstaltungen\\\/bersntol-ring-2024\\\/\",\"name\":\"Bersntol Ring 2024 - Um Palai\",\"isPartOf\":{\"@id\":\"https:\\\/\\\/www.umpalai.it\\\/de\\\/#website\"},\"primaryImageOfPage\":{\"@id\":\"https:\\\/\\\/www.umpalai.it\\\/de\\\/veranstaltungen\\\/bersntol-ring-2024\\\/#primaryimage\"},\"image\":{\"@id\":\"https:\\\/\\\/www.umpalai.it\\\/de\\\/veranstaltungen\\\/bersntol-ring-2024\\\/#primaryimage\"},\"thumbnailUrl\":\"https:\\\/\\\/www.umpalai.it\\\/wp-content\\\/uploads\\\/2024\\\/08\\\/back-view-people-walking-road.webp\",\"datePublished\":\"2024-08-20T13:05:14+00:00\",\"dateModified\":\"2024-08-21T13:53:54+00:00\",\"breadcrumb\":{\"@id\":\"https:\\\/\\\/www.umpalai.it\\\/de\\\/veranstaltungen\\\/bersntol-ring-2024\\\/#breadcrumb\"},\"inLanguage\":\"de\",\"potentialAction\":[{\"@type\":\"ReadAction\",\"target\":[\"https:\\\/\\\/www.umpalai.it\\\/de\\\/veranstaltungen\\\/bersntol-ring-2024\\\/\"]}]},{\"@type\":\"ImageObject\",\"inLanguage\":\"de\",\"@id\":\"https:\\\/\\\/www.umpalai.it\\\/de\\\/veranstaltungen\\\/bersntol-ring-2024\\\/#primaryimage\",\"url\":\"https:\\\/\\\/www.umpalai.it\\\/wp-content\\\/uploads\\\/2024\\\/08\\\/back-view-people-walking-road.webp\",\"contentUrl\":\"https:\\\/\\\/www.umpalai.it\\\/wp-content\\\/uploads\\\/2024\\\/08\\\/back-view-people-walking-road.webp\",\"width\":2560,\"height\":1707,\"caption\":\"Bersntol Ring 2024\"},{\"@type\":\"BreadcrumbList\",\"@id\":\"https:\\\/\\\/www.umpalai.it\\\/de\\\/veranstaltungen\\\/bersntol-ring-2024\\\/#breadcrumb\",\"itemListElement\":[{\"@type\":\"ListItem\",\"position\":1,\"name\":\"Home\",\"item\":\"https:\\\/\\\/www.umpalai.it\\\/de\\\/\"},{\"@type\":\"ListItem\",\"position\":2,\"name\":\"Bersntol Ring 2024\"}]},{\"@type\":\"WebSite\",\"@id\":\"https:\\\/\\\/www.umpalai.it\\\/de\\\/#website\",\"url\":\"https:\\\/\\\/www.umpalai.it\\\/de\\\/\",\"name\":\"Pal\u00f9 del Fersina\",\"description\":\"Im Herzen des Fersental\",\"publisher\":{\"@id\":\"https:\\\/\\\/www.umpalai.it\\\/de\\\/#organization\"},\"potentialAction\":[{\"@type\":\"SearchAction\",\"target\":{\"@type\":\"EntryPoint\",\"urlTemplate\":\"https:\\\/\\\/www.umpalai.it\\\/de\\\/?s={search_term_string}\"},\"query-input\":{\"@type\":\"PropertyValueSpecification\",\"valueRequired\":true,\"valueName\":\"search_term_string\"}}],\"inLanguage\":\"de\"},{\"@type\":\"Organization\",\"@id\":\"https:\\\/\\\/www.umpalai.it\\\/de\\\/#organization\",\"name\":\"Pal\u00f9 del Fersina\",\"url\":\"https:\\\/\\\/www.umpalai.it\\\/de\\\/\",\"logo\":{\"@type\":\"ImageObject\",\"inLanguage\":\"de\",\"@id\":\"https:\\\/\\\/www.umpalai.it\\\/de\\\/#\\\/schema\\\/logo\\\/image\\\/\",\"url\":\"https:\\\/\\\/www.umpalai.it\\\/wp-content\\\/uploads\\\/2024\\\/04\\\/um-palai.png\",\"contentUrl\":\"https:\\\/\\\/www.umpalai.it\\\/wp-content\\\/uploads\\\/2024\\\/04\\\/um-palai.png\",\"width\":1211,\"height\":823,\"caption\":\"Pal\u00f9 del Fersina\"},\"image\":{\"@id\":\"https:\\\/\\\/www.umpalai.it\\\/de\\\/#\\\/schema\\\/logo\\\/image\\\/\"},\"sameAs\":[\"https:\\\/\\\/www.facebook.com\\\/PaludelFersina\\\/\"]},{\"@type\":\"Person\",\"@id\":\"https:\\\/\\\/www.umpalai.it\\\/de\\\/#\\\/schema\\\/person\\\/c4bb30f288911db2984cdac473ab9b88\",\"name\":\"Leveloop\",\"image\":{\"@type\":\"ImageObject\",\"inLanguage\":\"de\",\"@id\":\"https:\\\/\\\/secure.gravatar.com\\\/avatar\\\/133c970b7ee8e2c97707f8b51c7448c6a8709e26c293cf3c648efb8cca74ab87?s=96&d=mm&r=g\",\"url\":\"https:\\\/\\\/secure.gravatar.com\\\/avatar\\\/133c970b7ee8e2c97707f8b51c7448c6a8709e26c293cf3c648efb8cca74ab87?s=96&d=mm&r=g\",\"contentUrl\":\"https:\\\/\\\/secure.gravatar.com\\\/avatar\\\/133c970b7ee8e2c97707f8b51c7448c6a8709e26c293cf3c648efb8cca74ab87?s=96&d=mm&r=g\",\"caption\":\"Leveloop\"}}]}<\/script>\n<!-- \/ Yoast SEO plugin. -->","yoast_head_json":{"title":"Bersntol Ring 2024 - Um Palai","robots":{"index":"index","follow":"follow","max-snippet":"max-snippet:-1","max-image-preview":"max-image-preview:large","max-video-preview":"max-video-preview:-1"},"canonical":"https:\/\/www.umpalai.it\/de\/veranstaltungen\/bersntol-ring-2024\/","og_locale":"de_DE","og_type":"article","og_title":"Bersntol Ring 2024 - Um Palai","og_description":"Die renommierte gastronomische Wanderung \u201eBersntol Ring\u201c kehrt zur\u00fcck und feiert ihre 26. Ausgabe. In diesem Jahr findet die Veranstaltung in Fierozzo statt, entlang einer 17 km langen Strecke mit einem Gesamth\u00f6henunterschied von 660 m. Verpassen Sie nicht die Gelegenheit, die authentischen Aromen der lokalen K\u00fcche zu entdecken, w\u00e4hrend Sie durch atemberaubende Berglandschaften und alte D\u00f6rfer [&hellip;]","og_url":"https:\/\/www.umpalai.it\/de\/veranstaltungen\/bersntol-ring-2024\/","og_site_name":"Um Palai","article_publisher":"https:\/\/www.facebook.com\/PaludelFersina\/","article_published_time":"2024-08-20T13:05:14+00:00","article_modified_time":"2024-08-21T13:53:54+00:00","og_image":[{"width":2560,"height":1707,"url":"https:\/\/www.umpalai.it\/wp-content\/uploads\/2024\/08\/back-view-people-walking-road.webp","type":"image\/webp"}],"author":"Leveloop","twitter_card":"summary_large_image","twitter_misc":{"Verfasst von":"Leveloop","Gesch\u00e4tzte Lesezeit":"1\u00a0Minute"},"schema":{"@context":"https:\/\/schema.org","@graph":[{"@type":"Article","@id":"https:\/\/www.umpalai.it\/de\/veranstaltungen\/bersntol-ring-2024\/#article","isPartOf":{"@id":"https:\/\/www.umpalai.it\/de\/veranstaltungen\/bersntol-ring-2024\/"},"author":{"name":"Leveloop","@id":"https:\/\/www.umpalai.it\/de\/#\/schema\/person\/c4bb30f288911db2984cdac473ab9b88"},"headline":"Bersntol Ring 2024","datePublished":"2024-08-20T13:05:14+00:00","dateModified":"2024-08-21T13:53:54+00:00","mainEntityOfPage":{"@id":"https:\/\/www.umpalai.it\/de\/veranstaltungen\/bersntol-ring-2024\/"},"wordCount":100,"publisher":{"@id":"https:\/\/www.umpalai.it\/de\/#organization"},"image":{"@id":"https:\/\/www.umpalai.it\/de\/veranstaltungen\/bersntol-ring-2024\/#primaryimage"},"thumbnailUrl":"https:\/\/www.umpalai.it\/wp-content\/uploads\/2024\/08\/back-view-people-walking-road.webp","articleSection":["Veranstaltungen"],"inLanguage":"de"},{"@type":"WebPage","@id":"https:\/\/www.umpalai.it\/de\/veranstaltungen\/bersntol-ring-2024\/","url":"https:\/\/www.umpalai.it\/de\/veranstaltungen\/bersntol-ring-2024\/","name":"Bersntol Ring 2024 - Um Palai","isPartOf":{"@id":"https:\/\/www.umpalai.it\/de\/#website"},"primaryImageOfPage":{"@id":"https:\/\/www.umpalai.it\/de\/veranstaltungen\/bersntol-ring-2024\/#primaryimage"},"image":{"@id":"https:\/\/www.umpalai.it\/de\/veranstaltungen\/bersntol-ring-2024\/#primaryimage"},"thumbnailUrl":"https:\/\/www.umpalai.it\/wp-content\/uploads\/2024\/08\/back-view-people-walking-road.webp","datePublished":"2024-08-20T13:05:14+00:00","dateModified":"2024-08-21T13:53:54+00:00","breadcrumb":{"@id":"https:\/\/www.umpalai.it\/de\/veranstaltungen\/bersntol-ring-2024\/#breadcrumb"},"inLanguage":"de","potentialAction":[{"@type":"ReadAction","target":["https:\/\/www.umpalai.it\/de\/veranstaltungen\/bersntol-ring-2024\/"]}]},{"@type":"ImageObject","inLanguage":"de","@id":"https:\/\/www.umpalai.it\/de\/veranstaltungen\/bersntol-ring-2024\/#primaryimage","url":"https:\/\/www.umpalai.it\/wp-content\/uploads\/2024\/08\/back-view-people-walking-road.webp","contentUrl":"https:\/\/www.umpalai.it\/wp-content\/uploads\/2024\/08\/back-view-people-walking-road.webp","width":2560,"height":1707,"caption":"Bersntol Ring 2024"},{"@type":"BreadcrumbList","@id":"https:\/\/www.umpalai.it\/de\/veranstaltungen\/bersntol-ring-2024\/#breadcrumb","itemListElement":[{"@type":"ListItem","position":1,"name":"Home","item":"https:\/\/www.umpalai.it\/de\/"},{"@type":"ListItem","position":2,"name":"Bersntol Ring 2024"}]},{"@type":"WebSite","@id":"https:\/\/www.umpalai.it\/de\/#website","url":"https:\/\/www.umpalai.it\/de\/","name":"Pal\u00f9 del Fersina","description":"Im Herzen des Fersental","publisher":{"@id":"https:\/\/www.umpalai.it\/de\/#organization"},"potentialAction":[{"@type":"SearchAction","target":{"@type":"EntryPoint","urlTemplate":"https:\/\/www.umpalai.it\/de\/?s={search_term_string}"},"query-input":{"@type":"PropertyValueSpecification","valueRequired":true,"valueName":"search_term_string"}}],"inLanguage":"de"},{"@type":"Organization","@id":"https:\/\/www.umpalai.it\/de\/#organization","name":"Pal\u00f9 del Fersina","url":"https:\/\/www.umpalai.it\/de\/","logo":{"@type":"ImageObject","inLanguage":"de","@id":"https:\/\/www.umpalai.it\/de\/#\/schema\/logo\/image\/","url":"https:\/\/www.umpalai.it\/wp-content\/uploads\/2024\/04\/um-palai.png","contentUrl":"https:\/\/www.umpalai.it\/wp-content\/uploads\/2024\/04\/um-palai.png","width":1211,"height":823,"caption":"Pal\u00f9 del Fersina"},"image":{"@id":"https:\/\/www.umpalai.it\/de\/#\/schema\/logo\/image\/"},"sameAs":["https:\/\/www.facebook.com\/PaludelFersina\/"]},{"@type":"Person","@id":"https:\/\/www.umpalai.it\/de\/#\/schema\/person\/c4bb30f288911db2984cdac473ab9b88","name":"Leveloop","image":{"@type":"ImageObject","inLanguage":"de","@id":"https:\/\/secure.gravatar.com\/avatar\/133c970b7ee8e2c97707f8b51c7448c6a8709e26c293cf3c648efb8cca74ab87?s=96&d=mm&r=g","url":"https:\/\/secure.gravatar.com\/avatar\/133c970b7ee8e2c97707f8b51c7448c6a8709e26c293cf3c648efb8cca74ab87?s=96&d=mm&r=g","contentUrl":"https:\/\/secure.gravatar.com\/avatar\/133c970b7ee8e2c97707f8b51c7448c6a8709e26c293cf3c648efb8cca74ab87?s=96&d=mm&r=g","caption":"Leveloop"}}]}},"_links":{"self":[{"href":"https:\/\/www.umpalai.it\/de\/wp-json\/wp\/v2\/posts\/1758","targetHints":{"allow":["GET"]}}],"collection":[{"href":"https:\/\/www.umpalai.it\/de\/wp-json\/wp\/v2\/posts"}],"about":[{"href":"https:\/\/www.umpalai.it\/de\/wp-json\/wp\/v2\/types\/post"}],"author":[{"embeddable":true,"href":"https:\/\/www.umpalai.it\/de\/wp-json\/wp\/v2\/users\/1"}],"replies":[{"embeddable":true,"href":"https:\/\/www.umpalai.it\/de\/wp-json\/wp\/v2\/comments?post=1758"}],"version-history":[{"count":2,"href":"https:\/\/www.umpalai.it\/de\/wp-json\/wp\/v2\/posts\/1758\/revisions"}],"predecessor-version":[{"id":1763,"href":"https:\/\/www.umpalai.it\/de\/wp-json\/wp\/v2\/posts\/1758\/revisions\/1763"}],"wp:featuredmedia":[{"embeddable":true,"href":"https:\/\/www.umpalai.it\/de\/wp-json\/wp\/v2\/media\/1756"}],"wp:attachment":[{"href":"https:\/\/www.umpalai.it\/de\/wp-json\/wp\/v2\/media?parent=1758"}],"wp:term":[{"taxonomy":"category","embeddable":true,"href":"https:\/\/www.umpalai.it\/de\/wp-json\/wp\/v2\/categories?post=1758"},{"taxonomy":"post_tag","embeddable":true,"href":"https:\/\/www.umpalai.it\/de\/wp-json\/wp\/v2\/tags?post=1758"}],"curies":[{"name":"wp","href":"https:\/\/api.w.org\/{rel}","templated":true}]}}