{"id":2067,"date":"2025-02-18T20:32:59","date_gmt":"2025-02-18T20:32:59","guid":{"rendered":"https:\/?p=2067"},"modified":"2025-03-16T20:54:46","modified_gmt":"2025-03-16T20:54:46","slug":"baita-naibiz","status":"publish","type":"post","link":"https:\/\/www.umpalai.it\/de\/wo-man-ubernachten-kann\/baita-naibiz\/","title":{"rendered":"Baita Naibiz"},"content":{"rendered":"\n<div class=\"wp-block-columns blocco-testo-immagine is-layout-flex wp-container-core-columns-is-layout-9d6595d7 wp-block-columns-is-layout-flex\">\n<div class=\"wp-block-column is-layout-flow wp-block-column-is-layout-flow\">\n<p>In <strong>Pal\u00f9 del Fersina<\/strong>, auf einer H\u00f6he von 1.650 Metern, liegt die <strong>Baita Naibiz<\/strong>, eine renovierte alte Almh\u00fctte. Ihr Name bedeutet \u201eNeue Wiese\u201c in der M\u00f2cheno-Sprache. Umgeben von W\u00e4ldern und unber\u00fchrter Natur ist sie ein perfektes Ziel f\u00fcr Familien, Wanderer und Trekking-Liebhaber und bietet den ganzen Tag \u00fcber eine ruhige und sonnige Atmosph\u00e4re.<\/p>\n\n\n\n<p>Die H\u00fctte, am Fu\u00dfe des <strong>Monte Ruijoch<\/strong>, bietet Platz f\u00fcr bis zu 6 Personen und ist mit einer voll ausgestatteten K\u00fcche, Heizung, kostenlosem WLAN, Satelliten-TV und einem gro\u00dfen Panoramagarten mit Grillbereich ausgestattet. G\u00e4ste k\u00f6nnen einen privaten Parkplatz, einen Abstellraum f\u00fcr Sportausr\u00fcstung sowie einen Self-Check-in-Service nutzen. Die Unterkunft ist barrierefrei und das ganze Jahr \u00fcber verf\u00fcgbar, mit der M\u00f6glichkeit, Haustiere nach Absprache mit dem Eigent\u00fcmer mitzubringen.<\/p>\n\n\n\n<p><strong>CIN:\u00a0IT022133C25VODNWDF<\/strong><\/p>\n<\/div>\n\n\n\n<div class=\"wp-block-column is-layout-flow wp-block-column-is-layout-flow\">\n<figure class=\"wp-block-image size-full\"><img decoding=\"async\" width=\"1072\" height=\"747\" src=\"https:\/\/umpalai.it\/wp-content\/uploads\/2025\/02\/Naibiz14.webp\" alt=\"\" class=\"wp-image-2069\" srcset=\"https:\/\/www.umpalai.it\/wp-content\/uploads\/2025\/02\/Naibiz14.webp 1072w, https:\/\/www.umpalai.it\/wp-content\/uploads\/2025\/02\/Naibiz14-300x209.webp 300w, https:\/\/www.umpalai.it\/wp-content\/uploads\/2025\/02\/Naibiz14-1024x714.webp 1024w, https:\/\/www.umpalai.it\/wp-content\/uploads\/2025\/02\/Naibiz14-768x535.webp 768w\" sizes=\"(max-width: 1072px) 100vw, 1072px\" \/><\/figure>\n<\/div>\n<\/div>\n\n\n\n<div class=\"wp-block-columns blocco-titolo-testo is-layout-flex wp-container-core-columns-is-layout-9d6595d7 wp-block-columns-is-layout-flex\">\n<div class=\"wp-block-column is-layout-flow wp-block-column-is-layout-flow\">\n<h2 class=\"wp-block-heading\"><strong>Prenota o<\/strong><br>chiedi info<\/h2>\n<\/div>\n\n\n\n<div class=\"wp-block-column is-layout-flow wp-block-column-is-layout-flow\">\n<p>Per info e prenotazione contattare il numero <strong>+39338 9354006<\/strong>.<\/p>\n<\/div>\n<\/div>\n","protected":false},"excerpt":{"rendered":"<p>In Pal\u00f9 del Fersina, auf einer H\u00f6he von 1.650 Metern, liegt die Baita Naibiz, eine renovierte alte Almh\u00fctte. Ihr Name bedeutet \u201eNeue Wiese\u201c in der M\u00f2cheno-Sprache. Umgeben von W\u00e4ldern und unber\u00fchrter Natur ist sie ein perfektes Ziel f\u00fcr Familien, Wanderer und Trekking-Liebhaber und bietet den ganzen Tag \u00fcber eine ruhige und sonnige Atmosph\u00e4re. Die H\u00fctte, [&hellip;]<\/p>\n","protected":false},"author":1,"featured_media":2076,"comment_status":"closed","ping_status":"open","sticky":false,"template":"","format":"standard","meta":{"_acf_changed":false,"footnotes":""},"categories":[64],"tags":[],"class_list":["post-2067","post","type-post","status-publish","format-standard","has-post-thumbnail","hentry","category-wo-man-ubernachten-kann"],"acf":[],"yoast_head":"<!-- This site is optimized with the Yoast SEO plugin v27.5 - https:\/\/yoast.com\/product\/yoast-seo-wordpress\/ -->\n<title>Baita Naibiz - Um Palai<\/title>\n<meta name=\"description\" content=\"Questo maso, situato in una splendida posizione sulla terrazza naturale della Valle dei Mocheni, \u00e8 ideale per vacanze tranquille e rilassanti, offrendo un ambiente perfetto per famiglie, escursionisti, bikers, e amanti della natura.Knopnbolt Hott \u2013 Baita dei Minatori costruzione che sorge completamente isolata quasi alla testata della Valle dei Mocheni, una sorta di balcone naturale sulla sottostante valle.\u00a0Ideale per escursionisti, scialpinisti e amanti della caccia.\u00a0Vacanze invernali.\" \/>\n<meta name=\"robots\" content=\"index, follow, max-snippet:-1, max-image-preview:large, max-video-preview:-1\" \/>\n<link rel=\"canonical\" href=\"https:\/\/www.umpalai.it\/de\/wo-man-ubernachten-kann\/baita-naibiz\/\" \/>\n<meta property=\"og:locale\" content=\"de_DE\" \/>\n<meta property=\"og:type\" content=\"article\" \/>\n<meta property=\"og:title\" content=\"Baita Naibiz - Um Palai\" \/>\n<meta property=\"og:description\" content=\"Questo maso, situato in una splendida posizione sulla terrazza naturale della Valle dei Mocheni, \u00e8 ideale per vacanze tranquille e rilassanti, offrendo un ambiente perfetto per famiglie, escursionisti, bikers, e amanti della natura.Knopnbolt Hott \u2013 Baita dei Minatori costruzione che sorge completamente isolata quasi alla testata della Valle dei Mocheni, una sorta di balcone naturale sulla sottostante valle.\u00a0Ideale per escursionisti, scialpinisti e amanti della caccia.\u00a0Vacanze invernali.\" \/>\n<meta property=\"og:url\" content=\"https:\/\/www.umpalai.it\/de\/wo-man-ubernachten-kann\/baita-naibiz\/\" \/>\n<meta property=\"og:site_name\" content=\"Um Palai\" \/>\n<meta property=\"article:publisher\" content=\"https:\/\/www.facebook.com\/PaludelFersina\/\" \/>\n<meta property=\"article:published_time\" content=\"2025-02-18T20:32:59+00:00\" \/>\n<meta property=\"article:modified_time\" content=\"2025-03-16T20:54:46+00:00\" \/>\n<meta property=\"og:image\" content=\"https:\/\/www.umpalai.it\/wp-content\/uploads\/2025\/02\/Naibiz1.webp\" \/>\n\t<meta property=\"og:image:width\" content=\"1098\" \/>\n\t<meta property=\"og:image:height\" content=\"746\" \/>\n\t<meta property=\"og:image:type\" content=\"image\/webp\" \/>\n<meta name=\"author\" content=\"Leveloop\" \/>\n<meta name=\"twitter:card\" content=\"summary_large_image\" \/>\n<meta name=\"twitter:label1\" content=\"Verfasst von\" \/>\n\t<meta name=\"twitter:data1\" content=\"Leveloop\" \/>\n\t<meta name=\"twitter:label2\" content=\"Gesch\u00e4tzte Lesezeit\" \/>\n\t<meta name=\"twitter:data2\" content=\"2\u00a0Minuten\" \/>\n<script type=\"application\/ld+json\" class=\"yoast-schema-graph\">{\"@context\":\"https:\\\/\\\/schema.org\",\"@graph\":[{\"@type\":\"Article\",\"@id\":\"https:\\\/\\\/www.umpalai.it\\\/de\\\/wo-man-ubernachten-kann\\\/baita-naibiz\\\/#article\",\"isPartOf\":{\"@id\":\"https:\\\/\\\/www.umpalai.it\\\/de\\\/wo-man-ubernachten-kann\\\/baita-naibiz\\\/\"},\"author\":{\"name\":\"Leveloop\",\"@id\":\"https:\\\/\\\/www.umpalai.it\\\/de\\\/#\\\/schema\\\/person\\\/c4bb30f288911db2984cdac473ab9b88\"},\"headline\":\"Baita Naibiz\",\"datePublished\":\"2025-02-18T20:32:59+00:00\",\"dateModified\":\"2025-03-16T20:54:46+00:00\",\"mainEntityOfPage\":{\"@id\":\"https:\\\/\\\/www.umpalai.it\\\/de\\\/wo-man-ubernachten-kann\\\/baita-naibiz\\\/\"},\"wordCount\":152,\"publisher\":{\"@id\":\"https:\\\/\\\/www.umpalai.it\\\/de\\\/#organization\"},\"image\":{\"@id\":\"https:\\\/\\\/www.umpalai.it\\\/de\\\/wo-man-ubernachten-kann\\\/baita-naibiz\\\/#primaryimage\"},\"thumbnailUrl\":\"https:\\\/\\\/www.umpalai.it\\\/wp-content\\\/uploads\\\/2025\\\/02\\\/Naibiz1.webp\",\"articleSection\":[\"Wo man \u00fcbernachten kann\"],\"inLanguage\":\"de\"},{\"@type\":\"WebPage\",\"@id\":\"https:\\\/\\\/www.umpalai.it\\\/de\\\/wo-man-ubernachten-kann\\\/baita-naibiz\\\/\",\"url\":\"https:\\\/\\\/www.umpalai.it\\\/de\\\/wo-man-ubernachten-kann\\\/baita-naibiz\\\/\",\"name\":\"Baita Naibiz - Um Palai\",\"isPartOf\":{\"@id\":\"https:\\\/\\\/www.umpalai.it\\\/de\\\/#website\"},\"primaryImageOfPage\":{\"@id\":\"https:\\\/\\\/www.umpalai.it\\\/de\\\/wo-man-ubernachten-kann\\\/baita-naibiz\\\/#primaryimage\"},\"image\":{\"@id\":\"https:\\\/\\\/www.umpalai.it\\\/de\\\/wo-man-ubernachten-kann\\\/baita-naibiz\\\/#primaryimage\"},\"thumbnailUrl\":\"https:\\\/\\\/www.umpalai.it\\\/wp-content\\\/uploads\\\/2025\\\/02\\\/Naibiz1.webp\",\"datePublished\":\"2025-02-18T20:32:59+00:00\",\"dateModified\":\"2025-03-16T20:54:46+00:00\",\"description\":\"Questo maso, situato in una splendida posizione sulla terrazza naturale della Valle dei Mocheni, \u00e8 ideale per vacanze tranquille e rilassanti, offrendo un ambiente perfetto per famiglie, escursionisti, bikers, e amanti della natura.Knopnbolt Hott \u2013 Baita dei Minatori costruzione che sorge completamente isolata quasi alla testata della Valle dei Mocheni, una sorta di balcone naturale sulla sottostante valle.\u00a0Ideale per escursionisti, scialpinisti e amanti della caccia.\u00a0Vacanze invernali.\",\"breadcrumb\":{\"@id\":\"https:\\\/\\\/www.umpalai.it\\\/de\\\/wo-man-ubernachten-kann\\\/baita-naibiz\\\/#breadcrumb\"},\"inLanguage\":\"de\",\"potentialAction\":[{\"@type\":\"ReadAction\",\"target\":[\"https:\\\/\\\/www.umpalai.it\\\/de\\\/wo-man-ubernachten-kann\\\/baita-naibiz\\\/\"]}]},{\"@type\":\"ImageObject\",\"inLanguage\":\"de\",\"@id\":\"https:\\\/\\\/www.umpalai.it\\\/de\\\/wo-man-ubernachten-kann\\\/baita-naibiz\\\/#primaryimage\",\"url\":\"https:\\\/\\\/www.umpalai.it\\\/wp-content\\\/uploads\\\/2025\\\/02\\\/Naibiz1.webp\",\"contentUrl\":\"https:\\\/\\\/www.umpalai.it\\\/wp-content\\\/uploads\\\/2025\\\/02\\\/Naibiz1.webp\",\"width\":1098,\"height\":746},{\"@type\":\"BreadcrumbList\",\"@id\":\"https:\\\/\\\/www.umpalai.it\\\/de\\\/wo-man-ubernachten-kann\\\/baita-naibiz\\\/#breadcrumb\",\"itemListElement\":[{\"@type\":\"ListItem\",\"position\":1,\"name\":\"Home\",\"item\":\"https:\\\/\\\/www.umpalai.it\\\/de\\\/\"},{\"@type\":\"ListItem\",\"position\":2,\"name\":\"Baita Naibiz\"}]},{\"@type\":\"WebSite\",\"@id\":\"https:\\\/\\\/www.umpalai.it\\\/de\\\/#website\",\"url\":\"https:\\\/\\\/www.umpalai.it\\\/de\\\/\",\"name\":\"Pal\u00f9 del Fersina\",\"description\":\"Im Herzen des Fersental\",\"publisher\":{\"@id\":\"https:\\\/\\\/www.umpalai.it\\\/de\\\/#organization\"},\"potentialAction\":[{\"@type\":\"SearchAction\",\"target\":{\"@type\":\"EntryPoint\",\"urlTemplate\":\"https:\\\/\\\/www.umpalai.it\\\/de\\\/?s={search_term_string}\"},\"query-input\":{\"@type\":\"PropertyValueSpecification\",\"valueRequired\":true,\"valueName\":\"search_term_string\"}}],\"inLanguage\":\"de\"},{\"@type\":\"Organization\",\"@id\":\"https:\\\/\\\/www.umpalai.it\\\/de\\\/#organization\",\"name\":\"Pal\u00f9 del Fersina\",\"url\":\"https:\\\/\\\/www.umpalai.it\\\/de\\\/\",\"logo\":{\"@type\":\"ImageObject\",\"inLanguage\":\"de\",\"@id\":\"https:\\\/\\\/www.umpalai.it\\\/de\\\/#\\\/schema\\\/logo\\\/image\\\/\",\"url\":\"https:\\\/\\\/www.umpalai.it\\\/wp-content\\\/uploads\\\/2024\\\/04\\\/um-palai.png\",\"contentUrl\":\"https:\\\/\\\/www.umpalai.it\\\/wp-content\\\/uploads\\\/2024\\\/04\\\/um-palai.png\",\"width\":1211,\"height\":823,\"caption\":\"Pal\u00f9 del Fersina\"},\"image\":{\"@id\":\"https:\\\/\\\/www.umpalai.it\\\/de\\\/#\\\/schema\\\/logo\\\/image\\\/\"},\"sameAs\":[\"https:\\\/\\\/www.facebook.com\\\/PaludelFersina\\\/\"]},{\"@type\":\"Person\",\"@id\":\"https:\\\/\\\/www.umpalai.it\\\/de\\\/#\\\/schema\\\/person\\\/c4bb30f288911db2984cdac473ab9b88\",\"name\":\"Leveloop\",\"image\":{\"@type\":\"ImageObject\",\"inLanguage\":\"de\",\"@id\":\"https:\\\/\\\/secure.gravatar.com\\\/avatar\\\/133c970b7ee8e2c97707f8b51c7448c6a8709e26c293cf3c648efb8cca74ab87?s=96&d=mm&r=g\",\"url\":\"https:\\\/\\\/secure.gravatar.com\\\/avatar\\\/133c970b7ee8e2c97707f8b51c7448c6a8709e26c293cf3c648efb8cca74ab87?s=96&d=mm&r=g\",\"contentUrl\":\"https:\\\/\\\/secure.gravatar.com\\\/avatar\\\/133c970b7ee8e2c97707f8b51c7448c6a8709e26c293cf3c648efb8cca74ab87?s=96&d=mm&r=g\",\"caption\":\"Leveloop\"}}]}<\/script>\n<!-- \/ Yoast SEO plugin. -->","yoast_head_json":{"title":"Baita Naibiz - Um Palai","description":"Questo maso, situato in una splendida posizione sulla terrazza naturale della Valle dei Mocheni, \u00e8 ideale per vacanze tranquille e rilassanti, offrendo un ambiente perfetto per famiglie, escursionisti, bikers, e amanti della natura.Knopnbolt Hott \u2013 Baita dei Minatori costruzione che sorge completamente isolata quasi alla testata della Valle dei Mocheni, una sorta di balcone naturale sulla sottostante valle.\u00a0Ideale per escursionisti, scialpinisti e amanti della caccia.\u00a0Vacanze invernali.","robots":{"index":"index","follow":"follow","max-snippet":"max-snippet:-1","max-image-preview":"max-image-preview:large","max-video-preview":"max-video-preview:-1"},"canonical":"https:\/\/www.umpalai.it\/de\/wo-man-ubernachten-kann\/baita-naibiz\/","og_locale":"de_DE","og_type":"article","og_title":"Baita Naibiz - Um Palai","og_description":"Questo maso, situato in una splendida posizione sulla terrazza naturale della Valle dei Mocheni, \u00e8 ideale per vacanze tranquille e rilassanti, offrendo un ambiente perfetto per famiglie, escursionisti, bikers, e amanti della natura.Knopnbolt Hott \u2013 Baita dei Minatori costruzione che sorge completamente isolata quasi alla testata della Valle dei Mocheni, una sorta di balcone naturale sulla sottostante valle.\u00a0Ideale per escursionisti, scialpinisti e amanti della caccia.\u00a0Vacanze invernali.","og_url":"https:\/\/www.umpalai.it\/de\/wo-man-ubernachten-kann\/baita-naibiz\/","og_site_name":"Um Palai","article_publisher":"https:\/\/www.facebook.com\/PaludelFersina\/","article_published_time":"2025-02-18T20:32:59+00:00","article_modified_time":"2025-03-16T20:54:46+00:00","og_image":[{"width":1098,"height":746,"url":"https:\/\/www.umpalai.it\/wp-content\/uploads\/2025\/02\/Naibiz1.webp","type":"image\/webp"}],"author":"Leveloop","twitter_card":"summary_large_image","twitter_misc":{"Verfasst von":"Leveloop","Gesch\u00e4tzte Lesezeit":"2\u00a0Minuten"},"schema":{"@context":"https:\/\/schema.org","@graph":[{"@type":"Article","@id":"https:\/\/www.umpalai.it\/de\/wo-man-ubernachten-kann\/baita-naibiz\/#article","isPartOf":{"@id":"https:\/\/www.umpalai.it\/de\/wo-man-ubernachten-kann\/baita-naibiz\/"},"author":{"name":"Leveloop","@id":"https:\/\/www.umpalai.it\/de\/#\/schema\/person\/c4bb30f288911db2984cdac473ab9b88"},"headline":"Baita Naibiz","datePublished":"2025-02-18T20:32:59+00:00","dateModified":"2025-03-16T20:54:46+00:00","mainEntityOfPage":{"@id":"https:\/\/www.umpalai.it\/de\/wo-man-ubernachten-kann\/baita-naibiz\/"},"wordCount":152,"publisher":{"@id":"https:\/\/www.umpalai.it\/de\/#organization"},"image":{"@id":"https:\/\/www.umpalai.it\/de\/wo-man-ubernachten-kann\/baita-naibiz\/#primaryimage"},"thumbnailUrl":"https:\/\/www.umpalai.it\/wp-content\/uploads\/2025\/02\/Naibiz1.webp","articleSection":["Wo man \u00fcbernachten kann"],"inLanguage":"de"},{"@type":"WebPage","@id":"https:\/\/www.umpalai.it\/de\/wo-man-ubernachten-kann\/baita-naibiz\/","url":"https:\/\/www.umpalai.it\/de\/wo-man-ubernachten-kann\/baita-naibiz\/","name":"Baita Naibiz - Um Palai","isPartOf":{"@id":"https:\/\/www.umpalai.it\/de\/#website"},"primaryImageOfPage":{"@id":"https:\/\/www.umpalai.it\/de\/wo-man-ubernachten-kann\/baita-naibiz\/#primaryimage"},"image":{"@id":"https:\/\/www.umpalai.it\/de\/wo-man-ubernachten-kann\/baita-naibiz\/#primaryimage"},"thumbnailUrl":"https:\/\/www.umpalai.it\/wp-content\/uploads\/2025\/02\/Naibiz1.webp","datePublished":"2025-02-18T20:32:59+00:00","dateModified":"2025-03-16T20:54:46+00:00","description":"Questo maso, situato in una splendida posizione sulla terrazza naturale della Valle dei Mocheni, \u00e8 ideale per vacanze tranquille e rilassanti, offrendo un ambiente perfetto per famiglie, escursionisti, bikers, e amanti della natura.Knopnbolt Hott \u2013 Baita dei Minatori costruzione che sorge completamente isolata quasi alla testata della Valle dei Mocheni, una sorta di balcone naturale sulla sottostante valle.\u00a0Ideale per escursionisti, scialpinisti e amanti della caccia.\u00a0Vacanze invernali.","breadcrumb":{"@id":"https:\/\/www.umpalai.it\/de\/wo-man-ubernachten-kann\/baita-naibiz\/#breadcrumb"},"inLanguage":"de","potentialAction":[{"@type":"ReadAction","target":["https:\/\/www.umpalai.it\/de\/wo-man-ubernachten-kann\/baita-naibiz\/"]}]},{"@type":"ImageObject","inLanguage":"de","@id":"https:\/\/www.umpalai.it\/de\/wo-man-ubernachten-kann\/baita-naibiz\/#primaryimage","url":"https:\/\/www.umpalai.it\/wp-content\/uploads\/2025\/02\/Naibiz1.webp","contentUrl":"https:\/\/www.umpalai.it\/wp-content\/uploads\/2025\/02\/Naibiz1.webp","width":1098,"height":746},{"@type":"BreadcrumbList","@id":"https:\/\/www.umpalai.it\/de\/wo-man-ubernachten-kann\/baita-naibiz\/#breadcrumb","itemListElement":[{"@type":"ListItem","position":1,"name":"Home","item":"https:\/\/www.umpalai.it\/de\/"},{"@type":"ListItem","position":2,"name":"Baita Naibiz"}]},{"@type":"WebSite","@id":"https:\/\/www.umpalai.it\/de\/#website","url":"https:\/\/www.umpalai.it\/de\/","name":"Pal\u00f9 del Fersina","description":"Im Herzen des Fersental","publisher":{"@id":"https:\/\/www.umpalai.it\/de\/#organization"},"potentialAction":[{"@type":"SearchAction","target":{"@type":"EntryPoint","urlTemplate":"https:\/\/www.umpalai.it\/de\/?s={search_term_string}"},"query-input":{"@type":"PropertyValueSpecification","valueRequired":true,"valueName":"search_term_string"}}],"inLanguage":"de"},{"@type":"Organization","@id":"https:\/\/www.umpalai.it\/de\/#organization","name":"Pal\u00f9 del Fersina","url":"https:\/\/www.umpalai.it\/de\/","logo":{"@type":"ImageObject","inLanguage":"de","@id":"https:\/\/www.umpalai.it\/de\/#\/schema\/logo\/image\/","url":"https:\/\/www.umpalai.it\/wp-content\/uploads\/2024\/04\/um-palai.png","contentUrl":"https:\/\/www.umpalai.it\/wp-content\/uploads\/2024\/04\/um-palai.png","width":1211,"height":823,"caption":"Pal\u00f9 del Fersina"},"image":{"@id":"https:\/\/www.umpalai.it\/de\/#\/schema\/logo\/image\/"},"sameAs":["https:\/\/www.facebook.com\/PaludelFersina\/"]},{"@type":"Person","@id":"https:\/\/www.umpalai.it\/de\/#\/schema\/person\/c4bb30f288911db2984cdac473ab9b88","name":"Leveloop","image":{"@type":"ImageObject","inLanguage":"de","@id":"https:\/\/secure.gravatar.com\/avatar\/133c970b7ee8e2c97707f8b51c7448c6a8709e26c293cf3c648efb8cca74ab87?s=96&d=mm&r=g","url":"https:\/\/secure.gravatar.com\/avatar\/133c970b7ee8e2c97707f8b51c7448c6a8709e26c293cf3c648efb8cca74ab87?s=96&d=mm&r=g","contentUrl":"https:\/\/secure.gravatar.com\/avatar\/133c970b7ee8e2c97707f8b51c7448c6a8709e26c293cf3c648efb8cca74ab87?s=96&d=mm&r=g","caption":"Leveloop"}}]}},"_links":{"self":[{"href":"https:\/\/www.umpalai.it\/de\/wp-json\/wp\/v2\/posts\/2067","targetHints":{"allow":["GET"]}}],"collection":[{"href":"https:\/\/www.umpalai.it\/de\/wp-json\/wp\/v2\/posts"}],"about":[{"href":"https:\/\/www.umpalai.it\/de\/wp-json\/wp\/v2\/types\/post"}],"author":[{"embeddable":true,"href":"https:\/\/www.umpalai.it\/de\/wp-json\/wp\/v2\/users\/1"}],"replies":[{"embeddable":true,"href":"https:\/\/www.umpalai.it\/de\/wp-json\/wp\/v2\/comments?post=2067"}],"version-history":[{"count":4,"href":"https:\/\/www.umpalai.it\/de\/wp-json\/wp\/v2\/posts\/2067\/revisions"}],"predecessor-version":[{"id":2142,"href":"https:\/\/www.umpalai.it\/de\/wp-json\/wp\/v2\/posts\/2067\/revisions\/2142"}],"wp:featuredmedia":[{"embeddable":true,"href":"https:\/\/www.umpalai.it\/de\/wp-json\/wp\/v2\/media\/2076"}],"wp:attachment":[{"href":"https:\/\/www.umpalai.it\/de\/wp-json\/wp\/v2\/media?parent=2067"}],"wp:term":[{"taxonomy":"category","embeddable":true,"href":"https:\/\/www.umpalai.it\/de\/wp-json\/wp\/v2\/categories?post=2067"},{"taxonomy":"post_tag","embeddable":true,"href":"https:\/\/www.umpalai.it\/de\/wp-json\/wp\/v2\/tags?post=2067"}],"curies":[{"name":"wp","href":"https:\/\/api.w.org\/{rel}","templated":true}]}}