{"id":2220,"date":"2025-06-10T11:06:39","date_gmt":"2025-06-10T11:06:39","guid":{"rendered":"https:\/\/www.umpalai.it\/?p=2220"},"modified":"2025-06-18T18:15:09","modified_gmt":"2025-06-18T18:15:09","slug":"storia-e-cultura-mineraria","status":"publish","type":"post","link":"https:\/\/www.umpalai.it\/de\/veranstaltungen\/storia-e-cultura-mineraria\/","title":{"rendered":"Auf Kr\u00e4utersuche"},"content":{"rendered":"\n<div class=\"wp-block-columns is-layout-flex wp-container-core-columns-is-layout-9d6595d7 wp-block-columns-is-layout-flex\">\n<div class=\"wp-block-column is-layout-flow wp-block-column-is-layout-flow\">\n<h2 class=\"wp-block-heading\">Entdeckung der Wildkr\u00e4uter<\/h2>\n\n\n\n<p><em>\u201eAndar per erbe\u201c<\/em> ist ein ethnobotanischer Spaziergang durch die Wiesen von Pal\u00f9 del Fersina, gedacht f\u00fcr alle, die sich der Welt der Wildpflanzen ann\u00e4hern, deren Eigenschaften erkennen und altes Wissen \u00fcber die Region wiederentdecken m\u00f6chten. Ein intensives Naturerlebnis, das wissenschaftliche Erkenntnisse, Tradition und Respekt f\u00fcr die Umwelt vereint \u2013 begleitet von <strong>Paola Forest<\/strong>, Wanderf\u00fchrerin.<\/p>\n\n\n\n<h2 class=\"wp-block-heading\">Zwischen Natur, Kultur und Tradition<\/h2>\n\n\n\n<p>Gef\u00fchrt von erfahrenen Kennern der Landschaft und der lokalen Kr\u00e4uter haben die Teilnehmer die M\u00f6glichkeit, Heil-, Gew\u00fcrz- und Nahrungspflanzen aus n\u00e4chster N\u00e4he zu beobachten. Dabei erfahren sie Geschichten und Wissenswertes \u00fcber deren Verwendung in der b\u00e4uerlichen Kultur und Volksmedizin. Ein ruhiger, informativer Spaziergang \u2013 geeignet f\u00fcr alle.<\/p>\n\n\n\n<h2 class=\"wp-block-heading\">Praktische Informationen und Anmeldung<\/h2>\n\n\n\n<p>Der Termin ist <strong>Samstag, 31. Mai 2025<\/strong>, mit Abmarsch um <strong>9:30 Uhr<\/strong> und Ankunft gegen <strong>12:00 Uhr<\/strong> beim <strong>Mochenischen Kulturinstitut<\/strong>. Die Teilnahme kostet symbolisch <strong>2,50 \u20ac<\/strong>, eine Anmeldung ist verpflichtend \u2013 telefonisch unter <strong>0461 550073<\/strong> oder per E-Mail an <strong><a>info@kib.it<\/a><\/strong>. Die Pl\u00e4tze sind begrenzt \u2013 fr\u00fchzeitige Anmeldung wird empfohlen.<\/p>\n\n\n\n<figure class=\"wp-block-image size-large\"><img decoding=\"async\" width=\"724\" height=\"1024\" src=\"https:\/\/www.umpalai.it\/wp-content\/uploads\/2025\/06\/4d33eb76-a04f-45bf-b7bf-bed21d6b96b4-724x1024.jpeg\" alt=\"\" class=\"wp-image-2244\" srcset=\"https:\/\/www.umpalai.it\/wp-content\/uploads\/2025\/06\/4d33eb76-a04f-45bf-b7bf-bed21d6b96b4-724x1024.jpeg 724w, https:\/\/www.umpalai.it\/wp-content\/uploads\/2025\/06\/4d33eb76-a04f-45bf-b7bf-bed21d6b96b4-212x300.jpeg 212w, https:\/\/www.umpalai.it\/wp-content\/uploads\/2025\/06\/4d33eb76-a04f-45bf-b7bf-bed21d6b96b4-768x1086.jpeg 768w, https:\/\/www.umpalai.it\/wp-content\/uploads\/2025\/06\/4d33eb76-a04f-45bf-b7bf-bed21d6b96b4.jpeg 842w\" sizes=\"(max-width: 724px) 100vw, 724px\" \/><\/figure>\n<\/div>\n<\/div>\n","protected":false},"excerpt":{"rendered":"<p>Entdeckung der Wildkr\u00e4uter \u201eAndar per erbe\u201c ist ein ethnobotanischer Spaziergang durch die Wiesen von Pal\u00f9 del Fersina, gedacht f\u00fcr alle, die sich der Welt der Wildpflanzen ann\u00e4hern, deren Eigenschaften erkennen und altes Wissen \u00fcber die Region wiederentdecken m\u00f6chten. Ein intensives Naturerlebnis, das wissenschaftliche Erkenntnisse, Tradition und Respekt f\u00fcr die Umwelt vereint \u2013 begleitet von Paola [&hellip;]<\/p>\n","protected":false},"author":1,"featured_media":634,"comment_status":"closed","ping_status":"closed","sticky":false,"template":"","format":"standard","meta":{"_acf_changed":false,"footnotes":""},"categories":[89],"tags":[],"class_list":["post-2220","post","type-post","status-publish","format-standard","has-post-thumbnail","hentry","category-veranstaltungen"],"acf":[],"yoast_head":"<!-- This site is optimized with the Yoast SEO plugin v27.5 - https:\/\/yoast.com\/product\/yoast-seo-wordpress\/ -->\n<title>Auf Kr\u00e4utersuche - Um Palai<\/title>\n<meta name=\"description\" content=\"\u201eAndar per erbe\u201c ist ein ethnobotanischer Spaziergang durch die Wiesen von Pal\u00f9 del Fersina, gedacht f\u00fcr alle, die sich der Welt der Wildpflanzen ann\u00e4hern, deren Eigenschaften erkennen und altes Wissen \u00fcber die Region wiederentdecken m\u00f6chten.\" \/>\n<meta name=\"robots\" content=\"index, follow, max-snippet:-1, max-image-preview:large, max-video-preview:-1\" \/>\n<link rel=\"canonical\" href=\"https:\/\/www.umpalai.it\/de\/veranstaltungen\/storia-e-cultura-mineraria\/\" \/>\n<meta property=\"og:locale\" content=\"de_DE\" \/>\n<meta property=\"og:type\" content=\"article\" \/>\n<meta property=\"og:title\" content=\"Auf Kr\u00e4utersuche - Um Palai\" \/>\n<meta property=\"og:description\" content=\"\u201eAndar per erbe\u201c ist ein ethnobotanischer Spaziergang durch die Wiesen von Pal\u00f9 del Fersina, gedacht f\u00fcr alle, die sich der Welt der Wildpflanzen ann\u00e4hern, deren Eigenschaften erkennen und altes Wissen \u00fcber die Region wiederentdecken m\u00f6chten.\" \/>\n<meta property=\"og:url\" content=\"https:\/\/www.umpalai.it\/de\/veranstaltungen\/storia-e-cultura-mineraria\/\" \/>\n<meta property=\"og:site_name\" content=\"Um Palai\" \/>\n<meta property=\"article:publisher\" content=\"https:\/\/www.facebook.com\/PaludelFersina\/\" \/>\n<meta property=\"article:published_time\" content=\"2025-06-10T11:06:39+00:00\" \/>\n<meta property=\"article:modified_time\" content=\"2025-06-18T18:15:09+00:00\" \/>\n<meta property=\"og:image\" content=\"https:\/\/www.umpalai.it\/wp-content\/uploads\/2024\/04\/PALu-DEL-FERSINA-DSC_0284-1.webp\" \/>\n\t<meta property=\"og:image:width\" content=\"2560\" \/>\n\t<meta property=\"og:image:height\" content=\"1707\" \/>\n\t<meta property=\"og:image:type\" content=\"image\/webp\" \/>\n<meta name=\"author\" content=\"Leveloop\" \/>\n<meta name=\"twitter:card\" content=\"summary_large_image\" \/>\n<meta name=\"twitter:label1\" content=\"Verfasst von\" \/>\n\t<meta name=\"twitter:data1\" content=\"Leveloop\" \/>\n\t<meta name=\"twitter:label2\" content=\"Gesch\u00e4tzte Lesezeit\" \/>\n\t<meta name=\"twitter:data2\" content=\"2\u00a0Minuten\" \/>\n<script type=\"application\/ld+json\" class=\"yoast-schema-graph\">{\"@context\":\"https:\\\/\\\/schema.org\",\"@graph\":[{\"@type\":\"Article\",\"@id\":\"https:\\\/\\\/www.umpalai.it\\\/de\\\/veranstaltungen\\\/storia-e-cultura-mineraria\\\/#article\",\"isPartOf\":{\"@id\":\"https:\\\/\\\/www.umpalai.it\\\/de\\\/veranstaltungen\\\/storia-e-cultura-mineraria\\\/\"},\"author\":{\"name\":\"Leveloop\",\"@id\":\"https:\\\/\\\/www.umpalai.it\\\/de\\\/#\\\/schema\\\/person\\\/c4bb30f288911db2984cdac473ab9b88\"},\"headline\":\"Auf Kr\u00e4utersuche\",\"datePublished\":\"2025-06-10T11:06:39+00:00\",\"dateModified\":\"2025-06-18T18:15:09+00:00\",\"mainEntityOfPage\":{\"@id\":\"https:\\\/\\\/www.umpalai.it\\\/de\\\/veranstaltungen\\\/storia-e-cultura-mineraria\\\/\"},\"wordCount\":171,\"publisher\":{\"@id\":\"https:\\\/\\\/www.umpalai.it\\\/de\\\/#organization\"},\"image\":{\"@id\":\"https:\\\/\\\/www.umpalai.it\\\/de\\\/veranstaltungen\\\/storia-e-cultura-mineraria\\\/#primaryimage\"},\"thumbnailUrl\":\"https:\\\/\\\/www.umpalai.it\\\/wp-content\\\/uploads\\\/2024\\\/04\\\/PALu-DEL-FERSINA-DSC_0284-1.webp\",\"articleSection\":[\"Veranstaltungen\"],\"inLanguage\":\"de\"},{\"@type\":\"WebPage\",\"@id\":\"https:\\\/\\\/www.umpalai.it\\\/de\\\/veranstaltungen\\\/storia-e-cultura-mineraria\\\/\",\"url\":\"https:\\\/\\\/www.umpalai.it\\\/de\\\/veranstaltungen\\\/storia-e-cultura-mineraria\\\/\",\"name\":\"Auf Kr\u00e4utersuche - Um Palai\",\"isPartOf\":{\"@id\":\"https:\\\/\\\/www.umpalai.it\\\/de\\\/#website\"},\"primaryImageOfPage\":{\"@id\":\"https:\\\/\\\/www.umpalai.it\\\/de\\\/veranstaltungen\\\/storia-e-cultura-mineraria\\\/#primaryimage\"},\"image\":{\"@id\":\"https:\\\/\\\/www.umpalai.it\\\/de\\\/veranstaltungen\\\/storia-e-cultura-mineraria\\\/#primaryimage\"},\"thumbnailUrl\":\"https:\\\/\\\/www.umpalai.it\\\/wp-content\\\/uploads\\\/2024\\\/04\\\/PALu-DEL-FERSINA-DSC_0284-1.webp\",\"datePublished\":\"2025-06-10T11:06:39+00:00\",\"dateModified\":\"2025-06-18T18:15:09+00:00\",\"description\":\"\u201eAndar per erbe\u201c ist ein ethnobotanischer Spaziergang durch die Wiesen von Pal\u00f9 del Fersina, gedacht f\u00fcr alle, die sich der Welt der Wildpflanzen ann\u00e4hern, deren Eigenschaften erkennen und altes Wissen \u00fcber die Region wiederentdecken m\u00f6chten.\",\"breadcrumb\":{\"@id\":\"https:\\\/\\\/www.umpalai.it\\\/de\\\/veranstaltungen\\\/storia-e-cultura-mineraria\\\/#breadcrumb\"},\"inLanguage\":\"de\",\"potentialAction\":[{\"@type\":\"ReadAction\",\"target\":[\"https:\\\/\\\/www.umpalai.it\\\/de\\\/veranstaltungen\\\/storia-e-cultura-mineraria\\\/\"]}]},{\"@type\":\"ImageObject\",\"inLanguage\":\"de\",\"@id\":\"https:\\\/\\\/www.umpalai.it\\\/de\\\/veranstaltungen\\\/storia-e-cultura-mineraria\\\/#primaryimage\",\"url\":\"https:\\\/\\\/www.umpalai.it\\\/wp-content\\\/uploads\\\/2024\\\/04\\\/PALu-DEL-FERSINA-DSC_0284-1.webp\",\"contentUrl\":\"https:\\\/\\\/www.umpalai.it\\\/wp-content\\\/uploads\\\/2024\\\/04\\\/PALu-DEL-FERSINA-DSC_0284-1.webp\",\"width\":2560,\"height\":1707,\"caption\":\"Pal\u00f9 del Fersina\"},{\"@type\":\"BreadcrumbList\",\"@id\":\"https:\\\/\\\/www.umpalai.it\\\/de\\\/veranstaltungen\\\/storia-e-cultura-mineraria\\\/#breadcrumb\",\"itemListElement\":[{\"@type\":\"ListItem\",\"position\":1,\"name\":\"Home\",\"item\":\"https:\\\/\\\/www.umpalai.it\\\/de\\\/\"},{\"@type\":\"ListItem\",\"position\":2,\"name\":\"Auf Kr\u00e4utersuche\"}]},{\"@type\":\"WebSite\",\"@id\":\"https:\\\/\\\/www.umpalai.it\\\/de\\\/#website\",\"url\":\"https:\\\/\\\/www.umpalai.it\\\/de\\\/\",\"name\":\"Pal\u00f9 del Fersina\",\"description\":\"Im Herzen des Fersental\",\"publisher\":{\"@id\":\"https:\\\/\\\/www.umpalai.it\\\/de\\\/#organization\"},\"potentialAction\":[{\"@type\":\"SearchAction\",\"target\":{\"@type\":\"EntryPoint\",\"urlTemplate\":\"https:\\\/\\\/www.umpalai.it\\\/de\\\/?s={search_term_string}\"},\"query-input\":{\"@type\":\"PropertyValueSpecification\",\"valueRequired\":true,\"valueName\":\"search_term_string\"}}],\"inLanguage\":\"de\"},{\"@type\":\"Organization\",\"@id\":\"https:\\\/\\\/www.umpalai.it\\\/de\\\/#organization\",\"name\":\"Pal\u00f9 del Fersina\",\"url\":\"https:\\\/\\\/www.umpalai.it\\\/de\\\/\",\"logo\":{\"@type\":\"ImageObject\",\"inLanguage\":\"de\",\"@id\":\"https:\\\/\\\/www.umpalai.it\\\/de\\\/#\\\/schema\\\/logo\\\/image\\\/\",\"url\":\"https:\\\/\\\/www.umpalai.it\\\/wp-content\\\/uploads\\\/2024\\\/04\\\/um-palai.png\",\"contentUrl\":\"https:\\\/\\\/www.umpalai.it\\\/wp-content\\\/uploads\\\/2024\\\/04\\\/um-palai.png\",\"width\":1211,\"height\":823,\"caption\":\"Pal\u00f9 del Fersina\"},\"image\":{\"@id\":\"https:\\\/\\\/www.umpalai.it\\\/de\\\/#\\\/schema\\\/logo\\\/image\\\/\"},\"sameAs\":[\"https:\\\/\\\/www.facebook.com\\\/PaludelFersina\\\/\"]},{\"@type\":\"Person\",\"@id\":\"https:\\\/\\\/www.umpalai.it\\\/de\\\/#\\\/schema\\\/person\\\/c4bb30f288911db2984cdac473ab9b88\",\"name\":\"Leveloop\",\"image\":{\"@type\":\"ImageObject\",\"inLanguage\":\"de\",\"@id\":\"https:\\\/\\\/secure.gravatar.com\\\/avatar\\\/133c970b7ee8e2c97707f8b51c7448c6a8709e26c293cf3c648efb8cca74ab87?s=96&d=mm&r=g\",\"url\":\"https:\\\/\\\/secure.gravatar.com\\\/avatar\\\/133c970b7ee8e2c97707f8b51c7448c6a8709e26c293cf3c648efb8cca74ab87?s=96&d=mm&r=g\",\"contentUrl\":\"https:\\\/\\\/secure.gravatar.com\\\/avatar\\\/133c970b7ee8e2c97707f8b51c7448c6a8709e26c293cf3c648efb8cca74ab87?s=96&d=mm&r=g\",\"caption\":\"Leveloop\"}}]}<\/script>\n<!-- \/ Yoast SEO plugin. -->","yoast_head_json":{"title":"Auf Kr\u00e4utersuche - Um Palai","description":"\u201eAndar per erbe\u201c ist ein ethnobotanischer Spaziergang durch die Wiesen von Pal\u00f9 del Fersina, gedacht f\u00fcr alle, die sich der Welt der Wildpflanzen ann\u00e4hern, deren Eigenschaften erkennen und altes Wissen \u00fcber die Region wiederentdecken m\u00f6chten.","robots":{"index":"index","follow":"follow","max-snippet":"max-snippet:-1","max-image-preview":"max-image-preview:large","max-video-preview":"max-video-preview:-1"},"canonical":"https:\/\/www.umpalai.it\/de\/veranstaltungen\/storia-e-cultura-mineraria\/","og_locale":"de_DE","og_type":"article","og_title":"Auf Kr\u00e4utersuche - Um Palai","og_description":"\u201eAndar per erbe\u201c ist ein ethnobotanischer Spaziergang durch die Wiesen von Pal\u00f9 del Fersina, gedacht f\u00fcr alle, die sich der Welt der Wildpflanzen ann\u00e4hern, deren Eigenschaften erkennen und altes Wissen \u00fcber die Region wiederentdecken m\u00f6chten.","og_url":"https:\/\/www.umpalai.it\/de\/veranstaltungen\/storia-e-cultura-mineraria\/","og_site_name":"Um Palai","article_publisher":"https:\/\/www.facebook.com\/PaludelFersina\/","article_published_time":"2025-06-10T11:06:39+00:00","article_modified_time":"2025-06-18T18:15:09+00:00","og_image":[{"width":2560,"height":1707,"url":"https:\/\/www.umpalai.it\/wp-content\/uploads\/2024\/04\/PALu-DEL-FERSINA-DSC_0284-1.webp","type":"image\/webp"}],"author":"Leveloop","twitter_card":"summary_large_image","twitter_misc":{"Verfasst von":"Leveloop","Gesch\u00e4tzte Lesezeit":"2\u00a0Minuten"},"schema":{"@context":"https:\/\/schema.org","@graph":[{"@type":"Article","@id":"https:\/\/www.umpalai.it\/de\/veranstaltungen\/storia-e-cultura-mineraria\/#article","isPartOf":{"@id":"https:\/\/www.umpalai.it\/de\/veranstaltungen\/storia-e-cultura-mineraria\/"},"author":{"name":"Leveloop","@id":"https:\/\/www.umpalai.it\/de\/#\/schema\/person\/c4bb30f288911db2984cdac473ab9b88"},"headline":"Auf Kr\u00e4utersuche","datePublished":"2025-06-10T11:06:39+00:00","dateModified":"2025-06-18T18:15:09+00:00","mainEntityOfPage":{"@id":"https:\/\/www.umpalai.it\/de\/veranstaltungen\/storia-e-cultura-mineraria\/"},"wordCount":171,"publisher":{"@id":"https:\/\/www.umpalai.it\/de\/#organization"},"image":{"@id":"https:\/\/www.umpalai.it\/de\/veranstaltungen\/storia-e-cultura-mineraria\/#primaryimage"},"thumbnailUrl":"https:\/\/www.umpalai.it\/wp-content\/uploads\/2024\/04\/PALu-DEL-FERSINA-DSC_0284-1.webp","articleSection":["Veranstaltungen"],"inLanguage":"de"},{"@type":"WebPage","@id":"https:\/\/www.umpalai.it\/de\/veranstaltungen\/storia-e-cultura-mineraria\/","url":"https:\/\/www.umpalai.it\/de\/veranstaltungen\/storia-e-cultura-mineraria\/","name":"Auf Kr\u00e4utersuche - Um Palai","isPartOf":{"@id":"https:\/\/www.umpalai.it\/de\/#website"},"primaryImageOfPage":{"@id":"https:\/\/www.umpalai.it\/de\/veranstaltungen\/storia-e-cultura-mineraria\/#primaryimage"},"image":{"@id":"https:\/\/www.umpalai.it\/de\/veranstaltungen\/storia-e-cultura-mineraria\/#primaryimage"},"thumbnailUrl":"https:\/\/www.umpalai.it\/wp-content\/uploads\/2024\/04\/PALu-DEL-FERSINA-DSC_0284-1.webp","datePublished":"2025-06-10T11:06:39+00:00","dateModified":"2025-06-18T18:15:09+00:00","description":"\u201eAndar per erbe\u201c ist ein ethnobotanischer Spaziergang durch die Wiesen von Pal\u00f9 del Fersina, gedacht f\u00fcr alle, die sich der Welt der Wildpflanzen ann\u00e4hern, deren Eigenschaften erkennen und altes Wissen \u00fcber die Region wiederentdecken m\u00f6chten.","breadcrumb":{"@id":"https:\/\/www.umpalai.it\/de\/veranstaltungen\/storia-e-cultura-mineraria\/#breadcrumb"},"inLanguage":"de","potentialAction":[{"@type":"ReadAction","target":["https:\/\/www.umpalai.it\/de\/veranstaltungen\/storia-e-cultura-mineraria\/"]}]},{"@type":"ImageObject","inLanguage":"de","@id":"https:\/\/www.umpalai.it\/de\/veranstaltungen\/storia-e-cultura-mineraria\/#primaryimage","url":"https:\/\/www.umpalai.it\/wp-content\/uploads\/2024\/04\/PALu-DEL-FERSINA-DSC_0284-1.webp","contentUrl":"https:\/\/www.umpalai.it\/wp-content\/uploads\/2024\/04\/PALu-DEL-FERSINA-DSC_0284-1.webp","width":2560,"height":1707,"caption":"Pal\u00f9 del Fersina"},{"@type":"BreadcrumbList","@id":"https:\/\/www.umpalai.it\/de\/veranstaltungen\/storia-e-cultura-mineraria\/#breadcrumb","itemListElement":[{"@type":"ListItem","position":1,"name":"Home","item":"https:\/\/www.umpalai.it\/de\/"},{"@type":"ListItem","position":2,"name":"Auf Kr\u00e4utersuche"}]},{"@type":"WebSite","@id":"https:\/\/www.umpalai.it\/de\/#website","url":"https:\/\/www.umpalai.it\/de\/","name":"Pal\u00f9 del Fersina","description":"Im Herzen des Fersental","publisher":{"@id":"https:\/\/www.umpalai.it\/de\/#organization"},"potentialAction":[{"@type":"SearchAction","target":{"@type":"EntryPoint","urlTemplate":"https:\/\/www.umpalai.it\/de\/?s={search_term_string}"},"query-input":{"@type":"PropertyValueSpecification","valueRequired":true,"valueName":"search_term_string"}}],"inLanguage":"de"},{"@type":"Organization","@id":"https:\/\/www.umpalai.it\/de\/#organization","name":"Pal\u00f9 del Fersina","url":"https:\/\/www.umpalai.it\/de\/","logo":{"@type":"ImageObject","inLanguage":"de","@id":"https:\/\/www.umpalai.it\/de\/#\/schema\/logo\/image\/","url":"https:\/\/www.umpalai.it\/wp-content\/uploads\/2024\/04\/um-palai.png","contentUrl":"https:\/\/www.umpalai.it\/wp-content\/uploads\/2024\/04\/um-palai.png","width":1211,"height":823,"caption":"Pal\u00f9 del Fersina"},"image":{"@id":"https:\/\/www.umpalai.it\/de\/#\/schema\/logo\/image\/"},"sameAs":["https:\/\/www.facebook.com\/PaludelFersina\/"]},{"@type":"Person","@id":"https:\/\/www.umpalai.it\/de\/#\/schema\/person\/c4bb30f288911db2984cdac473ab9b88","name":"Leveloop","image":{"@type":"ImageObject","inLanguage":"de","@id":"https:\/\/secure.gravatar.com\/avatar\/133c970b7ee8e2c97707f8b51c7448c6a8709e26c293cf3c648efb8cca74ab87?s=96&d=mm&r=g","url":"https:\/\/secure.gravatar.com\/avatar\/133c970b7ee8e2c97707f8b51c7448c6a8709e26c293cf3c648efb8cca74ab87?s=96&d=mm&r=g","contentUrl":"https:\/\/secure.gravatar.com\/avatar\/133c970b7ee8e2c97707f8b51c7448c6a8709e26c293cf3c648efb8cca74ab87?s=96&d=mm&r=g","caption":"Leveloop"}}]}},"_links":{"self":[{"href":"https:\/\/www.umpalai.it\/de\/wp-json\/wp\/v2\/posts\/2220","targetHints":{"allow":["GET"]}}],"collection":[{"href":"https:\/\/www.umpalai.it\/de\/wp-json\/wp\/v2\/posts"}],"about":[{"href":"https:\/\/www.umpalai.it\/de\/wp-json\/wp\/v2\/types\/post"}],"author":[{"embeddable":true,"href":"https:\/\/www.umpalai.it\/de\/wp-json\/wp\/v2\/users\/1"}],"replies":[{"embeddable":true,"href":"https:\/\/www.umpalai.it\/de\/wp-json\/wp\/v2\/comments?post=2220"}],"version-history":[{"count":7,"href":"https:\/\/www.umpalai.it\/de\/wp-json\/wp\/v2\/posts\/2220\/revisions"}],"predecessor-version":[{"id":2252,"href":"https:\/\/www.umpalai.it\/de\/wp-json\/wp\/v2\/posts\/2220\/revisions\/2252"}],"wp:featuredmedia":[{"embeddable":true,"href":"https:\/\/www.umpalai.it\/de\/wp-json\/wp\/v2\/media\/634"}],"wp:attachment":[{"href":"https:\/\/www.umpalai.it\/de\/wp-json\/wp\/v2\/media?parent=2220"}],"wp:term":[{"taxonomy":"category","embeddable":true,"href":"https:\/\/www.umpalai.it\/de\/wp-json\/wp\/v2\/categories?post=2220"},{"taxonomy":"post_tag","embeddable":true,"href":"https:\/\/www.umpalai.it\/de\/wp-json\/wp\/v2\/tags?post=2220"}],"curies":[{"name":"wp","href":"https:\/\/api.w.org\/{rel}","templated":true}]}}