{"id":2418,"date":"2025-07-28T16:55:29","date_gmt":"2025-07-28T16:55:29","guid":{"rendered":"https:\/\/www.umpalai.it\/?p=2418"},"modified":"2025-07-28T17:14:46","modified_gmt":"2025-07-28T17:14:46","slug":"palai-bier-il-nuovo-locale-a-palu-del-fersina","status":"publish","type":"post","link":"https:\/\/www.umpalai.it\/de\/nachricht\/palai-bier-il-nuovo-locale-a-palu-del-fersina\/","title":{"rendered":"Palai Bier, die neue Lokalit\u00e4t in Pal\u00f9 del Fersina"},"content":{"rendered":"\n<div class=\"wp-block-columns is-layout-flex wp-container-core-columns-is-layout-9d6595d7 wp-block-columns-is-layout-flex\">\n<div class=\"wp-block-column is-layout-flow wp-block-column-is-layout-flow\">\n<p>M\u00f6chtest du einen Ort, an dem du dich bei einem frischen Craft-Bier entspannen, ein typisches Gericht aus Trentino genie\u00dfen oder den Tag mit einem richtig guten Fr\u00fchst\u00fcck starten kannst? Dann haben wir gro\u00dfartige Neuigkeiten f\u00fcr dich: <strong>Palai Bier<\/strong> hat endlich er\u00f6ffnet \u2013 der neue Laden, der Geschmack, Tradition und eine einzigartige Atmosph\u00e4re direkt im Herzen von Pal\u00f9 del Fersina vereint!<\/p>\n\n\n\n<p>Jeden Tag von morgens bis abends erwarten dich:<\/p>\n\n\n\n<ul class=\"wp-block-list\">\n<li>Warme Croissants, Treccia Mochena und Apfelstrudel, um den Tag perfekt zu beginnen<\/li>\n\n\n\n<li>Mittag- und Abendessen mit typischen Gerichten, zubereitet aus regionalen Zutaten<\/li>\n\n\n\n<li>Aperitifs mit gemischten<\/li>\n\n\n\n<li>Craft-Biere, die mit Leidenschaft direkt bei uns gebraut werden!<\/li>\n<\/ul>\n\n\n\n<p><strong>Palai Bier<\/strong> ist nicht nur ein Lokal: Es ist ein Erlebnis, ein Treffpunkt f\u00fcr alle, die es lieben, sich wohlzuf\u00fchlen, gut zu essen und in guter Gesellschaft zu trinken. Ob du Einheimischer oder neugieriger Reisender bist \u2013 hier findest du echte Aromen, ehrliche L\u00e4cheln und eine gro\u00dfe Freude daran, dich willkommen zu hei\u00dfen.<\/p>\n\n\n\n<p>Komm vorbei und entdecke uns im Zentrum von Pal\u00f9 del Fersina<br>F\u00fcr Infos oder Reservierungen: 347 864 6878<br>T\u00e4glich ge\u00f6ffnet, von Fr\u00fchst\u00fcck bis Abendessen<\/p>\n\n\n\n<figure class=\"wp-block-image size-large\"><img decoding=\"async\" width=\"1024\" height=\"576\" src=\"https:\/\/www.umpalai.it\/wp-content\/uploads\/2025\/07\/IMG_9596-1024x576.webp\" alt=\"Palai Bier interno\" class=\"wp-image-2395\" srcset=\"https:\/\/www.umpalai.it\/wp-content\/uploads\/2025\/07\/IMG_9596-1024x576.webp 1024w, https:\/\/www.umpalai.it\/wp-content\/uploads\/2025\/07\/IMG_9596-300x169.webp 300w, https:\/\/www.umpalai.it\/wp-content\/uploads\/2025\/07\/IMG_9596-768x432.webp 768w, https:\/\/www.umpalai.it\/wp-content\/uploads\/2025\/07\/IMG_9596-1536x864.webp 1536w, https:\/\/www.umpalai.it\/wp-content\/uploads\/2025\/07\/IMG_9596-2048x1152.webp 2048w\" sizes=\"(max-width: 1024px) 100vw, 1024px\" \/><\/figure>\n<\/div>\n<\/div>\n","protected":false},"excerpt":{"rendered":"<p>M\u00f6chtest du einen Ort, an dem du dich bei einem frischen Craft-Bier entspannen, ein typisches Gericht aus Trentino genie\u00dfen oder den Tag mit einem richtig guten Fr\u00fchst\u00fcck starten kannst? Dann haben wir gro\u00dfartige Neuigkeiten f\u00fcr dich: Palai Bier hat endlich er\u00f6ffnet \u2013 der neue Laden, der Geschmack, Tradition und eine einzigartige Atmosph\u00e4re direkt im Herzen [&hellip;]<\/p>\n","protected":false},"author":1,"featured_media":2402,"comment_status":"closed","ping_status":"closed","sticky":false,"template":"","format":"standard","meta":{"_acf_changed":false,"footnotes":""},"categories":[47],"tags":[],"class_list":["post-2418","post","type-post","status-publish","format-standard","has-post-thumbnail","hentry","category-nachricht"],"acf":[],"yoast_head":"<!-- This site is optimized with the Yoast SEO plugin v27.5 - https:\/\/yoast.com\/product\/yoast-seo-wordpress\/ -->\n<title>Palai Bier, die neue Lokalit\u00e4t in Pal\u00f9 del Fersina - Um Palai<\/title>\n<meta name=\"robots\" content=\"index, follow, max-snippet:-1, max-image-preview:large, max-video-preview:-1\" \/>\n<link rel=\"canonical\" href=\"https:\/\/www.umpalai.it\/de\/nachricht\/palai-bier-il-nuovo-locale-a-palu-del-fersina\/\" \/>\n<meta property=\"og:locale\" content=\"de_DE\" \/>\n<meta property=\"og:type\" content=\"article\" \/>\n<meta property=\"og:title\" content=\"Palai Bier, die neue Lokalit\u00e4t in Pal\u00f9 del Fersina - Um Palai\" \/>\n<meta property=\"og:description\" content=\"M\u00f6chtest du einen Ort, an dem du dich bei einem frischen Craft-Bier entspannen, ein typisches Gericht aus Trentino genie\u00dfen oder den Tag mit einem richtig guten Fr\u00fchst\u00fcck starten kannst? Dann haben wir gro\u00dfartige Neuigkeiten f\u00fcr dich: Palai Bier hat endlich er\u00f6ffnet \u2013 der neue Laden, der Geschmack, Tradition und eine einzigartige Atmosph\u00e4re direkt im Herzen [&hellip;]\" \/>\n<meta property=\"og:url\" content=\"https:\/\/www.umpalai.it\/de\/nachricht\/palai-bier-il-nuovo-locale-a-palu-del-fersina\/\" \/>\n<meta property=\"og:site_name\" content=\"Um Palai\" \/>\n<meta property=\"article:publisher\" content=\"https:\/\/www.facebook.com\/PaludelFersina\/\" \/>\n<meta property=\"article:published_time\" content=\"2025-07-28T16:55:29+00:00\" \/>\n<meta property=\"article:modified_time\" content=\"2025-07-28T17:14:46+00:00\" \/>\n<meta property=\"og:image\" content=\"https:\/\/www.umpalai.it\/wp-content\/uploads\/2025\/07\/IMG_9168.webp\" \/>\n\t<meta property=\"og:image:width\" content=\"2560\" \/>\n\t<meta property=\"og:image:height\" content=\"1440\" \/>\n\t<meta property=\"og:image:type\" content=\"image\/webp\" \/>\n<meta name=\"author\" content=\"Leveloop\" \/>\n<meta name=\"twitter:card\" content=\"summary_large_image\" \/>\n<meta name=\"twitter:label1\" content=\"Verfasst von\" \/>\n\t<meta name=\"twitter:data1\" content=\"Leveloop\" \/>\n\t<meta name=\"twitter:label2\" content=\"Gesch\u00e4tzte Lesezeit\" \/>\n\t<meta name=\"twitter:data2\" content=\"2\u00a0Minuten\" \/>\n<script type=\"application\/ld+json\" class=\"yoast-schema-graph\">{\"@context\":\"https:\\\/\\\/schema.org\",\"@graph\":[{\"@type\":\"Article\",\"@id\":\"https:\\\/\\\/www.umpalai.it\\\/de\\\/nachricht\\\/palai-bier-il-nuovo-locale-a-palu-del-fersina\\\/#article\",\"isPartOf\":{\"@id\":\"https:\\\/\\\/www.umpalai.it\\\/de\\\/nachricht\\\/palai-bier-il-nuovo-locale-a-palu-del-fersina\\\/\"},\"author\":{\"name\":\"Leveloop\",\"@id\":\"https:\\\/\\\/www.umpalai.it\\\/de\\\/#\\\/schema\\\/person\\\/c4bb30f288911db2984cdac473ab9b88\"},\"headline\":\"Palai Bier, die neue Lokalit\u00e4t in Pal\u00f9 del Fersina\",\"datePublished\":\"2025-07-28T16:55:29+00:00\",\"dateModified\":\"2025-07-28T17:14:46+00:00\",\"mainEntityOfPage\":{\"@id\":\"https:\\\/\\\/www.umpalai.it\\\/de\\\/nachricht\\\/palai-bier-il-nuovo-locale-a-palu-del-fersina\\\/\"},\"wordCount\":201,\"publisher\":{\"@id\":\"https:\\\/\\\/www.umpalai.it\\\/de\\\/#organization\"},\"image\":{\"@id\":\"https:\\\/\\\/www.umpalai.it\\\/de\\\/nachricht\\\/palai-bier-il-nuovo-locale-a-palu-del-fersina\\\/#primaryimage\"},\"thumbnailUrl\":\"https:\\\/\\\/www.umpalai.it\\\/wp-content\\\/uploads\\\/2025\\\/07\\\/IMG_9168.webp\",\"articleSection\":[\"Nachricht\"],\"inLanguage\":\"de\"},{\"@type\":\"WebPage\",\"@id\":\"https:\\\/\\\/www.umpalai.it\\\/de\\\/nachricht\\\/palai-bier-il-nuovo-locale-a-palu-del-fersina\\\/\",\"url\":\"https:\\\/\\\/www.umpalai.it\\\/de\\\/nachricht\\\/palai-bier-il-nuovo-locale-a-palu-del-fersina\\\/\",\"name\":\"Palai Bier, die neue Lokalit\u00e4t in Pal\u00f9 del Fersina - Um Palai\",\"isPartOf\":{\"@id\":\"https:\\\/\\\/www.umpalai.it\\\/de\\\/#website\"},\"primaryImageOfPage\":{\"@id\":\"https:\\\/\\\/www.umpalai.it\\\/de\\\/nachricht\\\/palai-bier-il-nuovo-locale-a-palu-del-fersina\\\/#primaryimage\"},\"image\":{\"@id\":\"https:\\\/\\\/www.umpalai.it\\\/de\\\/nachricht\\\/palai-bier-il-nuovo-locale-a-palu-del-fersina\\\/#primaryimage\"},\"thumbnailUrl\":\"https:\\\/\\\/www.umpalai.it\\\/wp-content\\\/uploads\\\/2025\\\/07\\\/IMG_9168.webp\",\"datePublished\":\"2025-07-28T16:55:29+00:00\",\"dateModified\":\"2025-07-28T17:14:46+00:00\",\"breadcrumb\":{\"@id\":\"https:\\\/\\\/www.umpalai.it\\\/de\\\/nachricht\\\/palai-bier-il-nuovo-locale-a-palu-del-fersina\\\/#breadcrumb\"},\"inLanguage\":\"de\",\"potentialAction\":[{\"@type\":\"ReadAction\",\"target\":[\"https:\\\/\\\/www.umpalai.it\\\/de\\\/nachricht\\\/palai-bier-il-nuovo-locale-a-palu-del-fersina\\\/\"]}]},{\"@type\":\"ImageObject\",\"inLanguage\":\"de\",\"@id\":\"https:\\\/\\\/www.umpalai.it\\\/de\\\/nachricht\\\/palai-bier-il-nuovo-locale-a-palu-del-fersina\\\/#primaryimage\",\"url\":\"https:\\\/\\\/www.umpalai.it\\\/wp-content\\\/uploads\\\/2025\\\/07\\\/IMG_9168.webp\",\"contentUrl\":\"https:\\\/\\\/www.umpalai.it\\\/wp-content\\\/uploads\\\/2025\\\/07\\\/IMG_9168.webp\",\"width\":2560,\"height\":1440,\"caption\":\"Palai Bier esterno\"},{\"@type\":\"BreadcrumbList\",\"@id\":\"https:\\\/\\\/www.umpalai.it\\\/de\\\/nachricht\\\/palai-bier-il-nuovo-locale-a-palu-del-fersina\\\/#breadcrumb\",\"itemListElement\":[{\"@type\":\"ListItem\",\"position\":1,\"name\":\"Home\",\"item\":\"https:\\\/\\\/www.umpalai.it\\\/de\\\/\"},{\"@type\":\"ListItem\",\"position\":2,\"name\":\"Palai Bier, die neue Lokalit\u00e4t in Pal\u00f9 del Fersina\"}]},{\"@type\":\"WebSite\",\"@id\":\"https:\\\/\\\/www.umpalai.it\\\/de\\\/#website\",\"url\":\"https:\\\/\\\/www.umpalai.it\\\/de\\\/\",\"name\":\"Pal\u00f9 del Fersina\",\"description\":\"Im Herzen des Fersental\",\"publisher\":{\"@id\":\"https:\\\/\\\/www.umpalai.it\\\/de\\\/#organization\"},\"potentialAction\":[{\"@type\":\"SearchAction\",\"target\":{\"@type\":\"EntryPoint\",\"urlTemplate\":\"https:\\\/\\\/www.umpalai.it\\\/de\\\/?s={search_term_string}\"},\"query-input\":{\"@type\":\"PropertyValueSpecification\",\"valueRequired\":true,\"valueName\":\"search_term_string\"}}],\"inLanguage\":\"de\"},{\"@type\":\"Organization\",\"@id\":\"https:\\\/\\\/www.umpalai.it\\\/de\\\/#organization\",\"name\":\"Pal\u00f9 del Fersina\",\"url\":\"https:\\\/\\\/www.umpalai.it\\\/de\\\/\",\"logo\":{\"@type\":\"ImageObject\",\"inLanguage\":\"de\",\"@id\":\"https:\\\/\\\/www.umpalai.it\\\/de\\\/#\\\/schema\\\/logo\\\/image\\\/\",\"url\":\"https:\\\/\\\/www.umpalai.it\\\/wp-content\\\/uploads\\\/2024\\\/04\\\/um-palai.png\",\"contentUrl\":\"https:\\\/\\\/www.umpalai.it\\\/wp-content\\\/uploads\\\/2024\\\/04\\\/um-palai.png\",\"width\":1211,\"height\":823,\"caption\":\"Pal\u00f9 del Fersina\"},\"image\":{\"@id\":\"https:\\\/\\\/www.umpalai.it\\\/de\\\/#\\\/schema\\\/logo\\\/image\\\/\"},\"sameAs\":[\"https:\\\/\\\/www.facebook.com\\\/PaludelFersina\\\/\"]},{\"@type\":\"Person\",\"@id\":\"https:\\\/\\\/www.umpalai.it\\\/de\\\/#\\\/schema\\\/person\\\/c4bb30f288911db2984cdac473ab9b88\",\"name\":\"Leveloop\",\"image\":{\"@type\":\"ImageObject\",\"inLanguage\":\"de\",\"@id\":\"https:\\\/\\\/secure.gravatar.com\\\/avatar\\\/133c970b7ee8e2c97707f8b51c7448c6a8709e26c293cf3c648efb8cca74ab87?s=96&d=mm&r=g\",\"url\":\"https:\\\/\\\/secure.gravatar.com\\\/avatar\\\/133c970b7ee8e2c97707f8b51c7448c6a8709e26c293cf3c648efb8cca74ab87?s=96&d=mm&r=g\",\"contentUrl\":\"https:\\\/\\\/secure.gravatar.com\\\/avatar\\\/133c970b7ee8e2c97707f8b51c7448c6a8709e26c293cf3c648efb8cca74ab87?s=96&d=mm&r=g\",\"caption\":\"Leveloop\"}}]}<\/script>\n<!-- \/ Yoast SEO plugin. -->","yoast_head_json":{"title":"Palai Bier, die neue Lokalit\u00e4t in Pal\u00f9 del Fersina - Um Palai","robots":{"index":"index","follow":"follow","max-snippet":"max-snippet:-1","max-image-preview":"max-image-preview:large","max-video-preview":"max-video-preview:-1"},"canonical":"https:\/\/www.umpalai.it\/de\/nachricht\/palai-bier-il-nuovo-locale-a-palu-del-fersina\/","og_locale":"de_DE","og_type":"article","og_title":"Palai Bier, die neue Lokalit\u00e4t in Pal\u00f9 del Fersina - Um Palai","og_description":"M\u00f6chtest du einen Ort, an dem du dich bei einem frischen Craft-Bier entspannen, ein typisches Gericht aus Trentino genie\u00dfen oder den Tag mit einem richtig guten Fr\u00fchst\u00fcck starten kannst? Dann haben wir gro\u00dfartige Neuigkeiten f\u00fcr dich: Palai Bier hat endlich er\u00f6ffnet \u2013 der neue Laden, der Geschmack, Tradition und eine einzigartige Atmosph\u00e4re direkt im Herzen [&hellip;]","og_url":"https:\/\/www.umpalai.it\/de\/nachricht\/palai-bier-il-nuovo-locale-a-palu-del-fersina\/","og_site_name":"Um Palai","article_publisher":"https:\/\/www.facebook.com\/PaludelFersina\/","article_published_time":"2025-07-28T16:55:29+00:00","article_modified_time":"2025-07-28T17:14:46+00:00","og_image":[{"width":2560,"height":1440,"url":"https:\/\/www.umpalai.it\/wp-content\/uploads\/2025\/07\/IMG_9168.webp","type":"image\/webp"}],"author":"Leveloop","twitter_card":"summary_large_image","twitter_misc":{"Verfasst von":"Leveloop","Gesch\u00e4tzte Lesezeit":"2\u00a0Minuten"},"schema":{"@context":"https:\/\/schema.org","@graph":[{"@type":"Article","@id":"https:\/\/www.umpalai.it\/de\/nachricht\/palai-bier-il-nuovo-locale-a-palu-del-fersina\/#article","isPartOf":{"@id":"https:\/\/www.umpalai.it\/de\/nachricht\/palai-bier-il-nuovo-locale-a-palu-del-fersina\/"},"author":{"name":"Leveloop","@id":"https:\/\/www.umpalai.it\/de\/#\/schema\/person\/c4bb30f288911db2984cdac473ab9b88"},"headline":"Palai Bier, die neue Lokalit\u00e4t in Pal\u00f9 del Fersina","datePublished":"2025-07-28T16:55:29+00:00","dateModified":"2025-07-28T17:14:46+00:00","mainEntityOfPage":{"@id":"https:\/\/www.umpalai.it\/de\/nachricht\/palai-bier-il-nuovo-locale-a-palu-del-fersina\/"},"wordCount":201,"publisher":{"@id":"https:\/\/www.umpalai.it\/de\/#organization"},"image":{"@id":"https:\/\/www.umpalai.it\/de\/nachricht\/palai-bier-il-nuovo-locale-a-palu-del-fersina\/#primaryimage"},"thumbnailUrl":"https:\/\/www.umpalai.it\/wp-content\/uploads\/2025\/07\/IMG_9168.webp","articleSection":["Nachricht"],"inLanguage":"de"},{"@type":"WebPage","@id":"https:\/\/www.umpalai.it\/de\/nachricht\/palai-bier-il-nuovo-locale-a-palu-del-fersina\/","url":"https:\/\/www.umpalai.it\/de\/nachricht\/palai-bier-il-nuovo-locale-a-palu-del-fersina\/","name":"Palai Bier, die neue Lokalit\u00e4t in Pal\u00f9 del Fersina - Um Palai","isPartOf":{"@id":"https:\/\/www.umpalai.it\/de\/#website"},"primaryImageOfPage":{"@id":"https:\/\/www.umpalai.it\/de\/nachricht\/palai-bier-il-nuovo-locale-a-palu-del-fersina\/#primaryimage"},"image":{"@id":"https:\/\/www.umpalai.it\/de\/nachricht\/palai-bier-il-nuovo-locale-a-palu-del-fersina\/#primaryimage"},"thumbnailUrl":"https:\/\/www.umpalai.it\/wp-content\/uploads\/2025\/07\/IMG_9168.webp","datePublished":"2025-07-28T16:55:29+00:00","dateModified":"2025-07-28T17:14:46+00:00","breadcrumb":{"@id":"https:\/\/www.umpalai.it\/de\/nachricht\/palai-bier-il-nuovo-locale-a-palu-del-fersina\/#breadcrumb"},"inLanguage":"de","potentialAction":[{"@type":"ReadAction","target":["https:\/\/www.umpalai.it\/de\/nachricht\/palai-bier-il-nuovo-locale-a-palu-del-fersina\/"]}]},{"@type":"ImageObject","inLanguage":"de","@id":"https:\/\/www.umpalai.it\/de\/nachricht\/palai-bier-il-nuovo-locale-a-palu-del-fersina\/#primaryimage","url":"https:\/\/www.umpalai.it\/wp-content\/uploads\/2025\/07\/IMG_9168.webp","contentUrl":"https:\/\/www.umpalai.it\/wp-content\/uploads\/2025\/07\/IMG_9168.webp","width":2560,"height":1440,"caption":"Palai Bier esterno"},{"@type":"BreadcrumbList","@id":"https:\/\/www.umpalai.it\/de\/nachricht\/palai-bier-il-nuovo-locale-a-palu-del-fersina\/#breadcrumb","itemListElement":[{"@type":"ListItem","position":1,"name":"Home","item":"https:\/\/www.umpalai.it\/de\/"},{"@type":"ListItem","position":2,"name":"Palai Bier, die neue Lokalit\u00e4t in Pal\u00f9 del Fersina"}]},{"@type":"WebSite","@id":"https:\/\/www.umpalai.it\/de\/#website","url":"https:\/\/www.umpalai.it\/de\/","name":"Pal\u00f9 del Fersina","description":"Im Herzen des Fersental","publisher":{"@id":"https:\/\/www.umpalai.it\/de\/#organization"},"potentialAction":[{"@type":"SearchAction","target":{"@type":"EntryPoint","urlTemplate":"https:\/\/www.umpalai.it\/de\/?s={search_term_string}"},"query-input":{"@type":"PropertyValueSpecification","valueRequired":true,"valueName":"search_term_string"}}],"inLanguage":"de"},{"@type":"Organization","@id":"https:\/\/www.umpalai.it\/de\/#organization","name":"Pal\u00f9 del Fersina","url":"https:\/\/www.umpalai.it\/de\/","logo":{"@type":"ImageObject","inLanguage":"de","@id":"https:\/\/www.umpalai.it\/de\/#\/schema\/logo\/image\/","url":"https:\/\/www.umpalai.it\/wp-content\/uploads\/2024\/04\/um-palai.png","contentUrl":"https:\/\/www.umpalai.it\/wp-content\/uploads\/2024\/04\/um-palai.png","width":1211,"height":823,"caption":"Pal\u00f9 del Fersina"},"image":{"@id":"https:\/\/www.umpalai.it\/de\/#\/schema\/logo\/image\/"},"sameAs":["https:\/\/www.facebook.com\/PaludelFersina\/"]},{"@type":"Person","@id":"https:\/\/www.umpalai.it\/de\/#\/schema\/person\/c4bb30f288911db2984cdac473ab9b88","name":"Leveloop","image":{"@type":"ImageObject","inLanguage":"de","@id":"https:\/\/secure.gravatar.com\/avatar\/133c970b7ee8e2c97707f8b51c7448c6a8709e26c293cf3c648efb8cca74ab87?s=96&d=mm&r=g","url":"https:\/\/secure.gravatar.com\/avatar\/133c970b7ee8e2c97707f8b51c7448c6a8709e26c293cf3c648efb8cca74ab87?s=96&d=mm&r=g","contentUrl":"https:\/\/secure.gravatar.com\/avatar\/133c970b7ee8e2c97707f8b51c7448c6a8709e26c293cf3c648efb8cca74ab87?s=96&d=mm&r=g","caption":"Leveloop"}}]}},"_links":{"self":[{"href":"https:\/\/www.umpalai.it\/de\/wp-json\/wp\/v2\/posts\/2418","targetHints":{"allow":["GET"]}}],"collection":[{"href":"https:\/\/www.umpalai.it\/de\/wp-json\/wp\/v2\/posts"}],"about":[{"href":"https:\/\/www.umpalai.it\/de\/wp-json\/wp\/v2\/types\/post"}],"author":[{"embeddable":true,"href":"https:\/\/www.umpalai.it\/de\/wp-json\/wp\/v2\/users\/1"}],"replies":[{"embeddable":true,"href":"https:\/\/www.umpalai.it\/de\/wp-json\/wp\/v2\/comments?post=2418"}],"version-history":[{"count":3,"href":"https:\/\/www.umpalai.it\/de\/wp-json\/wp\/v2\/posts\/2418\/revisions"}],"predecessor-version":[{"id":2425,"href":"https:\/\/www.umpalai.it\/de\/wp-json\/wp\/v2\/posts\/2418\/revisions\/2425"}],"wp:featuredmedia":[{"embeddable":true,"href":"https:\/\/www.umpalai.it\/de\/wp-json\/wp\/v2\/media\/2402"}],"wp:attachment":[{"href":"https:\/\/www.umpalai.it\/de\/wp-json\/wp\/v2\/media?parent=2418"}],"wp:term":[{"taxonomy":"category","embeddable":true,"href":"https:\/\/www.umpalai.it\/de\/wp-json\/wp\/v2\/categories?post=2418"},{"taxonomy":"post_tag","embeddable":true,"href":"https:\/\/www.umpalai.it\/de\/wp-json\/wp\/v2\/tags?post=2418"}],"curies":[{"name":"wp","href":"https:\/\/api.w.org\/{rel}","templated":true}]}}