{"id":754,"date":"2024-04-26T22:49:15","date_gmt":"2024-04-26T22:49:15","guid":{"rendered":"https:\/news\/baita-dei-minatori\/"},"modified":"2025-03-16T20:52:56","modified_gmt":"2025-03-16T20:52:56","slug":"bergarbeiter-hutte","status":"publish","type":"post","link":"https:\/\/www.umpalai.it\/de\/wo-man-ubernachten-kann\/bergarbeiter-hutte\/","title":{"rendered":"Bergarbeiter H\u00fctte"},"content":{"rendered":"\n<div class=\"wp-block-columns blocco-testo-immagine is-layout-flex wp-container-core-columns-is-layout-9d6595d7 wp-block-columns-is-layout-flex\">\n<div class=\"wp-block-column is-layout-flow wp-block-column-is-layout-flow\">\n<p>Die <strong>Knopnbolt Hott \u2013 Bergarbeiterh\u00fctte<\/strong> ist eine abgeschiedene Unterkunft im oberen Teil des Fersentals, mit einem atemberaubenden Blick auf das Tal. Sie ist ideal f\u00fcr Wanderer, Skitourengeher und Jagdliebhaber und bietet die perfekte R\u00fcckzugsm\u00f6glichkeit f\u00fcr alle, die Ruhe und direkten Kontakt mit der Natur suchen, besonders w\u00e4hrend der Wintermonate.<\/p>\n\n\n\n<p>Diese historische H\u00fctte wurde k\u00fcrzlich renoviert und bewahrt ihren alpinen Charme mit Holzinterieur und einer gem\u00fctlichen <strong>Stube<\/strong>. Im Erdgeschoss gibt es einen gro\u00dfz\u00fcgigen Wohnbereich mit Kochnische, Kachelofen und Abstellraum. Im ersten Stock befinden sich zwei Doppelzimmer (mit M\u00f6glichkeit eines Zusatzbettes), ein Zweibettzimmer mit Etagenbett und ein Badezimmer mit Badewanne. Ein gro\u00dfer Panoramabalkon erstreckt sich \u00fcber zwei Seiten der H\u00fctte. Im Au\u00dfenbereich stehen den G\u00e4sten ein Grillplatz, ein privater Parkplatz und Fahrr\u00e4der zur Verf\u00fcgung, um die Umgebung zu erkunden.<\/p>\n\n\n\n<p><strong>CIN:\u00a0IT022133C2DGJNFBP6<\/strong><\/p>\n<\/div>\n\n\n\n<div class=\"wp-block-column is-layout-flow wp-block-column-is-layout-flow\">\n<figure class=\"wp-block-image size-full\"><img decoding=\"async\" width=\"1400\" height=\"934\" src=\"https:\/\/umpalai.it\/wp-content\/uploads\/2024\/04\/baite_dei_minatori-8.jpg\" alt=\"\" class=\"wp-image-545\" srcset=\"https:\/\/www.umpalai.it\/wp-content\/uploads\/2024\/04\/baite_dei_minatori-8.jpg 1400w, https:\/\/www.umpalai.it\/wp-content\/uploads\/2024\/04\/baite_dei_minatori-8-300x200.jpg 300w, https:\/\/www.umpalai.it\/wp-content\/uploads\/2024\/04\/baite_dei_minatori-8-1024x683.jpg 1024w, https:\/\/www.umpalai.it\/wp-content\/uploads\/2024\/04\/baite_dei_minatori-8-768x512.jpg 768w\" sizes=\"(max-width: 1400px) 100vw, 1400px\" \/><\/figure>\n<\/div>\n<\/div>\n\n\n\n<div class=\"wp-block-columns blocco-titolo-testo is-layout-flex wp-container-core-columns-is-layout-9d6595d7 wp-block-columns-is-layout-flex\">\n<div class=\"wp-block-column is-layout-flow wp-block-column-is-layout-flow\">\n<h2 class=\"wp-block-heading\"><strong>Buchen oder fordern Informationen an<\/strong><br>Vacanze in Baita<\/h2>\n<\/div>\n\n\n\n<div class=\"wp-block-column is-layout-flow wp-block-column-is-layout-flow\">\n<p>F\u00fcr Informationen und Reservierungen kontaktieren Sie bitte die Nummer <strong>+39 338 2466823<\/strong>.<\/p>\n<\/div>\n<\/div>\n","protected":false},"excerpt":{"rendered":"<p>Die Knopnbolt Hott \u2013 Bergarbeiterh\u00fctte ist eine abgeschiedene Unterkunft im oberen Teil des Fersentals, mit einem atemberaubenden Blick auf das Tal. Sie ist ideal f\u00fcr Wanderer, Skitourengeher und Jagdliebhaber und bietet die perfekte R\u00fcckzugsm\u00f6glichkeit f\u00fcr alle, die Ruhe und direkten Kontakt mit der Natur suchen, besonders w\u00e4hrend der Wintermonate. Diese historische H\u00fctte wurde k\u00fcrzlich renoviert [&hellip;]<\/p>\n","protected":false},"author":1,"featured_media":694,"comment_status":"closed","ping_status":"open","sticky":false,"template":"","format":"standard","meta":{"_acf_changed":false,"footnotes":""},"categories":[64],"tags":[],"class_list":["post-754","post","type-post","status-publish","format-standard","has-post-thumbnail","hentry","category-wo-man-ubernachten-kann"],"acf":[],"yoast_head":"<!-- This site is optimized with the Yoast SEO plugin v27.5 - https:\/\/yoast.com\/product\/yoast-seo-wordpress\/ -->\n<title>Bergarbeiter H\u00fctte - Um Palai<\/title>\n<meta name=\"description\" content=\"Knopnbolt Hott \u2013 Bergarbeiterh\u00fctte, ein vollst\u00e4ndig isoliertes Geb\u00e4ude, das sich fast am Ende des Mocheni-Tals befindet, eine Art nat\u00fcrlicher Balkon \u00fcber dem darunter liegenden Tal. Ideal f\u00fcr Wanderer, Skitourengeher und Jagdliebhaber. Perfekt f\u00fcr Winterferien.\" \/>\n<meta name=\"robots\" content=\"index, follow, max-snippet:-1, max-image-preview:large, max-video-preview:-1\" \/>\n<link rel=\"canonical\" href=\"https:\/\/www.umpalai.it\/de\/wo-man-ubernachten-kann\/bergarbeiter-hutte\/\" \/>\n<meta property=\"og:locale\" content=\"de_DE\" \/>\n<meta property=\"og:type\" content=\"article\" \/>\n<meta property=\"og:title\" content=\"Bergarbeiter H\u00fctte - Um Palai\" \/>\n<meta property=\"og:description\" content=\"Knopnbolt Hott \u2013 Bergarbeiterh\u00fctte, ein vollst\u00e4ndig isoliertes Geb\u00e4ude, das sich fast am Ende des Mocheni-Tals befindet, eine Art nat\u00fcrlicher Balkon \u00fcber dem darunter liegenden Tal. Ideal f\u00fcr Wanderer, Skitourengeher und Jagdliebhaber. Perfekt f\u00fcr Winterferien.\" \/>\n<meta property=\"og:url\" content=\"https:\/\/www.umpalai.it\/de\/wo-man-ubernachten-kann\/bergarbeiter-hutte\/\" \/>\n<meta property=\"og:site_name\" content=\"Um Palai\" \/>\n<meta property=\"article:publisher\" content=\"https:\/\/www.facebook.com\/PaludelFersina\/\" \/>\n<meta property=\"article:published_time\" content=\"2024-04-26T22:49:15+00:00\" \/>\n<meta property=\"article:modified_time\" content=\"2025-03-16T20:52:56+00:00\" \/>\n<meta property=\"og:image\" content=\"https:\/\/www.umpalai.it\/wp-content\/uploads\/2024\/04\/baite_dei_minatori-16.jpg\" \/>\n\t<meta property=\"og:image:width\" content=\"1400\" \/>\n\t<meta property=\"og:image:height\" content=\"933\" \/>\n\t<meta property=\"og:image:type\" content=\"image\/jpeg\" \/>\n<meta name=\"author\" content=\"Leveloop\" \/>\n<meta name=\"twitter:card\" content=\"summary_large_image\" \/>\n<meta name=\"twitter:label1\" content=\"Verfasst von\" \/>\n\t<meta name=\"twitter:data1\" content=\"Leveloop\" \/>\n\t<meta name=\"twitter:label2\" content=\"Gesch\u00e4tzte Lesezeit\" \/>\n\t<meta name=\"twitter:data2\" content=\"1\u00a0Minute\" \/>\n<script type=\"application\/ld+json\" class=\"yoast-schema-graph\">{\"@context\":\"https:\\\/\\\/schema.org\",\"@graph\":[{\"@type\":\"Article\",\"@id\":\"https:\\\/\\\/www.umpalai.it\\\/de\\\/wo-man-ubernachten-kann\\\/bergarbeiter-hutte\\\/#article\",\"isPartOf\":{\"@id\":\"https:\\\/\\\/www.umpalai.it\\\/de\\\/wo-man-ubernachten-kann\\\/bergarbeiter-hutte\\\/\"},\"author\":{\"name\":\"Leveloop\",\"@id\":\"https:\\\/\\\/www.umpalai.it\\\/de\\\/#\\\/schema\\\/person\\\/c4bb30f288911db2984cdac473ab9b88\"},\"headline\":\"Bergarbeiter H\u00fctte\",\"datePublished\":\"2024-04-26T22:49:15+00:00\",\"dateModified\":\"2025-03-16T20:52:56+00:00\",\"mainEntityOfPage\":{\"@id\":\"https:\\\/\\\/www.umpalai.it\\\/de\\\/wo-man-ubernachten-kann\\\/bergarbeiter-hutte\\\/\"},\"wordCount\":169,\"publisher\":{\"@id\":\"https:\\\/\\\/www.umpalai.it\\\/de\\\/#organization\"},\"image\":{\"@id\":\"https:\\\/\\\/www.umpalai.it\\\/de\\\/wo-man-ubernachten-kann\\\/bergarbeiter-hutte\\\/#primaryimage\"},\"thumbnailUrl\":\"https:\\\/\\\/www.umpalai.it\\\/wp-content\\\/uploads\\\/2024\\\/04\\\/baite_dei_minatori-16.jpg\",\"articleSection\":[\"Wo man \u00fcbernachten kann\"],\"inLanguage\":\"de\"},{\"@type\":\"WebPage\",\"@id\":\"https:\\\/\\\/www.umpalai.it\\\/de\\\/wo-man-ubernachten-kann\\\/bergarbeiter-hutte\\\/\",\"url\":\"https:\\\/\\\/www.umpalai.it\\\/de\\\/wo-man-ubernachten-kann\\\/bergarbeiter-hutte\\\/\",\"name\":\"Bergarbeiter H\u00fctte - Um Palai\",\"isPartOf\":{\"@id\":\"https:\\\/\\\/www.umpalai.it\\\/de\\\/#website\"},\"primaryImageOfPage\":{\"@id\":\"https:\\\/\\\/www.umpalai.it\\\/de\\\/wo-man-ubernachten-kann\\\/bergarbeiter-hutte\\\/#primaryimage\"},\"image\":{\"@id\":\"https:\\\/\\\/www.umpalai.it\\\/de\\\/wo-man-ubernachten-kann\\\/bergarbeiter-hutte\\\/#primaryimage\"},\"thumbnailUrl\":\"https:\\\/\\\/www.umpalai.it\\\/wp-content\\\/uploads\\\/2024\\\/04\\\/baite_dei_minatori-16.jpg\",\"datePublished\":\"2024-04-26T22:49:15+00:00\",\"dateModified\":\"2025-03-16T20:52:56+00:00\",\"description\":\"Knopnbolt Hott \u2013 Bergarbeiterh\u00fctte, ein vollst\u00e4ndig isoliertes Geb\u00e4ude, das sich fast am Ende des Mocheni-Tals befindet, eine Art nat\u00fcrlicher Balkon \u00fcber dem darunter liegenden Tal. Ideal f\u00fcr Wanderer, Skitourengeher und Jagdliebhaber. Perfekt f\u00fcr Winterferien.\",\"breadcrumb\":{\"@id\":\"https:\\\/\\\/www.umpalai.it\\\/de\\\/wo-man-ubernachten-kann\\\/bergarbeiter-hutte\\\/#breadcrumb\"},\"inLanguage\":\"de\",\"potentialAction\":[{\"@type\":\"ReadAction\",\"target\":[\"https:\\\/\\\/www.umpalai.it\\\/de\\\/wo-man-ubernachten-kann\\\/bergarbeiter-hutte\\\/\"]}]},{\"@type\":\"ImageObject\",\"inLanguage\":\"de\",\"@id\":\"https:\\\/\\\/www.umpalai.it\\\/de\\\/wo-man-ubernachten-kann\\\/bergarbeiter-hutte\\\/#primaryimage\",\"url\":\"https:\\\/\\\/www.umpalai.it\\\/wp-content\\\/uploads\\\/2024\\\/04\\\/baite_dei_minatori-16.jpg\",\"contentUrl\":\"https:\\\/\\\/www.umpalai.it\\\/wp-content\\\/uploads\\\/2024\\\/04\\\/baite_dei_minatori-16.jpg\",\"width\":1400,\"height\":933,\"caption\":\"Baita dei Minatori\"},{\"@type\":\"BreadcrumbList\",\"@id\":\"https:\\\/\\\/www.umpalai.it\\\/de\\\/wo-man-ubernachten-kann\\\/bergarbeiter-hutte\\\/#breadcrumb\",\"itemListElement\":[{\"@type\":\"ListItem\",\"position\":1,\"name\":\"Home\",\"item\":\"https:\\\/\\\/www.umpalai.it\\\/de\\\/\"},{\"@type\":\"ListItem\",\"position\":2,\"name\":\"Bergarbeiter H\u00fctte\"}]},{\"@type\":\"WebSite\",\"@id\":\"https:\\\/\\\/www.umpalai.it\\\/de\\\/#website\",\"url\":\"https:\\\/\\\/www.umpalai.it\\\/de\\\/\",\"name\":\"Pal\u00f9 del Fersina\",\"description\":\"Im Herzen des Fersental\",\"publisher\":{\"@id\":\"https:\\\/\\\/www.umpalai.it\\\/de\\\/#organization\"},\"potentialAction\":[{\"@type\":\"SearchAction\",\"target\":{\"@type\":\"EntryPoint\",\"urlTemplate\":\"https:\\\/\\\/www.umpalai.it\\\/de\\\/?s={search_term_string}\"},\"query-input\":{\"@type\":\"PropertyValueSpecification\",\"valueRequired\":true,\"valueName\":\"search_term_string\"}}],\"inLanguage\":\"de\"},{\"@type\":\"Organization\",\"@id\":\"https:\\\/\\\/www.umpalai.it\\\/de\\\/#organization\",\"name\":\"Pal\u00f9 del Fersina\",\"url\":\"https:\\\/\\\/www.umpalai.it\\\/de\\\/\",\"logo\":{\"@type\":\"ImageObject\",\"inLanguage\":\"de\",\"@id\":\"https:\\\/\\\/www.umpalai.it\\\/de\\\/#\\\/schema\\\/logo\\\/image\\\/\",\"url\":\"https:\\\/\\\/www.umpalai.it\\\/wp-content\\\/uploads\\\/2024\\\/04\\\/um-palai.png\",\"contentUrl\":\"https:\\\/\\\/www.umpalai.it\\\/wp-content\\\/uploads\\\/2024\\\/04\\\/um-palai.png\",\"width\":1211,\"height\":823,\"caption\":\"Pal\u00f9 del Fersina\"},\"image\":{\"@id\":\"https:\\\/\\\/www.umpalai.it\\\/de\\\/#\\\/schema\\\/logo\\\/image\\\/\"},\"sameAs\":[\"https:\\\/\\\/www.facebook.com\\\/PaludelFersina\\\/\"]},{\"@type\":\"Person\",\"@id\":\"https:\\\/\\\/www.umpalai.it\\\/de\\\/#\\\/schema\\\/person\\\/c4bb30f288911db2984cdac473ab9b88\",\"name\":\"Leveloop\",\"image\":{\"@type\":\"ImageObject\",\"inLanguage\":\"de\",\"@id\":\"https:\\\/\\\/secure.gravatar.com\\\/avatar\\\/133c970b7ee8e2c97707f8b51c7448c6a8709e26c293cf3c648efb8cca74ab87?s=96&d=mm&r=g\",\"url\":\"https:\\\/\\\/secure.gravatar.com\\\/avatar\\\/133c970b7ee8e2c97707f8b51c7448c6a8709e26c293cf3c648efb8cca74ab87?s=96&d=mm&r=g\",\"contentUrl\":\"https:\\\/\\\/secure.gravatar.com\\\/avatar\\\/133c970b7ee8e2c97707f8b51c7448c6a8709e26c293cf3c648efb8cca74ab87?s=96&d=mm&r=g\",\"caption\":\"Leveloop\"}}]}<\/script>\n<!-- \/ Yoast SEO plugin. -->","yoast_head_json":{"title":"Bergarbeiter H\u00fctte - Um Palai","description":"Knopnbolt Hott \u2013 Bergarbeiterh\u00fctte, ein vollst\u00e4ndig isoliertes Geb\u00e4ude, das sich fast am Ende des Mocheni-Tals befindet, eine Art nat\u00fcrlicher Balkon \u00fcber dem darunter liegenden Tal. Ideal f\u00fcr Wanderer, Skitourengeher und Jagdliebhaber. Perfekt f\u00fcr Winterferien.","robots":{"index":"index","follow":"follow","max-snippet":"max-snippet:-1","max-image-preview":"max-image-preview:large","max-video-preview":"max-video-preview:-1"},"canonical":"https:\/\/www.umpalai.it\/de\/wo-man-ubernachten-kann\/bergarbeiter-hutte\/","og_locale":"de_DE","og_type":"article","og_title":"Bergarbeiter H\u00fctte - Um Palai","og_description":"Knopnbolt Hott \u2013 Bergarbeiterh\u00fctte, ein vollst\u00e4ndig isoliertes Geb\u00e4ude, das sich fast am Ende des Mocheni-Tals befindet, eine Art nat\u00fcrlicher Balkon \u00fcber dem darunter liegenden Tal. Ideal f\u00fcr Wanderer, Skitourengeher und Jagdliebhaber. Perfekt f\u00fcr Winterferien.","og_url":"https:\/\/www.umpalai.it\/de\/wo-man-ubernachten-kann\/bergarbeiter-hutte\/","og_site_name":"Um Palai","article_publisher":"https:\/\/www.facebook.com\/PaludelFersina\/","article_published_time":"2024-04-26T22:49:15+00:00","article_modified_time":"2025-03-16T20:52:56+00:00","og_image":[{"width":1400,"height":933,"url":"https:\/\/www.umpalai.it\/wp-content\/uploads\/2024\/04\/baite_dei_minatori-16.jpg","type":"image\/jpeg"}],"author":"Leveloop","twitter_card":"summary_large_image","twitter_misc":{"Verfasst von":"Leveloop","Gesch\u00e4tzte Lesezeit":"1\u00a0Minute"},"schema":{"@context":"https:\/\/schema.org","@graph":[{"@type":"Article","@id":"https:\/\/www.umpalai.it\/de\/wo-man-ubernachten-kann\/bergarbeiter-hutte\/#article","isPartOf":{"@id":"https:\/\/www.umpalai.it\/de\/wo-man-ubernachten-kann\/bergarbeiter-hutte\/"},"author":{"name":"Leveloop","@id":"https:\/\/www.umpalai.it\/de\/#\/schema\/person\/c4bb30f288911db2984cdac473ab9b88"},"headline":"Bergarbeiter H\u00fctte","datePublished":"2024-04-26T22:49:15+00:00","dateModified":"2025-03-16T20:52:56+00:00","mainEntityOfPage":{"@id":"https:\/\/www.umpalai.it\/de\/wo-man-ubernachten-kann\/bergarbeiter-hutte\/"},"wordCount":169,"publisher":{"@id":"https:\/\/www.umpalai.it\/de\/#organization"},"image":{"@id":"https:\/\/www.umpalai.it\/de\/wo-man-ubernachten-kann\/bergarbeiter-hutte\/#primaryimage"},"thumbnailUrl":"https:\/\/www.umpalai.it\/wp-content\/uploads\/2024\/04\/baite_dei_minatori-16.jpg","articleSection":["Wo man \u00fcbernachten kann"],"inLanguage":"de"},{"@type":"WebPage","@id":"https:\/\/www.umpalai.it\/de\/wo-man-ubernachten-kann\/bergarbeiter-hutte\/","url":"https:\/\/www.umpalai.it\/de\/wo-man-ubernachten-kann\/bergarbeiter-hutte\/","name":"Bergarbeiter H\u00fctte - Um Palai","isPartOf":{"@id":"https:\/\/www.umpalai.it\/de\/#website"},"primaryImageOfPage":{"@id":"https:\/\/www.umpalai.it\/de\/wo-man-ubernachten-kann\/bergarbeiter-hutte\/#primaryimage"},"image":{"@id":"https:\/\/www.umpalai.it\/de\/wo-man-ubernachten-kann\/bergarbeiter-hutte\/#primaryimage"},"thumbnailUrl":"https:\/\/www.umpalai.it\/wp-content\/uploads\/2024\/04\/baite_dei_minatori-16.jpg","datePublished":"2024-04-26T22:49:15+00:00","dateModified":"2025-03-16T20:52:56+00:00","description":"Knopnbolt Hott \u2013 Bergarbeiterh\u00fctte, ein vollst\u00e4ndig isoliertes Geb\u00e4ude, das sich fast am Ende des Mocheni-Tals befindet, eine Art nat\u00fcrlicher Balkon \u00fcber dem darunter liegenden Tal. Ideal f\u00fcr Wanderer, Skitourengeher und Jagdliebhaber. Perfekt f\u00fcr Winterferien.","breadcrumb":{"@id":"https:\/\/www.umpalai.it\/de\/wo-man-ubernachten-kann\/bergarbeiter-hutte\/#breadcrumb"},"inLanguage":"de","potentialAction":[{"@type":"ReadAction","target":["https:\/\/www.umpalai.it\/de\/wo-man-ubernachten-kann\/bergarbeiter-hutte\/"]}]},{"@type":"ImageObject","inLanguage":"de","@id":"https:\/\/www.umpalai.it\/de\/wo-man-ubernachten-kann\/bergarbeiter-hutte\/#primaryimage","url":"https:\/\/www.umpalai.it\/wp-content\/uploads\/2024\/04\/baite_dei_minatori-16.jpg","contentUrl":"https:\/\/www.umpalai.it\/wp-content\/uploads\/2024\/04\/baite_dei_minatori-16.jpg","width":1400,"height":933,"caption":"Baita dei Minatori"},{"@type":"BreadcrumbList","@id":"https:\/\/www.umpalai.it\/de\/wo-man-ubernachten-kann\/bergarbeiter-hutte\/#breadcrumb","itemListElement":[{"@type":"ListItem","position":1,"name":"Home","item":"https:\/\/www.umpalai.it\/de\/"},{"@type":"ListItem","position":2,"name":"Bergarbeiter H\u00fctte"}]},{"@type":"WebSite","@id":"https:\/\/www.umpalai.it\/de\/#website","url":"https:\/\/www.umpalai.it\/de\/","name":"Pal\u00f9 del Fersina","description":"Im Herzen des Fersental","publisher":{"@id":"https:\/\/www.umpalai.it\/de\/#organization"},"potentialAction":[{"@type":"SearchAction","target":{"@type":"EntryPoint","urlTemplate":"https:\/\/www.umpalai.it\/de\/?s={search_term_string}"},"query-input":{"@type":"PropertyValueSpecification","valueRequired":true,"valueName":"search_term_string"}}],"inLanguage":"de"},{"@type":"Organization","@id":"https:\/\/www.umpalai.it\/de\/#organization","name":"Pal\u00f9 del Fersina","url":"https:\/\/www.umpalai.it\/de\/","logo":{"@type":"ImageObject","inLanguage":"de","@id":"https:\/\/www.umpalai.it\/de\/#\/schema\/logo\/image\/","url":"https:\/\/www.umpalai.it\/wp-content\/uploads\/2024\/04\/um-palai.png","contentUrl":"https:\/\/www.umpalai.it\/wp-content\/uploads\/2024\/04\/um-palai.png","width":1211,"height":823,"caption":"Pal\u00f9 del Fersina"},"image":{"@id":"https:\/\/www.umpalai.it\/de\/#\/schema\/logo\/image\/"},"sameAs":["https:\/\/www.facebook.com\/PaludelFersina\/"]},{"@type":"Person","@id":"https:\/\/www.umpalai.it\/de\/#\/schema\/person\/c4bb30f288911db2984cdac473ab9b88","name":"Leveloop","image":{"@type":"ImageObject","inLanguage":"de","@id":"https:\/\/secure.gravatar.com\/avatar\/133c970b7ee8e2c97707f8b51c7448c6a8709e26c293cf3c648efb8cca74ab87?s=96&d=mm&r=g","url":"https:\/\/secure.gravatar.com\/avatar\/133c970b7ee8e2c97707f8b51c7448c6a8709e26c293cf3c648efb8cca74ab87?s=96&d=mm&r=g","contentUrl":"https:\/\/secure.gravatar.com\/avatar\/133c970b7ee8e2c97707f8b51c7448c6a8709e26c293cf3c648efb8cca74ab87?s=96&d=mm&r=g","caption":"Leveloop"}}]}},"_links":{"self":[{"href":"https:\/\/www.umpalai.it\/de\/wp-json\/wp\/v2\/posts\/754","targetHints":{"allow":["GET"]}}],"collection":[{"href":"https:\/\/www.umpalai.it\/de\/wp-json\/wp\/v2\/posts"}],"about":[{"href":"https:\/\/www.umpalai.it\/de\/wp-json\/wp\/v2\/types\/post"}],"author":[{"embeddable":true,"href":"https:\/\/www.umpalai.it\/de\/wp-json\/wp\/v2\/users\/1"}],"replies":[{"embeddable":true,"href":"https:\/\/www.umpalai.it\/de\/wp-json\/wp\/v2\/comments?post=754"}],"version-history":[{"count":4,"href":"https:\/\/www.umpalai.it\/de\/wp-json\/wp\/v2\/posts\/754\/revisions"}],"predecessor-version":[{"id":2133,"href":"https:\/\/www.umpalai.it\/de\/wp-json\/wp\/v2\/posts\/754\/revisions\/2133"}],"wp:featuredmedia":[{"embeddable":true,"href":"https:\/\/www.umpalai.it\/de\/wp-json\/wp\/v2\/media\/694"}],"wp:attachment":[{"href":"https:\/\/www.umpalai.it\/de\/wp-json\/wp\/v2\/media?parent=754"}],"wp:term":[{"taxonomy":"category","embeddable":true,"href":"https:\/\/www.umpalai.it\/de\/wp-json\/wp\/v2\/categories?post=754"},{"taxonomy":"post_tag","embeddable":true,"href":"https:\/\/www.umpalai.it\/de\/wp-json\/wp\/v2\/tags?post=754"}],"curies":[{"name":"wp","href":"https:\/\/api.w.org\/{rel}","templated":true}]}}