{"id":758,"date":"2024-04-26T22:46:05","date_gmt":"2024-04-26T22:46:05","guid":{"rendered":"https:\/news\/baita-hoff-hit\/"},"modified":"2025-03-16T20:54:17","modified_gmt":"2025-03-16T20:54:17","slug":"hoff-hutte","status":"publish","type":"post","link":"https:\/\/www.umpalai.it\/de\/wo-man-ubernachten-kann\/hoff-hutte\/","title":{"rendered":"Hoff H\u00fctte"},"content":{"rendered":"\n<div class=\"wp-block-columns blocco-testo-immagine is-layout-flex wp-container-core-columns-is-layout-9d6595d7 wp-block-columns-is-layout-flex\">\n<div class=\"wp-block-column is-layout-flow wp-block-column-is-layout-flow\">\n<p>Der Hof liegt auf einer nat\u00fcrlichen Terrasse mit Blick auf das Fersental, umgeben von dichten Fichtenw\u00e4ldern. Dank seiner panoramischen und abgeschiedenen Lage ist er der ideale Ort f\u00fcr einen erholsamen Familienurlaub, Wanderer, Biker und Naturliebhaber.<\/p>\n\n\n\n<p>Dieses typische Geb\u00e4ude aus Stein und Holz wurde k\u00fcrzlich renoviert und bewahrt dabei seinen urspr\u00fcnglichen Charme. Im Untergeschoss gibt es einen Abstellraum und einen Lagerbereich f\u00fcr Mountainbikes, Skier und Schlitten. Im ersten Stock befinden sich ein ger\u00e4umiger Wohnbereich mit K\u00fcchenzeile, ein Holzofen, ein Badezimmer mit Dusche (Warmwasser durch Holzboiler), ein Doppelzimmer und ein Panoramabalkon. Das Dachgeschoss bietet ein gro\u00dfes Zimmer mit zwei Betten und der M\u00f6glichkeit, ein drittes hinzuzuf\u00fcgen. Drau\u00dfen erwartet die G\u00e4ste eine gro\u00dfe Gr\u00fcnfl\u00e4che mit einer nat\u00fcrlichen Quelle, einem Grillplatz und einem privaten Parkplatz f\u00fcr einen ruhigen und komfortablen Aufenthalt.<\/p>\n\n\n\n<p><strong>CIN:\u00a0IT022133C22E4ALHHD<\/strong><\/p>\n<\/div>\n\n\n\n<div class=\"wp-block-column is-layout-flow wp-block-column-is-layout-flow\">\n<figure class=\"wp-block-image size-full\"><img decoding=\"async\" width=\"1600\" height=\"1067\" src=\"https:\/\/umpalai.it\/wp-content\/uploads\/2024\/04\/Baita_Hoff_Hit-7.jpg\" alt=\"\" class=\"wp-image-544\" srcset=\"https:\/\/www.umpalai.it\/wp-content\/uploads\/2024\/04\/Baita_Hoff_Hit-7.jpg 1600w, https:\/\/www.umpalai.it\/wp-content\/uploads\/2024\/04\/Baita_Hoff_Hit-7-300x200.jpg 300w, https:\/\/www.umpalai.it\/wp-content\/uploads\/2024\/04\/Baita_Hoff_Hit-7-1024x683.jpg 1024w, https:\/\/www.umpalai.it\/wp-content\/uploads\/2024\/04\/Baita_Hoff_Hit-7-768x512.jpg 768w, https:\/\/www.umpalai.it\/wp-content\/uploads\/2024\/04\/Baita_Hoff_Hit-7-1536x1024.jpg 1536w\" sizes=\"(max-width: 1600px) 100vw, 1600px\" \/><\/figure>\n<\/div>\n<\/div>\n\n\n\n<div class=\"wp-block-columns blocco-titolo-testo is-layout-flex wp-container-core-columns-is-layout-9d6595d7 wp-block-columns-is-layout-flex\">\n<div class=\"wp-block-column is-layout-flow wp-block-column-is-layout-flow\">\n<h2 class=\"wp-block-heading\"><strong><strong>Buchen oder fordern Informationen an<\/strong><\/strong><br>Vacanze in Baita<\/h2>\n<\/div>\n\n\n\n<div class=\"wp-block-column is-layout-flow wp-block-column-is-layout-flow\">\n<p>F\u00fcr Informationen und Reservierungen kontaktieren Sie bitte die Nummer <strong>+39 338 5463 556<\/strong>.<\/p>\n<\/div>\n<\/div>\n","protected":false},"excerpt":{"rendered":"<p>Der Hof liegt auf einer nat\u00fcrlichen Terrasse mit Blick auf das Fersental, umgeben von dichten Fichtenw\u00e4ldern. Dank seiner panoramischen und abgeschiedenen Lage ist er der ideale Ort f\u00fcr einen erholsamen Familienurlaub, Wanderer, Biker und Naturliebhaber. Dieses typische Geb\u00e4ude aus Stein und Holz wurde k\u00fcrzlich renoviert und bewahrt dabei seinen urspr\u00fcnglichen Charme. Im Untergeschoss gibt es [&hellip;]<\/p>\n","protected":false},"author":1,"featured_media":696,"comment_status":"closed","ping_status":"open","sticky":false,"template":"","format":"standard","meta":{"_acf_changed":false,"footnotes":""},"categories":[64],"tags":[],"class_list":["post-758","post","type-post","status-publish","format-standard","has-post-thumbnail","hentry","category-wo-man-ubernachten-kann"],"acf":[],"yoast_head":"<!-- This site is optimized with the Yoast SEO plugin v27.5 - https:\/\/yoast.com\/product\/yoast-seo-wordpress\/ -->\n<title>Hoff H\u00fctte - Um Palai<\/title>\n<meta name=\"description\" content=\"Der Bauernhof befindet sich auf einer nat\u00fcrlichen Terrasse am Ende des Mocheni-Tals, umgeben von dichten Tannenw\u00e4ldern, die beide Seiten des Tals \u00fcberblicken. Er ist ideal f\u00fcr ruhige Familienaufenthalte, entspannende Ferien, Wanderer, Biker und Naturliebhaber.\" \/>\n<meta name=\"robots\" content=\"index, follow, max-snippet:-1, max-image-preview:large, max-video-preview:-1\" \/>\n<link rel=\"canonical\" href=\"https:\/\/www.umpalai.it\/de\/wo-man-ubernachten-kann\/hoff-hutte\/\" \/>\n<meta property=\"og:locale\" content=\"de_DE\" \/>\n<meta property=\"og:type\" content=\"article\" \/>\n<meta property=\"og:title\" content=\"Hoff H\u00fctte - Um Palai\" \/>\n<meta property=\"og:description\" content=\"Der Bauernhof befindet sich auf einer nat\u00fcrlichen Terrasse am Ende des Mocheni-Tals, umgeben von dichten Tannenw\u00e4ldern, die beide Seiten des Tals \u00fcberblicken. Er ist ideal f\u00fcr ruhige Familienaufenthalte, entspannende Ferien, Wanderer, Biker und Naturliebhaber.\" \/>\n<meta property=\"og:url\" content=\"https:\/\/www.umpalai.it\/de\/wo-man-ubernachten-kann\/hoff-hutte\/\" \/>\n<meta property=\"og:site_name\" content=\"Um Palai\" \/>\n<meta property=\"article:publisher\" content=\"https:\/\/www.facebook.com\/PaludelFersina\/\" \/>\n<meta property=\"article:published_time\" content=\"2024-04-26T22:46:05+00:00\" \/>\n<meta property=\"article:modified_time\" content=\"2025-03-16T20:54:17+00:00\" \/>\n<meta property=\"og:image\" content=\"https:\/\/www.umpalai.it\/wp-content\/uploads\/2024\/04\/Baita_Hoff_Hit-1.webp\" \/>\n\t<meta property=\"og:image:width\" content=\"1600\" \/>\n\t<meta property=\"og:image:height\" content=\"1067\" \/>\n\t<meta property=\"og:image:type\" content=\"image\/webp\" \/>\n<meta name=\"author\" content=\"Leveloop\" \/>\n<meta name=\"twitter:card\" content=\"summary_large_image\" \/>\n<meta name=\"twitter:label1\" content=\"Verfasst von\" \/>\n\t<meta name=\"twitter:data1\" content=\"Leveloop\" \/>\n\t<meta name=\"twitter:label2\" content=\"Gesch\u00e4tzte Lesezeit\" \/>\n\t<meta name=\"twitter:data2\" content=\"1\u00a0Minute\" \/>\n<script type=\"application\/ld+json\" class=\"yoast-schema-graph\">{\"@context\":\"https:\\\/\\\/schema.org\",\"@graph\":[{\"@type\":\"Article\",\"@id\":\"https:\\\/\\\/www.umpalai.it\\\/de\\\/wo-man-ubernachten-kann\\\/hoff-hutte\\\/#article\",\"isPartOf\":{\"@id\":\"https:\\\/\\\/www.umpalai.it\\\/de\\\/wo-man-ubernachten-kann\\\/hoff-hutte\\\/\"},\"author\":{\"name\":\"Leveloop\",\"@id\":\"https:\\\/\\\/www.umpalai.it\\\/de\\\/#\\\/schema\\\/person\\\/c4bb30f288911db2984cdac473ab9b88\"},\"headline\":\"Hoff H\u00fctte\",\"datePublished\":\"2024-04-26T22:46:05+00:00\",\"dateModified\":\"2025-03-16T20:54:17+00:00\",\"mainEntityOfPage\":{\"@id\":\"https:\\\/\\\/www.umpalai.it\\\/de\\\/wo-man-ubernachten-kann\\\/hoff-hutte\\\/\"},\"wordCount\":172,\"publisher\":{\"@id\":\"https:\\\/\\\/www.umpalai.it\\\/de\\\/#organization\"},\"image\":{\"@id\":\"https:\\\/\\\/www.umpalai.it\\\/de\\\/wo-man-ubernachten-kann\\\/hoff-hutte\\\/#primaryimage\"},\"thumbnailUrl\":\"https:\\\/\\\/www.umpalai.it\\\/wp-content\\\/uploads\\\/2024\\\/04\\\/Baita_Hoff_Hit-1.webp\",\"articleSection\":[\"Wo man \u00fcbernachten kann\"],\"inLanguage\":\"de\"},{\"@type\":\"WebPage\",\"@id\":\"https:\\\/\\\/www.umpalai.it\\\/de\\\/wo-man-ubernachten-kann\\\/hoff-hutte\\\/\",\"url\":\"https:\\\/\\\/www.umpalai.it\\\/de\\\/wo-man-ubernachten-kann\\\/hoff-hutte\\\/\",\"name\":\"Hoff H\u00fctte - Um Palai\",\"isPartOf\":{\"@id\":\"https:\\\/\\\/www.umpalai.it\\\/de\\\/#website\"},\"primaryImageOfPage\":{\"@id\":\"https:\\\/\\\/www.umpalai.it\\\/de\\\/wo-man-ubernachten-kann\\\/hoff-hutte\\\/#primaryimage\"},\"image\":{\"@id\":\"https:\\\/\\\/www.umpalai.it\\\/de\\\/wo-man-ubernachten-kann\\\/hoff-hutte\\\/#primaryimage\"},\"thumbnailUrl\":\"https:\\\/\\\/www.umpalai.it\\\/wp-content\\\/uploads\\\/2024\\\/04\\\/Baita_Hoff_Hit-1.webp\",\"datePublished\":\"2024-04-26T22:46:05+00:00\",\"dateModified\":\"2025-03-16T20:54:17+00:00\",\"description\":\"Der Bauernhof befindet sich auf einer nat\u00fcrlichen Terrasse am Ende des Mocheni-Tals, umgeben von dichten Tannenw\u00e4ldern, die beide Seiten des Tals \u00fcberblicken. Er ist ideal f\u00fcr ruhige Familienaufenthalte, entspannende Ferien, Wanderer, Biker und Naturliebhaber.\",\"breadcrumb\":{\"@id\":\"https:\\\/\\\/www.umpalai.it\\\/de\\\/wo-man-ubernachten-kann\\\/hoff-hutte\\\/#breadcrumb\"},\"inLanguage\":\"de\",\"potentialAction\":[{\"@type\":\"ReadAction\",\"target\":[\"https:\\\/\\\/www.umpalai.it\\\/de\\\/wo-man-ubernachten-kann\\\/hoff-hutte\\\/\"]}]},{\"@type\":\"ImageObject\",\"inLanguage\":\"de\",\"@id\":\"https:\\\/\\\/www.umpalai.it\\\/de\\\/wo-man-ubernachten-kann\\\/hoff-hutte\\\/#primaryimage\",\"url\":\"https:\\\/\\\/www.umpalai.it\\\/wp-content\\\/uploads\\\/2024\\\/04\\\/Baita_Hoff_Hit-1.webp\",\"contentUrl\":\"https:\\\/\\\/www.umpalai.it\\\/wp-content\\\/uploads\\\/2024\\\/04\\\/Baita_Hoff_Hit-1.webp\",\"width\":1600,\"height\":1067,\"caption\":\"Baita Hoff Hit\"},{\"@type\":\"BreadcrumbList\",\"@id\":\"https:\\\/\\\/www.umpalai.it\\\/de\\\/wo-man-ubernachten-kann\\\/hoff-hutte\\\/#breadcrumb\",\"itemListElement\":[{\"@type\":\"ListItem\",\"position\":1,\"name\":\"Home\",\"item\":\"https:\\\/\\\/www.umpalai.it\\\/de\\\/\"},{\"@type\":\"ListItem\",\"position\":2,\"name\":\"Hoff H\u00fctte\"}]},{\"@type\":\"WebSite\",\"@id\":\"https:\\\/\\\/www.umpalai.it\\\/de\\\/#website\",\"url\":\"https:\\\/\\\/www.umpalai.it\\\/de\\\/\",\"name\":\"Pal\u00f9 del Fersina\",\"description\":\"Im Herzen des Fersental\",\"publisher\":{\"@id\":\"https:\\\/\\\/www.umpalai.it\\\/de\\\/#organization\"},\"potentialAction\":[{\"@type\":\"SearchAction\",\"target\":{\"@type\":\"EntryPoint\",\"urlTemplate\":\"https:\\\/\\\/www.umpalai.it\\\/de\\\/?s={search_term_string}\"},\"query-input\":{\"@type\":\"PropertyValueSpecification\",\"valueRequired\":true,\"valueName\":\"search_term_string\"}}],\"inLanguage\":\"de\"},{\"@type\":\"Organization\",\"@id\":\"https:\\\/\\\/www.umpalai.it\\\/de\\\/#organization\",\"name\":\"Pal\u00f9 del Fersina\",\"url\":\"https:\\\/\\\/www.umpalai.it\\\/de\\\/\",\"logo\":{\"@type\":\"ImageObject\",\"inLanguage\":\"de\",\"@id\":\"https:\\\/\\\/www.umpalai.it\\\/de\\\/#\\\/schema\\\/logo\\\/image\\\/\",\"url\":\"https:\\\/\\\/www.umpalai.it\\\/wp-content\\\/uploads\\\/2024\\\/04\\\/um-palai.png\",\"contentUrl\":\"https:\\\/\\\/www.umpalai.it\\\/wp-content\\\/uploads\\\/2024\\\/04\\\/um-palai.png\",\"width\":1211,\"height\":823,\"caption\":\"Pal\u00f9 del Fersina\"},\"image\":{\"@id\":\"https:\\\/\\\/www.umpalai.it\\\/de\\\/#\\\/schema\\\/logo\\\/image\\\/\"},\"sameAs\":[\"https:\\\/\\\/www.facebook.com\\\/PaludelFersina\\\/\"]},{\"@type\":\"Person\",\"@id\":\"https:\\\/\\\/www.umpalai.it\\\/de\\\/#\\\/schema\\\/person\\\/c4bb30f288911db2984cdac473ab9b88\",\"name\":\"Leveloop\",\"image\":{\"@type\":\"ImageObject\",\"inLanguage\":\"de\",\"@id\":\"https:\\\/\\\/secure.gravatar.com\\\/avatar\\\/133c970b7ee8e2c97707f8b51c7448c6a8709e26c293cf3c648efb8cca74ab87?s=96&d=mm&r=g\",\"url\":\"https:\\\/\\\/secure.gravatar.com\\\/avatar\\\/133c970b7ee8e2c97707f8b51c7448c6a8709e26c293cf3c648efb8cca74ab87?s=96&d=mm&r=g\",\"contentUrl\":\"https:\\\/\\\/secure.gravatar.com\\\/avatar\\\/133c970b7ee8e2c97707f8b51c7448c6a8709e26c293cf3c648efb8cca74ab87?s=96&d=mm&r=g\",\"caption\":\"Leveloop\"}}]}<\/script>\n<!-- \/ Yoast SEO plugin. -->","yoast_head_json":{"title":"Hoff H\u00fctte - Um Palai","description":"Der Bauernhof befindet sich auf einer nat\u00fcrlichen Terrasse am Ende des Mocheni-Tals, umgeben von dichten Tannenw\u00e4ldern, die beide Seiten des Tals \u00fcberblicken. Er ist ideal f\u00fcr ruhige Familienaufenthalte, entspannende Ferien, Wanderer, Biker und Naturliebhaber.","robots":{"index":"index","follow":"follow","max-snippet":"max-snippet:-1","max-image-preview":"max-image-preview:large","max-video-preview":"max-video-preview:-1"},"canonical":"https:\/\/www.umpalai.it\/de\/wo-man-ubernachten-kann\/hoff-hutte\/","og_locale":"de_DE","og_type":"article","og_title":"Hoff H\u00fctte - Um Palai","og_description":"Der Bauernhof befindet sich auf einer nat\u00fcrlichen Terrasse am Ende des Mocheni-Tals, umgeben von dichten Tannenw\u00e4ldern, die beide Seiten des Tals \u00fcberblicken. Er ist ideal f\u00fcr ruhige Familienaufenthalte, entspannende Ferien, Wanderer, Biker und Naturliebhaber.","og_url":"https:\/\/www.umpalai.it\/de\/wo-man-ubernachten-kann\/hoff-hutte\/","og_site_name":"Um Palai","article_publisher":"https:\/\/www.facebook.com\/PaludelFersina\/","article_published_time":"2024-04-26T22:46:05+00:00","article_modified_time":"2025-03-16T20:54:17+00:00","og_image":[{"width":1600,"height":1067,"url":"https:\/\/www.umpalai.it\/wp-content\/uploads\/2024\/04\/Baita_Hoff_Hit-1.webp","type":"image\/webp"}],"author":"Leveloop","twitter_card":"summary_large_image","twitter_misc":{"Verfasst von":"Leveloop","Gesch\u00e4tzte Lesezeit":"1\u00a0Minute"},"schema":{"@context":"https:\/\/schema.org","@graph":[{"@type":"Article","@id":"https:\/\/www.umpalai.it\/de\/wo-man-ubernachten-kann\/hoff-hutte\/#article","isPartOf":{"@id":"https:\/\/www.umpalai.it\/de\/wo-man-ubernachten-kann\/hoff-hutte\/"},"author":{"name":"Leveloop","@id":"https:\/\/www.umpalai.it\/de\/#\/schema\/person\/c4bb30f288911db2984cdac473ab9b88"},"headline":"Hoff H\u00fctte","datePublished":"2024-04-26T22:46:05+00:00","dateModified":"2025-03-16T20:54:17+00:00","mainEntityOfPage":{"@id":"https:\/\/www.umpalai.it\/de\/wo-man-ubernachten-kann\/hoff-hutte\/"},"wordCount":172,"publisher":{"@id":"https:\/\/www.umpalai.it\/de\/#organization"},"image":{"@id":"https:\/\/www.umpalai.it\/de\/wo-man-ubernachten-kann\/hoff-hutte\/#primaryimage"},"thumbnailUrl":"https:\/\/www.umpalai.it\/wp-content\/uploads\/2024\/04\/Baita_Hoff_Hit-1.webp","articleSection":["Wo man \u00fcbernachten kann"],"inLanguage":"de"},{"@type":"WebPage","@id":"https:\/\/www.umpalai.it\/de\/wo-man-ubernachten-kann\/hoff-hutte\/","url":"https:\/\/www.umpalai.it\/de\/wo-man-ubernachten-kann\/hoff-hutte\/","name":"Hoff H\u00fctte - Um Palai","isPartOf":{"@id":"https:\/\/www.umpalai.it\/de\/#website"},"primaryImageOfPage":{"@id":"https:\/\/www.umpalai.it\/de\/wo-man-ubernachten-kann\/hoff-hutte\/#primaryimage"},"image":{"@id":"https:\/\/www.umpalai.it\/de\/wo-man-ubernachten-kann\/hoff-hutte\/#primaryimage"},"thumbnailUrl":"https:\/\/www.umpalai.it\/wp-content\/uploads\/2024\/04\/Baita_Hoff_Hit-1.webp","datePublished":"2024-04-26T22:46:05+00:00","dateModified":"2025-03-16T20:54:17+00:00","description":"Der Bauernhof befindet sich auf einer nat\u00fcrlichen Terrasse am Ende des Mocheni-Tals, umgeben von dichten Tannenw\u00e4ldern, die beide Seiten des Tals \u00fcberblicken. Er ist ideal f\u00fcr ruhige Familienaufenthalte, entspannende Ferien, Wanderer, Biker und Naturliebhaber.","breadcrumb":{"@id":"https:\/\/www.umpalai.it\/de\/wo-man-ubernachten-kann\/hoff-hutte\/#breadcrumb"},"inLanguage":"de","potentialAction":[{"@type":"ReadAction","target":["https:\/\/www.umpalai.it\/de\/wo-man-ubernachten-kann\/hoff-hutte\/"]}]},{"@type":"ImageObject","inLanguage":"de","@id":"https:\/\/www.umpalai.it\/de\/wo-man-ubernachten-kann\/hoff-hutte\/#primaryimage","url":"https:\/\/www.umpalai.it\/wp-content\/uploads\/2024\/04\/Baita_Hoff_Hit-1.webp","contentUrl":"https:\/\/www.umpalai.it\/wp-content\/uploads\/2024\/04\/Baita_Hoff_Hit-1.webp","width":1600,"height":1067,"caption":"Baita Hoff Hit"},{"@type":"BreadcrumbList","@id":"https:\/\/www.umpalai.it\/de\/wo-man-ubernachten-kann\/hoff-hutte\/#breadcrumb","itemListElement":[{"@type":"ListItem","position":1,"name":"Home","item":"https:\/\/www.umpalai.it\/de\/"},{"@type":"ListItem","position":2,"name":"Hoff H\u00fctte"}]},{"@type":"WebSite","@id":"https:\/\/www.umpalai.it\/de\/#website","url":"https:\/\/www.umpalai.it\/de\/","name":"Pal\u00f9 del Fersina","description":"Im Herzen des Fersental","publisher":{"@id":"https:\/\/www.umpalai.it\/de\/#organization"},"potentialAction":[{"@type":"SearchAction","target":{"@type":"EntryPoint","urlTemplate":"https:\/\/www.umpalai.it\/de\/?s={search_term_string}"},"query-input":{"@type":"PropertyValueSpecification","valueRequired":true,"valueName":"search_term_string"}}],"inLanguage":"de"},{"@type":"Organization","@id":"https:\/\/www.umpalai.it\/de\/#organization","name":"Pal\u00f9 del Fersina","url":"https:\/\/www.umpalai.it\/de\/","logo":{"@type":"ImageObject","inLanguage":"de","@id":"https:\/\/www.umpalai.it\/de\/#\/schema\/logo\/image\/","url":"https:\/\/www.umpalai.it\/wp-content\/uploads\/2024\/04\/um-palai.png","contentUrl":"https:\/\/www.umpalai.it\/wp-content\/uploads\/2024\/04\/um-palai.png","width":1211,"height":823,"caption":"Pal\u00f9 del Fersina"},"image":{"@id":"https:\/\/www.umpalai.it\/de\/#\/schema\/logo\/image\/"},"sameAs":["https:\/\/www.facebook.com\/PaludelFersina\/"]},{"@type":"Person","@id":"https:\/\/www.umpalai.it\/de\/#\/schema\/person\/c4bb30f288911db2984cdac473ab9b88","name":"Leveloop","image":{"@type":"ImageObject","inLanguage":"de","@id":"https:\/\/secure.gravatar.com\/avatar\/133c970b7ee8e2c97707f8b51c7448c6a8709e26c293cf3c648efb8cca74ab87?s=96&d=mm&r=g","url":"https:\/\/secure.gravatar.com\/avatar\/133c970b7ee8e2c97707f8b51c7448c6a8709e26c293cf3c648efb8cca74ab87?s=96&d=mm&r=g","contentUrl":"https:\/\/secure.gravatar.com\/avatar\/133c970b7ee8e2c97707f8b51c7448c6a8709e26c293cf3c648efb8cca74ab87?s=96&d=mm&r=g","caption":"Leveloop"}}]}},"_links":{"self":[{"href":"https:\/\/www.umpalai.it\/de\/wp-json\/wp\/v2\/posts\/758","targetHints":{"allow":["GET"]}}],"collection":[{"href":"https:\/\/www.umpalai.it\/de\/wp-json\/wp\/v2\/posts"}],"about":[{"href":"https:\/\/www.umpalai.it\/de\/wp-json\/wp\/v2\/types\/post"}],"author":[{"embeddable":true,"href":"https:\/\/www.umpalai.it\/de\/wp-json\/wp\/v2\/users\/1"}],"replies":[{"embeddable":true,"href":"https:\/\/www.umpalai.it\/de\/wp-json\/wp\/v2\/comments?post=758"}],"version-history":[{"count":3,"href":"https:\/\/www.umpalai.it\/de\/wp-json\/wp\/v2\/posts\/758\/revisions"}],"predecessor-version":[{"id":2139,"href":"https:\/\/www.umpalai.it\/de\/wp-json\/wp\/v2\/posts\/758\/revisions\/2139"}],"wp:featuredmedia":[{"embeddable":true,"href":"https:\/\/www.umpalai.it\/de\/wp-json\/wp\/v2\/media\/696"}],"wp:attachment":[{"href":"https:\/\/www.umpalai.it\/de\/wp-json\/wp\/v2\/media?parent=758"}],"wp:term":[{"taxonomy":"category","embeddable":true,"href":"https:\/\/www.umpalai.it\/de\/wp-json\/wp\/v2\/categories?post=758"},{"taxonomy":"post_tag","embeddable":true,"href":"https:\/\/www.umpalai.it\/de\/wp-json\/wp\/v2\/tags?post=758"}],"curies":[{"name":"wp","href":"https:\/\/api.w.org\/{rel}","templated":true}]}}