{"id":762,"date":"2024-04-26T22:37:15","date_gmt":"2024-04-26T22:37:15","guid":{"rendered":"https:\/news\/baita-stelderhof\/"},"modified":"2025-03-16T20:55:34","modified_gmt":"2025-03-16T20:55:34","slug":"stelderhof-hutte","status":"publish","type":"post","link":"https:\/\/www.umpalai.it\/de\/wo-man-ubernachten-kann\/stelderhof-hutte\/","title":{"rendered":"Stelderhof H\u00fctte"},"content":{"rendered":"\n<div class=\"wp-block-columns blocco-testo-immagine is-layout-flex wp-container-core-columns-is-layout-9d6595d7 wp-block-columns-is-layout-flex\">\n<div class=\"wp-block-column is-layout-flow wp-block-column-is-layout-flow\">\n<p>In einer panoramischen und abgelegenen Lage mit Blick auf das Fersental gelegen, ist diese Unterkunft ideal f\u00fcr Wanderer, Skitourengeher, Biker und Trekkingliebhaber sowie f\u00fcr alle, die einen erholsamen Urlaub inmitten der Natur suchen. Das einst\u00f6ckige Geb\u00e4ude verf\u00fcgt \u00fcber einen Wohnbereich mit Kochnische und Holzofen, ein Badezimmer mit Badewanne, ein Doppelzimmer und ein Zweibettzimmer. Die Heizung ist zentralisiert, und im Au\u00dfenbereich gibt es einen Parkplatz sowie einen Brunnen mit Quellwasser. Mobilfunknetz ist verf\u00fcgbar.<\/p>\n\n\n\n<p>Pal\u00f9 del Fersina, nur 2 km entfernt, bietet einen kleinen Supermarkt, Hotels, ein Postamt, eine Bushaltestelle und eine Arztpraxis. In Sant\u2019Orsola Terme (10,5 km) gibt es eine Bank, einen Tennisplatz und eine Apotheke. Weitere Dienstleistungen wie ein Krankenhaus, ein Hallenbad und ein Bahnhof befinden sich in Pergine Valsugana, 17 km entfernt. In der N\u00e4he laden der Caldonazzosee und das Pin\u00e9-Plateau zu Outdoor-Aktivit\u00e4ten ein, w\u00e4hrend die Skigebiete Val di Fiemme, Monte Bondone und Panarotta in etwa einer Stunde mit dem Auto erreichbar sind.<\/p>\n\n\n\n<p><strong>CIN:\u00a0IT022133C238B2SXAB<\/strong><\/p>\n<\/div>\n\n\n\n<div class=\"wp-block-column is-layout-flow wp-block-column-is-layout-flow\">\n<figure class=\"wp-block-image size-full\"><img decoding=\"async\" width=\"1600\" height=\"1049\" src=\"https:\/\/umpalai.it\/wp-content\/uploads\/2024\/04\/Maso_Stenderhof-2.jpg\" alt=\"\" class=\"wp-image-539\" srcset=\"https:\/\/www.umpalai.it\/wp-content\/uploads\/2024\/04\/Maso_Stenderhof-2.jpg 1600w, https:\/\/www.umpalai.it\/wp-content\/uploads\/2024\/04\/Maso_Stenderhof-2-300x197.jpg 300w, https:\/\/www.umpalai.it\/wp-content\/uploads\/2024\/04\/Maso_Stenderhof-2-1024x671.jpg 1024w, https:\/\/www.umpalai.it\/wp-content\/uploads\/2024\/04\/Maso_Stenderhof-2-768x504.jpg 768w, https:\/\/www.umpalai.it\/wp-content\/uploads\/2024\/04\/Maso_Stenderhof-2-1536x1007.jpg 1536w\" sizes=\"(max-width: 1600px) 100vw, 1600px\" \/><\/figure>\n<\/div>\n<\/div>\n\n\n\n<div class=\"wp-block-columns blocco-titolo-testo is-layout-flex wp-container-core-columns-is-layout-9d6595d7 wp-block-columns-is-layout-flex\">\n<div class=\"wp-block-column is-layout-flow wp-block-column-is-layout-flow\">\n<h2 class=\"wp-block-heading\"><strong><strong>Buchen oder fordern Informationen an<\/strong><\/strong><br>Vacanze in Baita<\/h2>\n<\/div>\n\n\n\n<div class=\"wp-block-column is-layout-flow wp-block-column-is-layout-flow\">\n<p>F\u00fcr Informationen und Reservierungen kontaktieren Sie bitte die Nummer <strong>+39 338 6773 092<\/strong>.<\/p>\n<\/div>\n<\/div>\n","protected":false},"excerpt":{"rendered":"<p>In einer panoramischen und abgelegenen Lage mit Blick auf das Fersental gelegen, ist diese Unterkunft ideal f\u00fcr Wanderer, Skitourengeher, Biker und Trekkingliebhaber sowie f\u00fcr alle, die einen erholsamen Urlaub inmitten der Natur suchen. Das einst\u00f6ckige Geb\u00e4ude verf\u00fcgt \u00fcber einen Wohnbereich mit Kochnische und Holzofen, ein Badezimmer mit Badewanne, ein Doppelzimmer und ein Zweibettzimmer. Die Heizung [&hellip;]<\/p>\n","protected":false},"author":1,"featured_media":688,"comment_status":"closed","ping_status":"open","sticky":false,"template":"","format":"standard","meta":{"_acf_changed":false,"footnotes":""},"categories":[64],"tags":[],"class_list":["post-762","post","type-post","status-publish","format-standard","has-post-thumbnail","hentry","category-wo-man-ubernachten-kann"],"acf":[],"yoast_head":"<!-- This site is optimized with the Yoast SEO plugin v27.5 - https:\/\/yoast.com\/product\/yoast-seo-wordpress\/ -->\n<title>Stelderhof H\u00fctte - Um Palai<\/title>\n<meta name=\"description\" content=\"Questo maso, situato in una splendida posizione sulla terrazza naturale della Valle dei Mocheni, \u00e8 ideale per vacanze tranquille e rilassanti, offrendo un ambiente perfetto per famiglie, escursionisti, bikers, e amanti della natura.\" \/>\n<meta name=\"robots\" content=\"index, follow, max-snippet:-1, max-image-preview:large, max-video-preview:-1\" \/>\n<link rel=\"canonical\" href=\"https:\/\/www.umpalai.it\/de\/wo-man-ubernachten-kann\/stelderhof-hutte\/\" \/>\n<meta property=\"og:locale\" content=\"de_DE\" \/>\n<meta property=\"og:type\" content=\"article\" \/>\n<meta property=\"og:title\" content=\"Stelderhof H\u00fctte - Um Palai\" \/>\n<meta property=\"og:description\" content=\"Questo maso, situato in una splendida posizione sulla terrazza naturale della Valle dei Mocheni, \u00e8 ideale per vacanze tranquille e rilassanti, offrendo un ambiente perfetto per famiglie, escursionisti, bikers, e amanti della natura.\" \/>\n<meta property=\"og:url\" content=\"https:\/\/www.umpalai.it\/de\/wo-man-ubernachten-kann\/stelderhof-hutte\/\" \/>\n<meta property=\"og:site_name\" content=\"Um Palai\" \/>\n<meta property=\"article:publisher\" content=\"https:\/\/www.facebook.com\/PaludelFersina\/\" \/>\n<meta property=\"article:published_time\" content=\"2024-04-26T22:37:15+00:00\" \/>\n<meta property=\"article:modified_time\" content=\"2025-03-16T20:55:34+00:00\" \/>\n<meta property=\"og:image\" content=\"https:\/\/www.umpalai.it\/wp-content\/uploads\/2024\/04\/Maso_Stenderhof-12.jpg\" \/>\n\t<meta property=\"og:image:width\" content=\"1600\" \/>\n\t<meta property=\"og:image:height\" content=\"1067\" \/>\n\t<meta property=\"og:image:type\" content=\"image\/jpeg\" \/>\n<meta name=\"author\" content=\"Leveloop\" \/>\n<meta name=\"twitter:card\" content=\"summary_large_image\" \/>\n<meta name=\"twitter:label1\" content=\"Verfasst von\" \/>\n\t<meta name=\"twitter:data1\" content=\"Leveloop\" \/>\n\t<meta name=\"twitter:label2\" content=\"Gesch\u00e4tzte Lesezeit\" \/>\n\t<meta name=\"twitter:data2\" content=\"2\u00a0Minuten\" \/>\n<script type=\"application\/ld+json\" class=\"yoast-schema-graph\">{\"@context\":\"https:\\\/\\\/schema.org\",\"@graph\":[{\"@type\":\"Article\",\"@id\":\"https:\\\/\\\/www.umpalai.it\\\/de\\\/wo-man-ubernachten-kann\\\/stelderhof-hutte\\\/#article\",\"isPartOf\":{\"@id\":\"https:\\\/\\\/www.umpalai.it\\\/de\\\/wo-man-ubernachten-kann\\\/stelderhof-hutte\\\/\"},\"author\":{\"name\":\"Leveloop\",\"@id\":\"https:\\\/\\\/www.umpalai.it\\\/de\\\/#\\\/schema\\\/person\\\/c4bb30f288911db2984cdac473ab9b88\"},\"headline\":\"Stelderhof H\u00fctte\",\"datePublished\":\"2024-04-26T22:37:15+00:00\",\"dateModified\":\"2025-03-16T20:55:34+00:00\",\"mainEntityOfPage\":{\"@id\":\"https:\\\/\\\/www.umpalai.it\\\/de\\\/wo-man-ubernachten-kann\\\/stelderhof-hutte\\\/\"},\"wordCount\":189,\"publisher\":{\"@id\":\"https:\\\/\\\/www.umpalai.it\\\/de\\\/#organization\"},\"image\":{\"@id\":\"https:\\\/\\\/www.umpalai.it\\\/de\\\/wo-man-ubernachten-kann\\\/stelderhof-hutte\\\/#primaryimage\"},\"thumbnailUrl\":\"https:\\\/\\\/www.umpalai.it\\\/wp-content\\\/uploads\\\/2024\\\/04\\\/Maso_Stenderhof-12.jpg\",\"articleSection\":[\"Wo man \u00fcbernachten kann\"],\"inLanguage\":\"de\"},{\"@type\":\"WebPage\",\"@id\":\"https:\\\/\\\/www.umpalai.it\\\/de\\\/wo-man-ubernachten-kann\\\/stelderhof-hutte\\\/\",\"url\":\"https:\\\/\\\/www.umpalai.it\\\/de\\\/wo-man-ubernachten-kann\\\/stelderhof-hutte\\\/\",\"name\":\"Stelderhof H\u00fctte - Um Palai\",\"isPartOf\":{\"@id\":\"https:\\\/\\\/www.umpalai.it\\\/de\\\/#website\"},\"primaryImageOfPage\":{\"@id\":\"https:\\\/\\\/www.umpalai.it\\\/de\\\/wo-man-ubernachten-kann\\\/stelderhof-hutte\\\/#primaryimage\"},\"image\":{\"@id\":\"https:\\\/\\\/www.umpalai.it\\\/de\\\/wo-man-ubernachten-kann\\\/stelderhof-hutte\\\/#primaryimage\"},\"thumbnailUrl\":\"https:\\\/\\\/www.umpalai.it\\\/wp-content\\\/uploads\\\/2024\\\/04\\\/Maso_Stenderhof-12.jpg\",\"datePublished\":\"2024-04-26T22:37:15+00:00\",\"dateModified\":\"2025-03-16T20:55:34+00:00\",\"description\":\"Questo maso, situato in una splendida posizione sulla terrazza naturale della Valle dei Mocheni, \u00e8 ideale per vacanze tranquille e rilassanti, offrendo un ambiente perfetto per famiglie, escursionisti, bikers, e amanti della natura.\",\"breadcrumb\":{\"@id\":\"https:\\\/\\\/www.umpalai.it\\\/de\\\/wo-man-ubernachten-kann\\\/stelderhof-hutte\\\/#breadcrumb\"},\"inLanguage\":\"de\",\"potentialAction\":[{\"@type\":\"ReadAction\",\"target\":[\"https:\\\/\\\/www.umpalai.it\\\/de\\\/wo-man-ubernachten-kann\\\/stelderhof-hutte\\\/\"]}]},{\"@type\":\"ImageObject\",\"inLanguage\":\"de\",\"@id\":\"https:\\\/\\\/www.umpalai.it\\\/de\\\/wo-man-ubernachten-kann\\\/stelderhof-hutte\\\/#primaryimage\",\"url\":\"https:\\\/\\\/www.umpalai.it\\\/wp-content\\\/uploads\\\/2024\\\/04\\\/Maso_Stenderhof-12.jpg\",\"contentUrl\":\"https:\\\/\\\/www.umpalai.it\\\/wp-content\\\/uploads\\\/2024\\\/04\\\/Maso_Stenderhof-12.jpg\",\"width\":1600,\"height\":1067,\"caption\":\"Baita Stenderhof\"},{\"@type\":\"BreadcrumbList\",\"@id\":\"https:\\\/\\\/www.umpalai.it\\\/de\\\/wo-man-ubernachten-kann\\\/stelderhof-hutte\\\/#breadcrumb\",\"itemListElement\":[{\"@type\":\"ListItem\",\"position\":1,\"name\":\"Home\",\"item\":\"https:\\\/\\\/www.umpalai.it\\\/de\\\/\"},{\"@type\":\"ListItem\",\"position\":2,\"name\":\"Stelderhof H\u00fctte\"}]},{\"@type\":\"WebSite\",\"@id\":\"https:\\\/\\\/www.umpalai.it\\\/de\\\/#website\",\"url\":\"https:\\\/\\\/www.umpalai.it\\\/de\\\/\",\"name\":\"Pal\u00f9 del Fersina\",\"description\":\"Im Herzen des Fersental\",\"publisher\":{\"@id\":\"https:\\\/\\\/www.umpalai.it\\\/de\\\/#organization\"},\"potentialAction\":[{\"@type\":\"SearchAction\",\"target\":{\"@type\":\"EntryPoint\",\"urlTemplate\":\"https:\\\/\\\/www.umpalai.it\\\/de\\\/?s={search_term_string}\"},\"query-input\":{\"@type\":\"PropertyValueSpecification\",\"valueRequired\":true,\"valueName\":\"search_term_string\"}}],\"inLanguage\":\"de\"},{\"@type\":\"Organization\",\"@id\":\"https:\\\/\\\/www.umpalai.it\\\/de\\\/#organization\",\"name\":\"Pal\u00f9 del Fersina\",\"url\":\"https:\\\/\\\/www.umpalai.it\\\/de\\\/\",\"logo\":{\"@type\":\"ImageObject\",\"inLanguage\":\"de\",\"@id\":\"https:\\\/\\\/www.umpalai.it\\\/de\\\/#\\\/schema\\\/logo\\\/image\\\/\",\"url\":\"https:\\\/\\\/www.umpalai.it\\\/wp-content\\\/uploads\\\/2024\\\/04\\\/um-palai.png\",\"contentUrl\":\"https:\\\/\\\/www.umpalai.it\\\/wp-content\\\/uploads\\\/2024\\\/04\\\/um-palai.png\",\"width\":1211,\"height\":823,\"caption\":\"Pal\u00f9 del Fersina\"},\"image\":{\"@id\":\"https:\\\/\\\/www.umpalai.it\\\/de\\\/#\\\/schema\\\/logo\\\/image\\\/\"},\"sameAs\":[\"https:\\\/\\\/www.facebook.com\\\/PaludelFersina\\\/\"]},{\"@type\":\"Person\",\"@id\":\"https:\\\/\\\/www.umpalai.it\\\/de\\\/#\\\/schema\\\/person\\\/c4bb30f288911db2984cdac473ab9b88\",\"name\":\"Leveloop\",\"image\":{\"@type\":\"ImageObject\",\"inLanguage\":\"de\",\"@id\":\"https:\\\/\\\/secure.gravatar.com\\\/avatar\\\/133c970b7ee8e2c97707f8b51c7448c6a8709e26c293cf3c648efb8cca74ab87?s=96&d=mm&r=g\",\"url\":\"https:\\\/\\\/secure.gravatar.com\\\/avatar\\\/133c970b7ee8e2c97707f8b51c7448c6a8709e26c293cf3c648efb8cca74ab87?s=96&d=mm&r=g\",\"contentUrl\":\"https:\\\/\\\/secure.gravatar.com\\\/avatar\\\/133c970b7ee8e2c97707f8b51c7448c6a8709e26c293cf3c648efb8cca74ab87?s=96&d=mm&r=g\",\"caption\":\"Leveloop\"}}]}<\/script>\n<!-- \/ Yoast SEO plugin. -->","yoast_head_json":{"title":"Stelderhof H\u00fctte - Um Palai","description":"Questo maso, situato in una splendida posizione sulla terrazza naturale della Valle dei Mocheni, \u00e8 ideale per vacanze tranquille e rilassanti, offrendo un ambiente perfetto per famiglie, escursionisti, bikers, e amanti della natura.","robots":{"index":"index","follow":"follow","max-snippet":"max-snippet:-1","max-image-preview":"max-image-preview:large","max-video-preview":"max-video-preview:-1"},"canonical":"https:\/\/www.umpalai.it\/de\/wo-man-ubernachten-kann\/stelderhof-hutte\/","og_locale":"de_DE","og_type":"article","og_title":"Stelderhof H\u00fctte - Um Palai","og_description":"Questo maso, situato in una splendida posizione sulla terrazza naturale della Valle dei Mocheni, \u00e8 ideale per vacanze tranquille e rilassanti, offrendo un ambiente perfetto per famiglie, escursionisti, bikers, e amanti della natura.","og_url":"https:\/\/www.umpalai.it\/de\/wo-man-ubernachten-kann\/stelderhof-hutte\/","og_site_name":"Um Palai","article_publisher":"https:\/\/www.facebook.com\/PaludelFersina\/","article_published_time":"2024-04-26T22:37:15+00:00","article_modified_time":"2025-03-16T20:55:34+00:00","og_image":[{"width":1600,"height":1067,"url":"https:\/\/www.umpalai.it\/wp-content\/uploads\/2024\/04\/Maso_Stenderhof-12.jpg","type":"image\/jpeg"}],"author":"Leveloop","twitter_card":"summary_large_image","twitter_misc":{"Verfasst von":"Leveloop","Gesch\u00e4tzte Lesezeit":"2\u00a0Minuten"},"schema":{"@context":"https:\/\/schema.org","@graph":[{"@type":"Article","@id":"https:\/\/www.umpalai.it\/de\/wo-man-ubernachten-kann\/stelderhof-hutte\/#article","isPartOf":{"@id":"https:\/\/www.umpalai.it\/de\/wo-man-ubernachten-kann\/stelderhof-hutte\/"},"author":{"name":"Leveloop","@id":"https:\/\/www.umpalai.it\/de\/#\/schema\/person\/c4bb30f288911db2984cdac473ab9b88"},"headline":"Stelderhof H\u00fctte","datePublished":"2024-04-26T22:37:15+00:00","dateModified":"2025-03-16T20:55:34+00:00","mainEntityOfPage":{"@id":"https:\/\/www.umpalai.it\/de\/wo-man-ubernachten-kann\/stelderhof-hutte\/"},"wordCount":189,"publisher":{"@id":"https:\/\/www.umpalai.it\/de\/#organization"},"image":{"@id":"https:\/\/www.umpalai.it\/de\/wo-man-ubernachten-kann\/stelderhof-hutte\/#primaryimage"},"thumbnailUrl":"https:\/\/www.umpalai.it\/wp-content\/uploads\/2024\/04\/Maso_Stenderhof-12.jpg","articleSection":["Wo man \u00fcbernachten kann"],"inLanguage":"de"},{"@type":"WebPage","@id":"https:\/\/www.umpalai.it\/de\/wo-man-ubernachten-kann\/stelderhof-hutte\/","url":"https:\/\/www.umpalai.it\/de\/wo-man-ubernachten-kann\/stelderhof-hutte\/","name":"Stelderhof H\u00fctte - Um Palai","isPartOf":{"@id":"https:\/\/www.umpalai.it\/de\/#website"},"primaryImageOfPage":{"@id":"https:\/\/www.umpalai.it\/de\/wo-man-ubernachten-kann\/stelderhof-hutte\/#primaryimage"},"image":{"@id":"https:\/\/www.umpalai.it\/de\/wo-man-ubernachten-kann\/stelderhof-hutte\/#primaryimage"},"thumbnailUrl":"https:\/\/www.umpalai.it\/wp-content\/uploads\/2024\/04\/Maso_Stenderhof-12.jpg","datePublished":"2024-04-26T22:37:15+00:00","dateModified":"2025-03-16T20:55:34+00:00","description":"Questo maso, situato in una splendida posizione sulla terrazza naturale della Valle dei Mocheni, \u00e8 ideale per vacanze tranquille e rilassanti, offrendo un ambiente perfetto per famiglie, escursionisti, bikers, e amanti della natura.","breadcrumb":{"@id":"https:\/\/www.umpalai.it\/de\/wo-man-ubernachten-kann\/stelderhof-hutte\/#breadcrumb"},"inLanguage":"de","potentialAction":[{"@type":"ReadAction","target":["https:\/\/www.umpalai.it\/de\/wo-man-ubernachten-kann\/stelderhof-hutte\/"]}]},{"@type":"ImageObject","inLanguage":"de","@id":"https:\/\/www.umpalai.it\/de\/wo-man-ubernachten-kann\/stelderhof-hutte\/#primaryimage","url":"https:\/\/www.umpalai.it\/wp-content\/uploads\/2024\/04\/Maso_Stenderhof-12.jpg","contentUrl":"https:\/\/www.umpalai.it\/wp-content\/uploads\/2024\/04\/Maso_Stenderhof-12.jpg","width":1600,"height":1067,"caption":"Baita Stenderhof"},{"@type":"BreadcrumbList","@id":"https:\/\/www.umpalai.it\/de\/wo-man-ubernachten-kann\/stelderhof-hutte\/#breadcrumb","itemListElement":[{"@type":"ListItem","position":1,"name":"Home","item":"https:\/\/www.umpalai.it\/de\/"},{"@type":"ListItem","position":2,"name":"Stelderhof H\u00fctte"}]},{"@type":"WebSite","@id":"https:\/\/www.umpalai.it\/de\/#website","url":"https:\/\/www.umpalai.it\/de\/","name":"Pal\u00f9 del Fersina","description":"Im Herzen des Fersental","publisher":{"@id":"https:\/\/www.umpalai.it\/de\/#organization"},"potentialAction":[{"@type":"SearchAction","target":{"@type":"EntryPoint","urlTemplate":"https:\/\/www.umpalai.it\/de\/?s={search_term_string}"},"query-input":{"@type":"PropertyValueSpecification","valueRequired":true,"valueName":"search_term_string"}}],"inLanguage":"de"},{"@type":"Organization","@id":"https:\/\/www.umpalai.it\/de\/#organization","name":"Pal\u00f9 del Fersina","url":"https:\/\/www.umpalai.it\/de\/","logo":{"@type":"ImageObject","inLanguage":"de","@id":"https:\/\/www.umpalai.it\/de\/#\/schema\/logo\/image\/","url":"https:\/\/www.umpalai.it\/wp-content\/uploads\/2024\/04\/um-palai.png","contentUrl":"https:\/\/www.umpalai.it\/wp-content\/uploads\/2024\/04\/um-palai.png","width":1211,"height":823,"caption":"Pal\u00f9 del Fersina"},"image":{"@id":"https:\/\/www.umpalai.it\/de\/#\/schema\/logo\/image\/"},"sameAs":["https:\/\/www.facebook.com\/PaludelFersina\/"]},{"@type":"Person","@id":"https:\/\/www.umpalai.it\/de\/#\/schema\/person\/c4bb30f288911db2984cdac473ab9b88","name":"Leveloop","image":{"@type":"ImageObject","inLanguage":"de","@id":"https:\/\/secure.gravatar.com\/avatar\/133c970b7ee8e2c97707f8b51c7448c6a8709e26c293cf3c648efb8cca74ab87?s=96&d=mm&r=g","url":"https:\/\/secure.gravatar.com\/avatar\/133c970b7ee8e2c97707f8b51c7448c6a8709e26c293cf3c648efb8cca74ab87?s=96&d=mm&r=g","contentUrl":"https:\/\/secure.gravatar.com\/avatar\/133c970b7ee8e2c97707f8b51c7448c6a8709e26c293cf3c648efb8cca74ab87?s=96&d=mm&r=g","caption":"Leveloop"}}]}},"_links":{"self":[{"href":"https:\/\/www.umpalai.it\/de\/wp-json\/wp\/v2\/posts\/762","targetHints":{"allow":["GET"]}}],"collection":[{"href":"https:\/\/www.umpalai.it\/de\/wp-json\/wp\/v2\/posts"}],"about":[{"href":"https:\/\/www.umpalai.it\/de\/wp-json\/wp\/v2\/types\/post"}],"author":[{"embeddable":true,"href":"https:\/\/www.umpalai.it\/de\/wp-json\/wp\/v2\/users\/1"}],"replies":[{"embeddable":true,"href":"https:\/\/www.umpalai.it\/de\/wp-json\/wp\/v2\/comments?post=762"}],"version-history":[{"count":3,"href":"https:\/\/www.umpalai.it\/de\/wp-json\/wp\/v2\/posts\/762\/revisions"}],"predecessor-version":[{"id":2146,"href":"https:\/\/www.umpalai.it\/de\/wp-json\/wp\/v2\/posts\/762\/revisions\/2146"}],"wp:featuredmedia":[{"embeddable":true,"href":"https:\/\/www.umpalai.it\/de\/wp-json\/wp\/v2\/media\/688"}],"wp:attachment":[{"href":"https:\/\/www.umpalai.it\/de\/wp-json\/wp\/v2\/media?parent=762"}],"wp:term":[{"taxonomy":"category","embeddable":true,"href":"https:\/\/www.umpalai.it\/de\/wp-json\/wp\/v2\/categories?post=762"},{"taxonomy":"post_tag","embeddable":true,"href":"https:\/\/www.umpalai.it\/de\/wp-json\/wp\/v2\/tags?post=762"}],"curies":[{"name":"wp","href":"https:\/\/api.w.org\/{rel}","templated":true}]}}