{"id":766,"date":"2024-04-26T21:53:13","date_gmt":"2024-04-26T21:53:13","guid":{"rendered":"https:\/news\/s-hittl-va-de-graustana\/"},"modified":"2024-04-28T19:47:17","modified_gmt":"2024-04-28T19:47:17","slug":"s-hittl-va-de-graustana","status":"publish","type":"post","link":"https:\/\/www.umpalai.it\/de\/wo-man-essen-kann\/s-hittl-va-de-graustana\/","title":{"rendered":"S hittl va de Graustana"},"content":{"rendered":"\n<div class=\"wp-block-columns blocco-testo-immagine is-layout-flex wp-container-core-columns-is-layout-9d6595d7 wp-block-columns-is-layout-flex\">\n<div class=\"wp-block-column is-layout-flow wp-block-column-is-layout-flow\">\n<p>Die Legende der Graustana war eine traditionelle Erz\u00e4hlung, die von Eltern im Fersina-Tal verwendet wurde, um Kinder zu warnen und ihnen Angst vor als gef\u00e4hrlich geltenden Orten einzufl\u00f6\u00dfen. Heutzutage ist die <strong>S hittl va de Graustana<\/strong> jedoch ein sicherer und einladender Treffpunkt, ideal f\u00fcr eine Pause vor Ihren Wanderungen in gro\u00dfer H\u00f6he.<\/p>\n\n\n\n<p>Wenn Sie am Parkplatz <strong>Vrottn<\/strong> anhalten, erwartet Sie die Graustana mit einer Vielzahl lokaler Produkte. Hier k\u00f6nnen Sie <strong>Joghurt mit Waldbeeren<\/strong>, <strong>kalte und warme Sandwiches<\/strong> und die k\u00f6stlichen <strong>Holunder-, Zitronen- und Ingwersirupe<\/strong> probieren, die echte Spezialit\u00e4ten des Tals sind.<\/p>\n\n\n\n<p>Das eigentliche Highlight der Graustana sind jedoch die <strong>Kiachln<\/strong> oder <strong>Strauben<\/strong>. Dieses traditionelle Dessert aus dem Ort Pal\u00f9 del Fersina-Palai en Bersntol ist eine Leckerei, die Ihnen vor oder nach Ihrer Wanderung die richtige Energie liefert.<\/p>\n<\/div>\n\n\n\n<div class=\"wp-block-column is-layout-flow wp-block-column-is-layout-flow\">\n<figure class=\"wp-block-image size-full\"><img decoding=\"async\" width=\"765\" height=\"1020\" src=\"http:\/\/umpalai.it\/wp-content\/uploads\/2024\/04\/20200629_132835.jpg\" alt=\"\" class=\"wp-image-533\" srcset=\"https:\/\/www.umpalai.it\/wp-content\/uploads\/2024\/04\/20200629_132835.jpg 765w, https:\/\/www.umpalai.it\/wp-content\/uploads\/2024\/04\/20200629_132835-225x300.jpg 225w\" sizes=\"(max-width: 765px) 100vw, 765px\" \/><\/figure>\n<\/div>\n<\/div>\n\n\n\n<div class=\"wp-block-columns blocco-titolo-testo is-layout-flex wp-container-core-columns-is-layout-9d6595d7 wp-block-columns-is-layout-flex\">\n<div class=\"wp-block-column is-layout-flow wp-block-column-is-layout-flow\">\n<h2 class=\"wp-block-heading\"><strong><strong><strong>Buchen jetzt<\/strong><\/strong><\/strong><br>Rufen f\u00fcr Informationen<\/h2>\n<\/div>\n\n\n\n<div class=\"wp-block-column is-layout-flow wp-block-column-is-layout-flow\">\n<p>Ruf die Nummer <strong>347 1430679<\/strong> an, um Informationen zu erhalten.<\/p>\n<\/div>\n<\/div>\n","protected":false},"excerpt":{"rendered":"<p>Die Legende der Graustana war eine traditionelle Erz\u00e4hlung, die von Eltern im Fersina-Tal verwendet wurde, um Kinder zu warnen und ihnen Angst vor als gef\u00e4hrlich geltenden Orten einzufl\u00f6\u00dfen. Heutzutage ist die S hittl va de Graustana jedoch ein sicherer und einladender Treffpunkt, ideal f\u00fcr eine Pause vor Ihren Wanderungen in gro\u00dfer H\u00f6he. Wenn Sie am [&hellip;]<\/p>\n","protected":false},"author":1,"featured_media":1621,"comment_status":"closed","ping_status":"open","sticky":false,"template":"","format":"standard","meta":{"_acf_changed":false,"footnotes":""},"categories":[63],"tags":[],"class_list":["post-766","post","type-post","status-publish","format-standard","has-post-thumbnail","hentry","category-wo-man-essen-kann"],"acf":[],"yoast_head":"<!-- This site is optimized with the Yoast SEO plugin v27.5 - https:\/\/yoast.com\/product\/yoast-seo-wordpress\/ -->\n<title>S hittl va de Graustana - Um Palai<\/title>\n<meta name=\"description\" content=\"La leggenda della Graustana era un racconto tradizionale usato dai genitori nella Valle del Fersina per mettere in guardia i bambini e creare timore attorno a luoghi considerati pericolosi. Tuttavia, oggi la S hittl va de Graustana \u00e8 un punto di ritrovo sicuro e accogliente, ideale per fare una pausa prima delle vostre escursioni in alta quota.\" \/>\n<meta name=\"robots\" content=\"index, follow, max-snippet:-1, max-image-preview:large, max-video-preview:-1\" \/>\n<link rel=\"canonical\" href=\"https:\/\/www.umpalai.it\/de\/wo-man-essen-kann\/s-hittl-va-de-graustana\/\" \/>\n<meta property=\"og:locale\" content=\"de_DE\" \/>\n<meta property=\"og:type\" content=\"article\" \/>\n<meta property=\"og:title\" content=\"S hittl va de Graustana - Um Palai\" \/>\n<meta property=\"og:description\" content=\"La leggenda della Graustana era un racconto tradizionale usato dai genitori nella Valle del Fersina per mettere in guardia i bambini e creare timore attorno a luoghi considerati pericolosi. Tuttavia, oggi la S hittl va de Graustana \u00e8 un punto di ritrovo sicuro e accogliente, ideale per fare una pausa prima delle vostre escursioni in alta quota.\" \/>\n<meta property=\"og:url\" content=\"https:\/\/www.umpalai.it\/de\/wo-man-essen-kann\/s-hittl-va-de-graustana\/\" \/>\n<meta property=\"og:site_name\" content=\"Um Palai\" \/>\n<meta property=\"article:publisher\" content=\"https:\/\/www.facebook.com\/PaludelFersina\/\" \/>\n<meta property=\"article:published_time\" content=\"2024-04-26T21:53:13+00:00\" \/>\n<meta property=\"article:modified_time\" content=\"2024-04-28T19:47:17+00:00\" \/>\n<meta property=\"og:image\" content=\"https:\/\/www.umpalai.it\/wp-content\/uploads\/2024\/04\/IMG_1717.webp\" \/>\n\t<meta property=\"og:image:width\" content=\"2560\" \/>\n\t<meta property=\"og:image:height\" content=\"1440\" \/>\n\t<meta property=\"og:image:type\" content=\"image\/webp\" \/>\n<meta name=\"author\" content=\"Leveloop\" \/>\n<meta name=\"twitter:card\" content=\"summary_large_image\" \/>\n<meta name=\"twitter:label1\" content=\"Verfasst von\" \/>\n\t<meta name=\"twitter:data1\" content=\"Leveloop\" \/>\n\t<meta name=\"twitter:label2\" content=\"Gesch\u00e4tzte Lesezeit\" \/>\n\t<meta name=\"twitter:data2\" content=\"2\u00a0Minuten\" \/>\n<script type=\"application\/ld+json\" class=\"yoast-schema-graph\">{\"@context\":\"https:\\\/\\\/schema.org\",\"@graph\":[{\"@type\":\"Article\",\"@id\":\"https:\\\/\\\/www.umpalai.it\\\/de\\\/wo-man-essen-kann\\\/s-hittl-va-de-graustana\\\/#article\",\"isPartOf\":{\"@id\":\"https:\\\/\\\/www.umpalai.it\\\/de\\\/wo-man-essen-kann\\\/s-hittl-va-de-graustana\\\/\"},\"author\":{\"name\":\"Leveloop\",\"@id\":\"https:\\\/\\\/www.umpalai.it\\\/de\\\/#\\\/schema\\\/person\\\/c4bb30f288911db2984cdac473ab9b88\"},\"headline\":\"S hittl va de Graustana\",\"datePublished\":\"2024-04-26T21:53:13+00:00\",\"dateModified\":\"2024-04-28T19:47:17+00:00\",\"mainEntityOfPage\":{\"@id\":\"https:\\\/\\\/www.umpalai.it\\\/de\\\/wo-man-essen-kann\\\/s-hittl-va-de-graustana\\\/\"},\"wordCount\":155,\"publisher\":{\"@id\":\"https:\\\/\\\/www.umpalai.it\\\/de\\\/#organization\"},\"image\":{\"@id\":\"https:\\\/\\\/www.umpalai.it\\\/de\\\/wo-man-essen-kann\\\/s-hittl-va-de-graustana\\\/#primaryimage\"},\"thumbnailUrl\":\"https:\\\/\\\/www.umpalai.it\\\/wp-content\\\/uploads\\\/2024\\\/04\\\/IMG_1717.webp\",\"articleSection\":[\"Wo man essen kann\"],\"inLanguage\":\"de\"},{\"@type\":\"WebPage\",\"@id\":\"https:\\\/\\\/www.umpalai.it\\\/de\\\/wo-man-essen-kann\\\/s-hittl-va-de-graustana\\\/\",\"url\":\"https:\\\/\\\/www.umpalai.it\\\/de\\\/wo-man-essen-kann\\\/s-hittl-va-de-graustana\\\/\",\"name\":\"S hittl va de Graustana - Um Palai\",\"isPartOf\":{\"@id\":\"https:\\\/\\\/www.umpalai.it\\\/de\\\/#website\"},\"primaryImageOfPage\":{\"@id\":\"https:\\\/\\\/www.umpalai.it\\\/de\\\/wo-man-essen-kann\\\/s-hittl-va-de-graustana\\\/#primaryimage\"},\"image\":{\"@id\":\"https:\\\/\\\/www.umpalai.it\\\/de\\\/wo-man-essen-kann\\\/s-hittl-va-de-graustana\\\/#primaryimage\"},\"thumbnailUrl\":\"https:\\\/\\\/www.umpalai.it\\\/wp-content\\\/uploads\\\/2024\\\/04\\\/IMG_1717.webp\",\"datePublished\":\"2024-04-26T21:53:13+00:00\",\"dateModified\":\"2024-04-28T19:47:17+00:00\",\"description\":\"La leggenda della Graustana era un racconto tradizionale usato dai genitori nella Valle del Fersina per mettere in guardia i bambini e creare timore attorno a luoghi considerati pericolosi. Tuttavia, oggi la S hittl va de Graustana \u00e8 un punto di ritrovo sicuro e accogliente, ideale per fare una pausa prima delle vostre escursioni in alta quota.\",\"breadcrumb\":{\"@id\":\"https:\\\/\\\/www.umpalai.it\\\/de\\\/wo-man-essen-kann\\\/s-hittl-va-de-graustana\\\/#breadcrumb\"},\"inLanguage\":\"de\",\"potentialAction\":[{\"@type\":\"ReadAction\",\"target\":[\"https:\\\/\\\/www.umpalai.it\\\/de\\\/wo-man-essen-kann\\\/s-hittl-va-de-graustana\\\/\"]}]},{\"@type\":\"ImageObject\",\"inLanguage\":\"de\",\"@id\":\"https:\\\/\\\/www.umpalai.it\\\/de\\\/wo-man-essen-kann\\\/s-hittl-va-de-graustana\\\/#primaryimage\",\"url\":\"https:\\\/\\\/www.umpalai.it\\\/wp-content\\\/uploads\\\/2024\\\/04\\\/IMG_1717.webp\",\"contentUrl\":\"https:\\\/\\\/www.umpalai.it\\\/wp-content\\\/uploads\\\/2024\\\/04\\\/IMG_1717.webp\",\"width\":2560,\"height\":1440,\"caption\":\"S hittl va de Graustana\"},{\"@type\":\"BreadcrumbList\",\"@id\":\"https:\\\/\\\/www.umpalai.it\\\/de\\\/wo-man-essen-kann\\\/s-hittl-va-de-graustana\\\/#breadcrumb\",\"itemListElement\":[{\"@type\":\"ListItem\",\"position\":1,\"name\":\"Home\",\"item\":\"https:\\\/\\\/www.umpalai.it\\\/de\\\/\"},{\"@type\":\"ListItem\",\"position\":2,\"name\":\"S hittl va de Graustana\"}]},{\"@type\":\"WebSite\",\"@id\":\"https:\\\/\\\/www.umpalai.it\\\/de\\\/#website\",\"url\":\"https:\\\/\\\/www.umpalai.it\\\/de\\\/\",\"name\":\"Pal\u00f9 del Fersina\",\"description\":\"Im Herzen des Fersental\",\"publisher\":{\"@id\":\"https:\\\/\\\/www.umpalai.it\\\/de\\\/#organization\"},\"potentialAction\":[{\"@type\":\"SearchAction\",\"target\":{\"@type\":\"EntryPoint\",\"urlTemplate\":\"https:\\\/\\\/www.umpalai.it\\\/de\\\/?s={search_term_string}\"},\"query-input\":{\"@type\":\"PropertyValueSpecification\",\"valueRequired\":true,\"valueName\":\"search_term_string\"}}],\"inLanguage\":\"de\"},{\"@type\":\"Organization\",\"@id\":\"https:\\\/\\\/www.umpalai.it\\\/de\\\/#organization\",\"name\":\"Pal\u00f9 del Fersina\",\"url\":\"https:\\\/\\\/www.umpalai.it\\\/de\\\/\",\"logo\":{\"@type\":\"ImageObject\",\"inLanguage\":\"de\",\"@id\":\"https:\\\/\\\/www.umpalai.it\\\/de\\\/#\\\/schema\\\/logo\\\/image\\\/\",\"url\":\"https:\\\/\\\/www.umpalai.it\\\/wp-content\\\/uploads\\\/2024\\\/04\\\/um-palai.png\",\"contentUrl\":\"https:\\\/\\\/www.umpalai.it\\\/wp-content\\\/uploads\\\/2024\\\/04\\\/um-palai.png\",\"width\":1211,\"height\":823,\"caption\":\"Pal\u00f9 del Fersina\"},\"image\":{\"@id\":\"https:\\\/\\\/www.umpalai.it\\\/de\\\/#\\\/schema\\\/logo\\\/image\\\/\"},\"sameAs\":[\"https:\\\/\\\/www.facebook.com\\\/PaludelFersina\\\/\"]},{\"@type\":\"Person\",\"@id\":\"https:\\\/\\\/www.umpalai.it\\\/de\\\/#\\\/schema\\\/person\\\/c4bb30f288911db2984cdac473ab9b88\",\"name\":\"Leveloop\",\"image\":{\"@type\":\"ImageObject\",\"inLanguage\":\"de\",\"@id\":\"https:\\\/\\\/secure.gravatar.com\\\/avatar\\\/133c970b7ee8e2c97707f8b51c7448c6a8709e26c293cf3c648efb8cca74ab87?s=96&d=mm&r=g\",\"url\":\"https:\\\/\\\/secure.gravatar.com\\\/avatar\\\/133c970b7ee8e2c97707f8b51c7448c6a8709e26c293cf3c648efb8cca74ab87?s=96&d=mm&r=g\",\"contentUrl\":\"https:\\\/\\\/secure.gravatar.com\\\/avatar\\\/133c970b7ee8e2c97707f8b51c7448c6a8709e26c293cf3c648efb8cca74ab87?s=96&d=mm&r=g\",\"caption\":\"Leveloop\"}}]}<\/script>\n<!-- \/ Yoast SEO plugin. -->","yoast_head_json":{"title":"S hittl va de Graustana - Um Palai","description":"La leggenda della Graustana era un racconto tradizionale usato dai genitori nella Valle del Fersina per mettere in guardia i bambini e creare timore attorno a luoghi considerati pericolosi. Tuttavia, oggi la S hittl va de Graustana \u00e8 un punto di ritrovo sicuro e accogliente, ideale per fare una pausa prima delle vostre escursioni in alta quota.","robots":{"index":"index","follow":"follow","max-snippet":"max-snippet:-1","max-image-preview":"max-image-preview:large","max-video-preview":"max-video-preview:-1"},"canonical":"https:\/\/www.umpalai.it\/de\/wo-man-essen-kann\/s-hittl-va-de-graustana\/","og_locale":"de_DE","og_type":"article","og_title":"S hittl va de Graustana - Um Palai","og_description":"La leggenda della Graustana era un racconto tradizionale usato dai genitori nella Valle del Fersina per mettere in guardia i bambini e creare timore attorno a luoghi considerati pericolosi. Tuttavia, oggi la S hittl va de Graustana \u00e8 un punto di ritrovo sicuro e accogliente, ideale per fare una pausa prima delle vostre escursioni in alta quota.","og_url":"https:\/\/www.umpalai.it\/de\/wo-man-essen-kann\/s-hittl-va-de-graustana\/","og_site_name":"Um Palai","article_publisher":"https:\/\/www.facebook.com\/PaludelFersina\/","article_published_time":"2024-04-26T21:53:13+00:00","article_modified_time":"2024-04-28T19:47:17+00:00","og_image":[{"width":2560,"height":1440,"url":"https:\/\/www.umpalai.it\/wp-content\/uploads\/2024\/04\/IMG_1717.webp","type":"image\/webp"}],"author":"Leveloop","twitter_card":"summary_large_image","twitter_misc":{"Verfasst von":"Leveloop","Gesch\u00e4tzte Lesezeit":"2\u00a0Minuten"},"schema":{"@context":"https:\/\/schema.org","@graph":[{"@type":"Article","@id":"https:\/\/www.umpalai.it\/de\/wo-man-essen-kann\/s-hittl-va-de-graustana\/#article","isPartOf":{"@id":"https:\/\/www.umpalai.it\/de\/wo-man-essen-kann\/s-hittl-va-de-graustana\/"},"author":{"name":"Leveloop","@id":"https:\/\/www.umpalai.it\/de\/#\/schema\/person\/c4bb30f288911db2984cdac473ab9b88"},"headline":"S hittl va de Graustana","datePublished":"2024-04-26T21:53:13+00:00","dateModified":"2024-04-28T19:47:17+00:00","mainEntityOfPage":{"@id":"https:\/\/www.umpalai.it\/de\/wo-man-essen-kann\/s-hittl-va-de-graustana\/"},"wordCount":155,"publisher":{"@id":"https:\/\/www.umpalai.it\/de\/#organization"},"image":{"@id":"https:\/\/www.umpalai.it\/de\/wo-man-essen-kann\/s-hittl-va-de-graustana\/#primaryimage"},"thumbnailUrl":"https:\/\/www.umpalai.it\/wp-content\/uploads\/2024\/04\/IMG_1717.webp","articleSection":["Wo man essen kann"],"inLanguage":"de"},{"@type":"WebPage","@id":"https:\/\/www.umpalai.it\/de\/wo-man-essen-kann\/s-hittl-va-de-graustana\/","url":"https:\/\/www.umpalai.it\/de\/wo-man-essen-kann\/s-hittl-va-de-graustana\/","name":"S hittl va de Graustana - Um Palai","isPartOf":{"@id":"https:\/\/www.umpalai.it\/de\/#website"},"primaryImageOfPage":{"@id":"https:\/\/www.umpalai.it\/de\/wo-man-essen-kann\/s-hittl-va-de-graustana\/#primaryimage"},"image":{"@id":"https:\/\/www.umpalai.it\/de\/wo-man-essen-kann\/s-hittl-va-de-graustana\/#primaryimage"},"thumbnailUrl":"https:\/\/www.umpalai.it\/wp-content\/uploads\/2024\/04\/IMG_1717.webp","datePublished":"2024-04-26T21:53:13+00:00","dateModified":"2024-04-28T19:47:17+00:00","description":"La leggenda della Graustana era un racconto tradizionale usato dai genitori nella Valle del Fersina per mettere in guardia i bambini e creare timore attorno a luoghi considerati pericolosi. Tuttavia, oggi la S hittl va de Graustana \u00e8 un punto di ritrovo sicuro e accogliente, ideale per fare una pausa prima delle vostre escursioni in alta quota.","breadcrumb":{"@id":"https:\/\/www.umpalai.it\/de\/wo-man-essen-kann\/s-hittl-va-de-graustana\/#breadcrumb"},"inLanguage":"de","potentialAction":[{"@type":"ReadAction","target":["https:\/\/www.umpalai.it\/de\/wo-man-essen-kann\/s-hittl-va-de-graustana\/"]}]},{"@type":"ImageObject","inLanguage":"de","@id":"https:\/\/www.umpalai.it\/de\/wo-man-essen-kann\/s-hittl-va-de-graustana\/#primaryimage","url":"https:\/\/www.umpalai.it\/wp-content\/uploads\/2024\/04\/IMG_1717.webp","contentUrl":"https:\/\/www.umpalai.it\/wp-content\/uploads\/2024\/04\/IMG_1717.webp","width":2560,"height":1440,"caption":"S hittl va de Graustana"},{"@type":"BreadcrumbList","@id":"https:\/\/www.umpalai.it\/de\/wo-man-essen-kann\/s-hittl-va-de-graustana\/#breadcrumb","itemListElement":[{"@type":"ListItem","position":1,"name":"Home","item":"https:\/\/www.umpalai.it\/de\/"},{"@type":"ListItem","position":2,"name":"S hittl va de Graustana"}]},{"@type":"WebSite","@id":"https:\/\/www.umpalai.it\/de\/#website","url":"https:\/\/www.umpalai.it\/de\/","name":"Pal\u00f9 del Fersina","description":"Im Herzen des Fersental","publisher":{"@id":"https:\/\/www.umpalai.it\/de\/#organization"},"potentialAction":[{"@type":"SearchAction","target":{"@type":"EntryPoint","urlTemplate":"https:\/\/www.umpalai.it\/de\/?s={search_term_string}"},"query-input":{"@type":"PropertyValueSpecification","valueRequired":true,"valueName":"search_term_string"}}],"inLanguage":"de"},{"@type":"Organization","@id":"https:\/\/www.umpalai.it\/de\/#organization","name":"Pal\u00f9 del Fersina","url":"https:\/\/www.umpalai.it\/de\/","logo":{"@type":"ImageObject","inLanguage":"de","@id":"https:\/\/www.umpalai.it\/de\/#\/schema\/logo\/image\/","url":"https:\/\/www.umpalai.it\/wp-content\/uploads\/2024\/04\/um-palai.png","contentUrl":"https:\/\/www.umpalai.it\/wp-content\/uploads\/2024\/04\/um-palai.png","width":1211,"height":823,"caption":"Pal\u00f9 del Fersina"},"image":{"@id":"https:\/\/www.umpalai.it\/de\/#\/schema\/logo\/image\/"},"sameAs":["https:\/\/www.facebook.com\/PaludelFersina\/"]},{"@type":"Person","@id":"https:\/\/www.umpalai.it\/de\/#\/schema\/person\/c4bb30f288911db2984cdac473ab9b88","name":"Leveloop","image":{"@type":"ImageObject","inLanguage":"de","@id":"https:\/\/secure.gravatar.com\/avatar\/133c970b7ee8e2c97707f8b51c7448c6a8709e26c293cf3c648efb8cca74ab87?s=96&d=mm&r=g","url":"https:\/\/secure.gravatar.com\/avatar\/133c970b7ee8e2c97707f8b51c7448c6a8709e26c293cf3c648efb8cca74ab87?s=96&d=mm&r=g","contentUrl":"https:\/\/secure.gravatar.com\/avatar\/133c970b7ee8e2c97707f8b51c7448c6a8709e26c293cf3c648efb8cca74ab87?s=96&d=mm&r=g","caption":"Leveloop"}}]}},"_links":{"self":[{"href":"https:\/\/www.umpalai.it\/de\/wp-json\/wp\/v2\/posts\/766","targetHints":{"allow":["GET"]}}],"collection":[{"href":"https:\/\/www.umpalai.it\/de\/wp-json\/wp\/v2\/posts"}],"about":[{"href":"https:\/\/www.umpalai.it\/de\/wp-json\/wp\/v2\/types\/post"}],"author":[{"embeddable":true,"href":"https:\/\/www.umpalai.it\/de\/wp-json\/wp\/v2\/users\/1"}],"replies":[{"embeddable":true,"href":"https:\/\/www.umpalai.it\/de\/wp-json\/wp\/v2\/comments?post=766"}],"version-history":[{"count":0,"href":"https:\/\/www.umpalai.it\/de\/wp-json\/wp\/v2\/posts\/766\/revisions"}],"wp:featuredmedia":[{"embeddable":true,"href":"https:\/\/www.umpalai.it\/de\/wp-json\/wp\/v2\/media\/1621"}],"wp:attachment":[{"href":"https:\/\/www.umpalai.it\/de\/wp-json\/wp\/v2\/media?parent=766"}],"wp:term":[{"taxonomy":"category","embeddable":true,"href":"https:\/\/www.umpalai.it\/de\/wp-json\/wp\/v2\/categories?post=766"},{"taxonomy":"post_tag","embeddable":true,"href":"https:\/\/www.umpalai.it\/de\/wp-json\/wp\/v2\/tags?post=766"}],"curies":[{"name":"wp","href":"https:\/\/api.w.org\/{rel}","templated":true}]}}