{"id":770,"date":"2024-04-26T21:39:16","date_gmt":"2024-04-26T21:39:16","guid":{"rendered":"https:\/news\/redebus\/"},"modified":"2024-07-04T16:37:05","modified_gmt":"2024-07-04T16:37:05","slug":"redebus-konditorei-und-bistro","status":"publish","type":"post","link":"https:\/\/www.umpalai.it\/de\/wo-man-essen-kann\/redebus-konditorei-und-bistro\/","title":{"rendered":"Redebus Konditorei Bistro"},"content":{"rendered":"\n<div class=\"wp-block-columns blocco-testo-immagine is-layout-flex wp-container-core-columns-is-layout-9d6595d7 wp-block-columns-is-layout-flex\">\n<div class=\"wp-block-column is-layout-flow wp-block-column-is-layout-flow\">\n<p><br>Wenn Sie ein gem\u00fctliches Restaurant oder eine Bar im Herzen der Dolomiten suchen, ist der <strong>Passo Redebus<\/strong> der richtige Ort f\u00fcr Sie. Dieser liegt an der Stra\u00dfe, die das <strong>Fersina-Tal<\/strong> mit der <strong>Hochebene von Pin\u00e9<\/strong> verbindet, und bietet qualitativ hochwertiges Essen in einer charakteristischen Umgebung.<\/p>\n\n\n\n<p>Die Atmosph\u00e4re im Passo Redebus ist besonders dank der Leidenschaft von <strong>Lorenza<\/strong>, die jeden Tag k\u00f6stliche Desserts und authentische Gerichte f\u00fcr ihre G\u00e4ste zubereitet. Die <strong>Torten<\/strong> sind das Highlight dieses kleinen Familienrestaurants, das auch eine gro\u00dfartige Basis f\u00fcr Ausfl\u00fcge zum nahegelegenen <strong>Dosso di Costalta<\/strong> oder entlang der Bergkette des <strong>Lagorai<\/strong> ist.<\/p>\n\n\n\n<p>Wenn Sie etwas anderes bevorzugen, finden Sie auch eine breite Auswahl an traditionellen Gerichten. Dazu geh\u00f6ren die ber\u00fchmten <strong>Platten mit Aufschnitt und K\u00e4se<\/strong>, begleitet von den <strong>Kukeler<\/strong>, einem Brot, das im Holzofen gebacken und mit Buttermilch und Buchweizenmehl hergestellt wird.<\/p>\n<\/div>\n\n\n\n<div class=\"wp-block-column is-layout-flow wp-block-column-is-layout-flow\">\n<figure class=\"wp-block-image size-full\"><img decoding=\"async\" width=\"2560\" height=\"1440\" src=\"http:\/\/umpalai.it\/wp-content\/uploads\/2024\/07\/IMG_20240628_101403.webp\" alt=\"\" class=\"wp-image-1682\" srcset=\"https:\/\/www.umpalai.it\/wp-content\/uploads\/2024\/07\/IMG_20240628_101403.webp 2560w, https:\/\/www.umpalai.it\/wp-content\/uploads\/2024\/07\/IMG_20240628_101403-300x169.webp 300w, https:\/\/www.umpalai.it\/wp-content\/uploads\/2024\/07\/IMG_20240628_101403-1024x576.webp 1024w, https:\/\/www.umpalai.it\/wp-content\/uploads\/2024\/07\/IMG_20240628_101403-768x432.webp 768w, https:\/\/www.umpalai.it\/wp-content\/uploads\/2024\/07\/IMG_20240628_101403-1536x864.webp 1536w, https:\/\/www.umpalai.it\/wp-content\/uploads\/2024\/07\/IMG_20240628_101403-2048x1152.webp 2048w\" sizes=\"(max-width: 2560px) 100vw, 2560px\" \/><\/figure>\n<\/div>\n<\/div>\n\n\n\n<div class=\"wp-block-columns blocco-titolo-testo is-layout-flex wp-container-core-columns-is-layout-9d6595d7 wp-block-columns-is-layout-flex\">\n<div class=\"wp-block-column is-layout-flow wp-block-column-is-layout-flow\">\n<h2 class=\"wp-block-heading\"><strong>Buchen jetzt<\/strong><br>Rufen f\u00fcr Informationen<\/h2>\n<\/div>\n\n\n\n<div class=\"wp-block-column is-layout-flow wp-block-column-is-layout-flow\">\n<p>Rufen Sie die Nummer <strong>0461 551263<\/strong> an oder schreiben Sie eine E-Mail an <strong>redebus@alice.it<\/strong>, um Informationen zu erhalten.<\/p>\n<\/div>\n<\/div>\n","protected":false},"excerpt":{"rendered":"<p>Wenn Sie ein gem\u00fctliches Restaurant oder eine Bar im Herzen der Dolomiten suchen, ist der Passo Redebus der richtige Ort f\u00fcr Sie. Dieser liegt an der Stra\u00dfe, die das Fersina-Tal mit der Hochebene von Pin\u00e9 verbindet, und bietet qualitativ hochwertiges Essen in einer charakteristischen Umgebung. Die Atmosph\u00e4re im Passo Redebus ist besonders dank der Leidenschaft [&hellip;]<\/p>\n","protected":false},"author":1,"featured_media":1082,"comment_status":"closed","ping_status":"open","sticky":false,"template":"","format":"standard","meta":{"_acf_changed":false,"footnotes":""},"categories":[63],"tags":[],"class_list":["post-770","post","type-post","status-publish","format-standard","has-post-thumbnail","hentry","category-wo-man-essen-kann"],"acf":[],"yoast_head":"<!-- This site is optimized with the Yoast SEO plugin v27.5 - https:\/\/yoast.com\/product\/yoast-seo-wordpress\/ -->\n<title>Redebus Konditorei Bistro - Um Palai<\/title>\n<meta name=\"description\" content=\"Se stai cercando un ristorante o bar accogliente nel cuore delle Dolomiti, il Passo Redebus \u00e8 il posto giusto per te. Situato lungo la strada che collega la Valle del Fersina all&#039;altipiano di Pin\u00e9, questo locale \u00e8 una garanzia per chi cerca cibo di qualit\u00e0 in un ambiente caratteristico.\" \/>\n<meta name=\"robots\" content=\"index, follow, max-snippet:-1, max-image-preview:large, max-video-preview:-1\" \/>\n<link rel=\"canonical\" href=\"https:\/\/www.umpalai.it\/de\/wo-man-essen-kann\/redebus-konditorei-und-bistro\/\" \/>\n<meta property=\"og:locale\" content=\"de_DE\" \/>\n<meta property=\"og:type\" content=\"article\" \/>\n<meta property=\"og:title\" content=\"Redebus Konditorei Bistro - Um Palai\" \/>\n<meta property=\"og:description\" content=\"Se stai cercando un ristorante o bar accogliente nel cuore delle Dolomiti, il Passo Redebus \u00e8 il posto giusto per te. Situato lungo la strada che collega la Valle del Fersina all&#039;altipiano di Pin\u00e9, questo locale \u00e8 una garanzia per chi cerca cibo di qualit\u00e0 in un ambiente caratteristico.\" \/>\n<meta property=\"og:url\" content=\"https:\/\/www.umpalai.it\/de\/wo-man-essen-kann\/redebus-konditorei-und-bistro\/\" \/>\n<meta property=\"og:site_name\" content=\"Um Palai\" \/>\n<meta property=\"article:publisher\" content=\"https:\/\/www.facebook.com\/PaludelFersina\/\" \/>\n<meta property=\"article:published_time\" content=\"2024-04-26T21:39:16+00:00\" \/>\n<meta property=\"article:modified_time\" content=\"2024-07-04T16:37:05+00:00\" \/>\n<meta property=\"og:image\" content=\"https:\/\/www.umpalai.it\/wp-content\/uploads\/2024\/04\/20240509_190330-scaled.webp\" \/>\n\t<meta property=\"og:image:width\" content=\"2560\" \/>\n\t<meta property=\"og:image:height\" content=\"1920\" \/>\n\t<meta property=\"og:image:type\" content=\"image\/webp\" \/>\n<meta name=\"author\" content=\"Leveloop\" \/>\n<meta name=\"twitter:card\" content=\"summary_large_image\" \/>\n<meta name=\"twitter:label1\" content=\"Verfasst von\" \/>\n\t<meta name=\"twitter:data1\" content=\"Leveloop\" \/>\n\t<meta name=\"twitter:label2\" content=\"Gesch\u00e4tzte Lesezeit\" \/>\n\t<meta name=\"twitter:data2\" content=\"2\u00a0Minuten\" \/>\n<script type=\"application\/ld+json\" class=\"yoast-schema-graph\">{\"@context\":\"https:\\\/\\\/schema.org\",\"@graph\":[{\"@type\":\"Article\",\"@id\":\"https:\\\/\\\/www.umpalai.it\\\/de\\\/wo-man-essen-kann\\\/redebus-konditorei-und-bistro\\\/#article\",\"isPartOf\":{\"@id\":\"https:\\\/\\\/www.umpalai.it\\\/de\\\/wo-man-essen-kann\\\/redebus-konditorei-und-bistro\\\/\"},\"author\":{\"name\":\"Leveloop\",\"@id\":\"https:\\\/\\\/www.umpalai.it\\\/de\\\/#\\\/schema\\\/person\\\/c4bb30f288911db2984cdac473ab9b88\"},\"headline\":\"Redebus Konditorei Bistro\",\"datePublished\":\"2024-04-26T21:39:16+00:00\",\"dateModified\":\"2024-07-04T16:37:05+00:00\",\"mainEntityOfPage\":{\"@id\":\"https:\\\/\\\/www.umpalai.it\\\/de\\\/wo-man-essen-kann\\\/redebus-konditorei-und-bistro\\\/\"},\"wordCount\":176,\"publisher\":{\"@id\":\"https:\\\/\\\/www.umpalai.it\\\/de\\\/#organization\"},\"image\":{\"@id\":\"https:\\\/\\\/www.umpalai.it\\\/de\\\/wo-man-essen-kann\\\/redebus-konditorei-und-bistro\\\/#primaryimage\"},\"thumbnailUrl\":\"https:\\\/\\\/www.umpalai.it\\\/wp-content\\\/uploads\\\/2024\\\/04\\\/20240509_190330-scaled.webp\",\"articleSection\":[\"Wo man essen kann\"],\"inLanguage\":\"de\"},{\"@type\":\"WebPage\",\"@id\":\"https:\\\/\\\/www.umpalai.it\\\/de\\\/wo-man-essen-kann\\\/redebus-konditorei-und-bistro\\\/\",\"url\":\"https:\\\/\\\/www.umpalai.it\\\/de\\\/wo-man-essen-kann\\\/redebus-konditorei-und-bistro\\\/\",\"name\":\"Redebus Konditorei Bistro - Um Palai\",\"isPartOf\":{\"@id\":\"https:\\\/\\\/www.umpalai.it\\\/de\\\/#website\"},\"primaryImageOfPage\":{\"@id\":\"https:\\\/\\\/www.umpalai.it\\\/de\\\/wo-man-essen-kann\\\/redebus-konditorei-und-bistro\\\/#primaryimage\"},\"image\":{\"@id\":\"https:\\\/\\\/www.umpalai.it\\\/de\\\/wo-man-essen-kann\\\/redebus-konditorei-und-bistro\\\/#primaryimage\"},\"thumbnailUrl\":\"https:\\\/\\\/www.umpalai.it\\\/wp-content\\\/uploads\\\/2024\\\/04\\\/20240509_190330-scaled.webp\",\"datePublished\":\"2024-04-26T21:39:16+00:00\",\"dateModified\":\"2024-07-04T16:37:05+00:00\",\"description\":\"Se stai cercando un ristorante o bar accogliente nel cuore delle Dolomiti, il Passo Redebus \u00e8 il posto giusto per te. Situato lungo la strada che collega la Valle del Fersina all'altipiano di Pin\u00e9, questo locale \u00e8 una garanzia per chi cerca cibo di qualit\u00e0 in un ambiente caratteristico.\",\"breadcrumb\":{\"@id\":\"https:\\\/\\\/www.umpalai.it\\\/de\\\/wo-man-essen-kann\\\/redebus-konditorei-und-bistro\\\/#breadcrumb\"},\"inLanguage\":\"de\",\"potentialAction\":[{\"@type\":\"ReadAction\",\"target\":[\"https:\\\/\\\/www.umpalai.it\\\/de\\\/wo-man-essen-kann\\\/redebus-konditorei-und-bistro\\\/\"]}]},{\"@type\":\"ImageObject\",\"inLanguage\":\"de\",\"@id\":\"https:\\\/\\\/www.umpalai.it\\\/de\\\/wo-man-essen-kann\\\/redebus-konditorei-und-bistro\\\/#primaryimage\",\"url\":\"https:\\\/\\\/www.umpalai.it\\\/wp-content\\\/uploads\\\/2024\\\/04\\\/20240509_190330-scaled.webp\",\"contentUrl\":\"https:\\\/\\\/www.umpalai.it\\\/wp-content\\\/uploads\\\/2024\\\/04\\\/20240509_190330-scaled.webp\",\"width\":2560,\"height\":1920,\"caption\":\"Redebus Pasticceria e Bistr\u00f2\"},{\"@type\":\"BreadcrumbList\",\"@id\":\"https:\\\/\\\/www.umpalai.it\\\/de\\\/wo-man-essen-kann\\\/redebus-konditorei-und-bistro\\\/#breadcrumb\",\"itemListElement\":[{\"@type\":\"ListItem\",\"position\":1,\"name\":\"Home\",\"item\":\"https:\\\/\\\/www.umpalai.it\\\/de\\\/\"},{\"@type\":\"ListItem\",\"position\":2,\"name\":\"Redebus Konditorei Bistro\"}]},{\"@type\":\"WebSite\",\"@id\":\"https:\\\/\\\/www.umpalai.it\\\/de\\\/#website\",\"url\":\"https:\\\/\\\/www.umpalai.it\\\/de\\\/\",\"name\":\"Pal\u00f9 del Fersina\",\"description\":\"Im Herzen des Fersental\",\"publisher\":{\"@id\":\"https:\\\/\\\/www.umpalai.it\\\/de\\\/#organization\"},\"potentialAction\":[{\"@type\":\"SearchAction\",\"target\":{\"@type\":\"EntryPoint\",\"urlTemplate\":\"https:\\\/\\\/www.umpalai.it\\\/de\\\/?s={search_term_string}\"},\"query-input\":{\"@type\":\"PropertyValueSpecification\",\"valueRequired\":true,\"valueName\":\"search_term_string\"}}],\"inLanguage\":\"de\"},{\"@type\":\"Organization\",\"@id\":\"https:\\\/\\\/www.umpalai.it\\\/de\\\/#organization\",\"name\":\"Pal\u00f9 del Fersina\",\"url\":\"https:\\\/\\\/www.umpalai.it\\\/de\\\/\",\"logo\":{\"@type\":\"ImageObject\",\"inLanguage\":\"de\",\"@id\":\"https:\\\/\\\/www.umpalai.it\\\/de\\\/#\\\/schema\\\/logo\\\/image\\\/\",\"url\":\"https:\\\/\\\/www.umpalai.it\\\/wp-content\\\/uploads\\\/2024\\\/04\\\/um-palai.png\",\"contentUrl\":\"https:\\\/\\\/www.umpalai.it\\\/wp-content\\\/uploads\\\/2024\\\/04\\\/um-palai.png\",\"width\":1211,\"height\":823,\"caption\":\"Pal\u00f9 del Fersina\"},\"image\":{\"@id\":\"https:\\\/\\\/www.umpalai.it\\\/de\\\/#\\\/schema\\\/logo\\\/image\\\/\"},\"sameAs\":[\"https:\\\/\\\/www.facebook.com\\\/PaludelFersina\\\/\"]},{\"@type\":\"Person\",\"@id\":\"https:\\\/\\\/www.umpalai.it\\\/de\\\/#\\\/schema\\\/person\\\/c4bb30f288911db2984cdac473ab9b88\",\"name\":\"Leveloop\",\"image\":{\"@type\":\"ImageObject\",\"inLanguage\":\"de\",\"@id\":\"https:\\\/\\\/secure.gravatar.com\\\/avatar\\\/133c970b7ee8e2c97707f8b51c7448c6a8709e26c293cf3c648efb8cca74ab87?s=96&d=mm&r=g\",\"url\":\"https:\\\/\\\/secure.gravatar.com\\\/avatar\\\/133c970b7ee8e2c97707f8b51c7448c6a8709e26c293cf3c648efb8cca74ab87?s=96&d=mm&r=g\",\"contentUrl\":\"https:\\\/\\\/secure.gravatar.com\\\/avatar\\\/133c970b7ee8e2c97707f8b51c7448c6a8709e26c293cf3c648efb8cca74ab87?s=96&d=mm&r=g\",\"caption\":\"Leveloop\"}}]}<\/script>\n<!-- \/ Yoast SEO plugin. -->","yoast_head_json":{"title":"Redebus Konditorei Bistro - Um Palai","description":"Se stai cercando un ristorante o bar accogliente nel cuore delle Dolomiti, il Passo Redebus \u00e8 il posto giusto per te. Situato lungo la strada che collega la Valle del Fersina all'altipiano di Pin\u00e9, questo locale \u00e8 una garanzia per chi cerca cibo di qualit\u00e0 in un ambiente caratteristico.","robots":{"index":"index","follow":"follow","max-snippet":"max-snippet:-1","max-image-preview":"max-image-preview:large","max-video-preview":"max-video-preview:-1"},"canonical":"https:\/\/www.umpalai.it\/de\/wo-man-essen-kann\/redebus-konditorei-und-bistro\/","og_locale":"de_DE","og_type":"article","og_title":"Redebus Konditorei Bistro - Um Palai","og_description":"Se stai cercando un ristorante o bar accogliente nel cuore delle Dolomiti, il Passo Redebus \u00e8 il posto giusto per te. Situato lungo la strada che collega la Valle del Fersina all'altipiano di Pin\u00e9, questo locale \u00e8 una garanzia per chi cerca cibo di qualit\u00e0 in un ambiente caratteristico.","og_url":"https:\/\/www.umpalai.it\/de\/wo-man-essen-kann\/redebus-konditorei-und-bistro\/","og_site_name":"Um Palai","article_publisher":"https:\/\/www.facebook.com\/PaludelFersina\/","article_published_time":"2024-04-26T21:39:16+00:00","article_modified_time":"2024-07-04T16:37:05+00:00","og_image":[{"width":2560,"height":1920,"url":"https:\/\/www.umpalai.it\/wp-content\/uploads\/2024\/04\/20240509_190330-scaled.webp","type":"image\/webp"}],"author":"Leveloop","twitter_card":"summary_large_image","twitter_misc":{"Verfasst von":"Leveloop","Gesch\u00e4tzte Lesezeit":"2\u00a0Minuten"},"schema":{"@context":"https:\/\/schema.org","@graph":[{"@type":"Article","@id":"https:\/\/www.umpalai.it\/de\/wo-man-essen-kann\/redebus-konditorei-und-bistro\/#article","isPartOf":{"@id":"https:\/\/www.umpalai.it\/de\/wo-man-essen-kann\/redebus-konditorei-und-bistro\/"},"author":{"name":"Leveloop","@id":"https:\/\/www.umpalai.it\/de\/#\/schema\/person\/c4bb30f288911db2984cdac473ab9b88"},"headline":"Redebus Konditorei Bistro","datePublished":"2024-04-26T21:39:16+00:00","dateModified":"2024-07-04T16:37:05+00:00","mainEntityOfPage":{"@id":"https:\/\/www.umpalai.it\/de\/wo-man-essen-kann\/redebus-konditorei-und-bistro\/"},"wordCount":176,"publisher":{"@id":"https:\/\/www.umpalai.it\/de\/#organization"},"image":{"@id":"https:\/\/www.umpalai.it\/de\/wo-man-essen-kann\/redebus-konditorei-und-bistro\/#primaryimage"},"thumbnailUrl":"https:\/\/www.umpalai.it\/wp-content\/uploads\/2024\/04\/20240509_190330-scaled.webp","articleSection":["Wo man essen kann"],"inLanguage":"de"},{"@type":"WebPage","@id":"https:\/\/www.umpalai.it\/de\/wo-man-essen-kann\/redebus-konditorei-und-bistro\/","url":"https:\/\/www.umpalai.it\/de\/wo-man-essen-kann\/redebus-konditorei-und-bistro\/","name":"Redebus Konditorei Bistro - Um Palai","isPartOf":{"@id":"https:\/\/www.umpalai.it\/de\/#website"},"primaryImageOfPage":{"@id":"https:\/\/www.umpalai.it\/de\/wo-man-essen-kann\/redebus-konditorei-und-bistro\/#primaryimage"},"image":{"@id":"https:\/\/www.umpalai.it\/de\/wo-man-essen-kann\/redebus-konditorei-und-bistro\/#primaryimage"},"thumbnailUrl":"https:\/\/www.umpalai.it\/wp-content\/uploads\/2024\/04\/20240509_190330-scaled.webp","datePublished":"2024-04-26T21:39:16+00:00","dateModified":"2024-07-04T16:37:05+00:00","description":"Se stai cercando un ristorante o bar accogliente nel cuore delle Dolomiti, il Passo Redebus \u00e8 il posto giusto per te. Situato lungo la strada che collega la Valle del Fersina all'altipiano di Pin\u00e9, questo locale \u00e8 una garanzia per chi cerca cibo di qualit\u00e0 in un ambiente caratteristico.","breadcrumb":{"@id":"https:\/\/www.umpalai.it\/de\/wo-man-essen-kann\/redebus-konditorei-und-bistro\/#breadcrumb"},"inLanguage":"de","potentialAction":[{"@type":"ReadAction","target":["https:\/\/www.umpalai.it\/de\/wo-man-essen-kann\/redebus-konditorei-und-bistro\/"]}]},{"@type":"ImageObject","inLanguage":"de","@id":"https:\/\/www.umpalai.it\/de\/wo-man-essen-kann\/redebus-konditorei-und-bistro\/#primaryimage","url":"https:\/\/www.umpalai.it\/wp-content\/uploads\/2024\/04\/20240509_190330-scaled.webp","contentUrl":"https:\/\/www.umpalai.it\/wp-content\/uploads\/2024\/04\/20240509_190330-scaled.webp","width":2560,"height":1920,"caption":"Redebus Pasticceria e Bistr\u00f2"},{"@type":"BreadcrumbList","@id":"https:\/\/www.umpalai.it\/de\/wo-man-essen-kann\/redebus-konditorei-und-bistro\/#breadcrumb","itemListElement":[{"@type":"ListItem","position":1,"name":"Home","item":"https:\/\/www.umpalai.it\/de\/"},{"@type":"ListItem","position":2,"name":"Redebus Konditorei Bistro"}]},{"@type":"WebSite","@id":"https:\/\/www.umpalai.it\/de\/#website","url":"https:\/\/www.umpalai.it\/de\/","name":"Pal\u00f9 del Fersina","description":"Im Herzen des Fersental","publisher":{"@id":"https:\/\/www.umpalai.it\/de\/#organization"},"potentialAction":[{"@type":"SearchAction","target":{"@type":"EntryPoint","urlTemplate":"https:\/\/www.umpalai.it\/de\/?s={search_term_string}"},"query-input":{"@type":"PropertyValueSpecification","valueRequired":true,"valueName":"search_term_string"}}],"inLanguage":"de"},{"@type":"Organization","@id":"https:\/\/www.umpalai.it\/de\/#organization","name":"Pal\u00f9 del Fersina","url":"https:\/\/www.umpalai.it\/de\/","logo":{"@type":"ImageObject","inLanguage":"de","@id":"https:\/\/www.umpalai.it\/de\/#\/schema\/logo\/image\/","url":"https:\/\/www.umpalai.it\/wp-content\/uploads\/2024\/04\/um-palai.png","contentUrl":"https:\/\/www.umpalai.it\/wp-content\/uploads\/2024\/04\/um-palai.png","width":1211,"height":823,"caption":"Pal\u00f9 del Fersina"},"image":{"@id":"https:\/\/www.umpalai.it\/de\/#\/schema\/logo\/image\/"},"sameAs":["https:\/\/www.facebook.com\/PaludelFersina\/"]},{"@type":"Person","@id":"https:\/\/www.umpalai.it\/de\/#\/schema\/person\/c4bb30f288911db2984cdac473ab9b88","name":"Leveloop","image":{"@type":"ImageObject","inLanguage":"de","@id":"https:\/\/secure.gravatar.com\/avatar\/133c970b7ee8e2c97707f8b51c7448c6a8709e26c293cf3c648efb8cca74ab87?s=96&d=mm&r=g","url":"https:\/\/secure.gravatar.com\/avatar\/133c970b7ee8e2c97707f8b51c7448c6a8709e26c293cf3c648efb8cca74ab87?s=96&d=mm&r=g","contentUrl":"https:\/\/secure.gravatar.com\/avatar\/133c970b7ee8e2c97707f8b51c7448c6a8709e26c293cf3c648efb8cca74ab87?s=96&d=mm&r=g","caption":"Leveloop"}}]}},"_links":{"self":[{"href":"https:\/\/www.umpalai.it\/de\/wp-json\/wp\/v2\/posts\/770","targetHints":{"allow":["GET"]}}],"collection":[{"href":"https:\/\/www.umpalai.it\/de\/wp-json\/wp\/v2\/posts"}],"about":[{"href":"https:\/\/www.umpalai.it\/de\/wp-json\/wp\/v2\/types\/post"}],"author":[{"embeddable":true,"href":"https:\/\/www.umpalai.it\/de\/wp-json\/wp\/v2\/users\/1"}],"replies":[{"embeddable":true,"href":"https:\/\/www.umpalai.it\/de\/wp-json\/wp\/v2\/comments?post=770"}],"version-history":[{"count":1,"href":"https:\/\/www.umpalai.it\/de\/wp-json\/wp\/v2\/posts\/770\/revisions"}],"predecessor-version":[{"id":1685,"href":"https:\/\/www.umpalai.it\/de\/wp-json\/wp\/v2\/posts\/770\/revisions\/1685"}],"wp:featuredmedia":[{"embeddable":true,"href":"https:\/\/www.umpalai.it\/de\/wp-json\/wp\/v2\/media\/1082"}],"wp:attachment":[{"href":"https:\/\/www.umpalai.it\/de\/wp-json\/wp\/v2\/media?parent=770"}],"wp:term":[{"taxonomy":"category","embeddable":true,"href":"https:\/\/www.umpalai.it\/de\/wp-json\/wp\/v2\/categories?post=770"},{"taxonomy":"post_tag","embeddable":true,"href":"https:\/\/www.umpalai.it\/de\/wp-json\/wp\/v2\/tags?post=770"}],"curies":[{"name":"wp","href":"https:\/\/api.w.org\/{rel}","templated":true}]}}