{"id":785,"date":"2024-04-15T15:55:15","date_gmt":"2024-04-15T15:55:15","guid":{"rendered":"https:\/news\/hotel-rosa-alpina\/"},"modified":"2025-03-13T13:38:23","modified_gmt":"2025-03-13T13:38:23","slug":"hotel-rosa-alpina","status":"publish","type":"post","link":"https:\/\/www.umpalai.it\/de\/wo-man-essen-kann\/hotel-rosa-alpina\/","title":{"rendered":"Hotel Rosa Alpina"},"content":{"rendered":"\n<div class=\"wp-block-columns blocco-testo-immagine is-layout-flex wp-container-core-columns-is-layout-9d6595d7 wp-block-columns-is-layout-flex\">\n<div class=\"wp-block-column is-layout-flow wp-block-column-is-layout-flow\">\n<p>Im Zentrum von Pal\u00f9 del Fersina gelegen, ist das <strong>Hotel Rosa Alpina<\/strong> der perfekte Ort f\u00fcr einen Aufenthalt oder um einen Teller <strong>Burbiz-Kropfen<\/strong> zu genie\u00dfen.<\/p>\n\n\n\n<p>Mit seinen 14 komfortablen Zimmern empf\u00e4ngt das Hotel seine G\u00e4ste in einer warmen Atmosph\u00e4re mit hohem Komfort. Jedes Zimmer ist mit modernen Annehmlichkeiten ausgestattet und verf\u00fcgt \u00fcber private Balkone, die einen atemberaubenden Blick auf die umliegenden Gipfel bieten.<\/p>\n\n\n\n<p><strong>Renzo Lenzi<\/strong>, bekannt als <strong>Burbiz<\/strong>, f\u00fchrt zusammen mit seiner Familie das Hotelrestaurant, in dem die Kropfen hergestellt werden. Diese einzigartigen Tortelloni, die von Hand aus Wei\u00dfmehl und Roggenmehl hergestellt und mit einer Mischung aus verschiedenen K\u00e4sesorten, Lauch und Kohl gef\u00fcllt werden, sind eine kulinarische Spezialit\u00e4t der Region.<\/p>\n<\/div>\n\n\n\n<div class=\"wp-block-column is-layout-flow wp-block-column-is-layout-flow\">\n<figure class=\"wp-block-image size-full\"><img decoding=\"async\" width=\"1280\" height=\"720\" src=\"https:\/\/umpalai.it\/wp-content\/uploads\/2024\/04\/kropfen.jpeg\" alt=\"\" class=\"wp-image-524\" srcset=\"https:\/\/www.umpalai.it\/wp-content\/uploads\/2024\/04\/kropfen.jpeg 1280w, https:\/\/www.umpalai.it\/wp-content\/uploads\/2024\/04\/kropfen-300x169.jpeg 300w, https:\/\/www.umpalai.it\/wp-content\/uploads\/2024\/04\/kropfen-1024x576.jpeg 1024w, https:\/\/www.umpalai.it\/wp-content\/uploads\/2024\/04\/kropfen-768x432.jpeg 768w\" sizes=\"(max-width: 1280px) 100vw, 1280px\" \/><\/figure>\n<\/div>\n<\/div>\n\n\n\n<div class=\"wp-block-columns blocco-titolo-testo is-layout-flex wp-container-core-columns-is-layout-9d6595d7 wp-block-columns-is-layout-flex\">\n<div class=\"wp-block-column is-layout-flow wp-block-column-is-layout-flow\">\n<h2 class=\"wp-block-heading\"><strong>Buchen jetzt<\/strong><br>Rufen f\u00fcr Informationen<\/h2>\n<\/div>\n\n\n\n<div class=\"wp-block-column is-layout-flow wp-block-column-is-layout-flow\">\n<p>Wenn Sie ein Zimmer buchen, die K\u00f6stlichkeiten von Renzo und seiner Familie probieren oder Informationen anfordern m\u00f6chten, rufen Sie die Nummer <strong>3343438605<\/strong> an.<\/p>\n<\/div>\n<\/div>\n","protected":false},"excerpt":{"rendered":"<p>Im Zentrum von Pal\u00f9 del Fersina gelegen, ist das Hotel Rosa Alpina der perfekte Ort f\u00fcr einen Aufenthalt oder um einen Teller Burbiz-Kropfen zu genie\u00dfen. Mit seinen 14 komfortablen Zimmern empf\u00e4ngt das Hotel seine G\u00e4ste in einer warmen Atmosph\u00e4re mit hohem Komfort. Jedes Zimmer ist mit modernen Annehmlichkeiten ausgestattet und verf\u00fcgt \u00fcber private Balkone, die [&hellip;]<\/p>\n","protected":false},"author":1,"featured_media":1464,"comment_status":"closed","ping_status":"open","sticky":false,"template":"","format":"standard","meta":{"_acf_changed":false,"footnotes":""},"categories":[63,64],"tags":[],"class_list":["post-785","post","type-post","status-publish","format-standard","has-post-thumbnail","hentry","category-wo-man-essen-kann","category-wo-man-ubernachten-kann"],"acf":[],"yoast_head":"<!-- This site is optimized with the Yoast SEO plugin v27.5 - https:\/\/yoast.com\/product\/yoast-seo-wordpress\/ -->\n<title>Hotel Rosa Alpina - Um Palai<\/title>\n<meta name=\"description\" content=\"L&#039;Albero Ristorante Rosa Alpina, nel cuore di Pal\u00f9 del Fersina, \u00e8 il luogo perfetto per gustare il piatto tipico Burbiz-Kropfen.\" \/>\n<meta name=\"robots\" content=\"index, follow, max-snippet:-1, max-image-preview:large, max-video-preview:-1\" \/>\n<link rel=\"canonical\" href=\"https:\/\/www.umpalai.it\/de\/wo-man-essen-kann\/hotel-rosa-alpina\/\" \/>\n<meta property=\"og:locale\" content=\"de_DE\" \/>\n<meta property=\"og:type\" content=\"article\" \/>\n<meta property=\"og:title\" content=\"Hotel Rosa Alpina - Um Palai\" \/>\n<meta property=\"og:description\" content=\"L&#039;Albero Ristorante Rosa Alpina, nel cuore di Pal\u00f9 del Fersina, \u00e8 il luogo perfetto per gustare il piatto tipico Burbiz-Kropfen.\" \/>\n<meta property=\"og:url\" content=\"https:\/\/www.umpalai.it\/de\/wo-man-essen-kann\/hotel-rosa-alpina\/\" \/>\n<meta property=\"og:site_name\" content=\"Um Palai\" \/>\n<meta property=\"article:publisher\" content=\"https:\/\/www.facebook.com\/PaludelFersina\/\" \/>\n<meta property=\"article:published_time\" content=\"2024-04-15T15:55:15+00:00\" \/>\n<meta property=\"article:modified_time\" content=\"2025-03-13T13:38:23+00:00\" \/>\n<meta property=\"og:image\" content=\"https:\/\/www.umpalai.it\/wp-content\/uploads\/2024\/06\/IMG_1493.webp\" \/>\n\t<meta property=\"og:image:width\" content=\"2560\" \/>\n\t<meta property=\"og:image:height\" content=\"1440\" \/>\n\t<meta property=\"og:image:type\" content=\"image\/webp\" \/>\n<meta name=\"author\" content=\"Leveloop\" \/>\n<meta name=\"twitter:card\" content=\"summary_large_image\" \/>\n<meta name=\"twitter:label1\" content=\"Verfasst von\" \/>\n\t<meta name=\"twitter:data1\" content=\"Leveloop\" \/>\n\t<meta name=\"twitter:label2\" content=\"Gesch\u00e4tzte Lesezeit\" \/>\n\t<meta name=\"twitter:data2\" content=\"1\u00a0Minute\" \/>\n<script type=\"application\/ld+json\" class=\"yoast-schema-graph\">{\"@context\":\"https:\\\/\\\/schema.org\",\"@graph\":[{\"@type\":\"Article\",\"@id\":\"https:\\\/\\\/www.umpalai.it\\\/de\\\/wo-man-essen-kann\\\/hotel-rosa-alpina\\\/#article\",\"isPartOf\":{\"@id\":\"https:\\\/\\\/www.umpalai.it\\\/de\\\/wo-man-essen-kann\\\/hotel-rosa-alpina\\\/\"},\"author\":{\"name\":\"Leveloop\",\"@id\":\"https:\\\/\\\/www.umpalai.it\\\/de\\\/#\\\/schema\\\/person\\\/c4bb30f288911db2984cdac473ab9b88\"},\"headline\":\"Hotel Rosa Alpina\",\"datePublished\":\"2024-04-15T15:55:15+00:00\",\"dateModified\":\"2025-03-13T13:38:23+00:00\",\"mainEntityOfPage\":{\"@id\":\"https:\\\/\\\/www.umpalai.it\\\/de\\\/wo-man-essen-kann\\\/hotel-rosa-alpina\\\/\"},\"wordCount\":153,\"publisher\":{\"@id\":\"https:\\\/\\\/www.umpalai.it\\\/de\\\/#organization\"},\"image\":{\"@id\":\"https:\\\/\\\/www.umpalai.it\\\/de\\\/wo-man-essen-kann\\\/hotel-rosa-alpina\\\/#primaryimage\"},\"thumbnailUrl\":\"https:\\\/\\\/www.umpalai.it\\\/wp-content\\\/uploads\\\/2024\\\/06\\\/IMG_1493.webp\",\"articleSection\":[\"Wo man essen kann\",\"Wo man \u00fcbernachten kann\"],\"inLanguage\":\"de\"},{\"@type\":\"WebPage\",\"@id\":\"https:\\\/\\\/www.umpalai.it\\\/de\\\/wo-man-essen-kann\\\/hotel-rosa-alpina\\\/\",\"url\":\"https:\\\/\\\/www.umpalai.it\\\/de\\\/wo-man-essen-kann\\\/hotel-rosa-alpina\\\/\",\"name\":\"Hotel Rosa Alpina - Um Palai\",\"isPartOf\":{\"@id\":\"https:\\\/\\\/www.umpalai.it\\\/de\\\/#website\"},\"primaryImageOfPage\":{\"@id\":\"https:\\\/\\\/www.umpalai.it\\\/de\\\/wo-man-essen-kann\\\/hotel-rosa-alpina\\\/#primaryimage\"},\"image\":{\"@id\":\"https:\\\/\\\/www.umpalai.it\\\/de\\\/wo-man-essen-kann\\\/hotel-rosa-alpina\\\/#primaryimage\"},\"thumbnailUrl\":\"https:\\\/\\\/www.umpalai.it\\\/wp-content\\\/uploads\\\/2024\\\/06\\\/IMG_1493.webp\",\"datePublished\":\"2024-04-15T15:55:15+00:00\",\"dateModified\":\"2025-03-13T13:38:23+00:00\",\"description\":\"L'Albero Ristorante Rosa Alpina, nel cuore di Pal\u00f9 del Fersina, \u00e8 il luogo perfetto per gustare il piatto tipico Burbiz-Kropfen.\",\"breadcrumb\":{\"@id\":\"https:\\\/\\\/www.umpalai.it\\\/de\\\/wo-man-essen-kann\\\/hotel-rosa-alpina\\\/#breadcrumb\"},\"inLanguage\":\"de\",\"potentialAction\":[{\"@type\":\"ReadAction\",\"target\":[\"https:\\\/\\\/www.umpalai.it\\\/de\\\/wo-man-essen-kann\\\/hotel-rosa-alpina\\\/\"]}]},{\"@type\":\"ImageObject\",\"inLanguage\":\"de\",\"@id\":\"https:\\\/\\\/www.umpalai.it\\\/de\\\/wo-man-essen-kann\\\/hotel-rosa-alpina\\\/#primaryimage\",\"url\":\"https:\\\/\\\/www.umpalai.it\\\/wp-content\\\/uploads\\\/2024\\\/06\\\/IMG_1493.webp\",\"contentUrl\":\"https:\\\/\\\/www.umpalai.it\\\/wp-content\\\/uploads\\\/2024\\\/06\\\/IMG_1493.webp\",\"width\":2560,\"height\":1440,\"caption\":\"Hotel Rosa Alpina\"},{\"@type\":\"BreadcrumbList\",\"@id\":\"https:\\\/\\\/www.umpalai.it\\\/de\\\/wo-man-essen-kann\\\/hotel-rosa-alpina\\\/#breadcrumb\",\"itemListElement\":[{\"@type\":\"ListItem\",\"position\":1,\"name\":\"Home\",\"item\":\"https:\\\/\\\/www.umpalai.it\\\/de\\\/\"},{\"@type\":\"ListItem\",\"position\":2,\"name\":\"Hotel Rosa Alpina\"}]},{\"@type\":\"WebSite\",\"@id\":\"https:\\\/\\\/www.umpalai.it\\\/de\\\/#website\",\"url\":\"https:\\\/\\\/www.umpalai.it\\\/de\\\/\",\"name\":\"Pal\u00f9 del Fersina\",\"description\":\"Im Herzen des Fersental\",\"publisher\":{\"@id\":\"https:\\\/\\\/www.umpalai.it\\\/de\\\/#organization\"},\"potentialAction\":[{\"@type\":\"SearchAction\",\"target\":{\"@type\":\"EntryPoint\",\"urlTemplate\":\"https:\\\/\\\/www.umpalai.it\\\/de\\\/?s={search_term_string}\"},\"query-input\":{\"@type\":\"PropertyValueSpecification\",\"valueRequired\":true,\"valueName\":\"search_term_string\"}}],\"inLanguage\":\"de\"},{\"@type\":\"Organization\",\"@id\":\"https:\\\/\\\/www.umpalai.it\\\/de\\\/#organization\",\"name\":\"Pal\u00f9 del Fersina\",\"url\":\"https:\\\/\\\/www.umpalai.it\\\/de\\\/\",\"logo\":{\"@type\":\"ImageObject\",\"inLanguage\":\"de\",\"@id\":\"https:\\\/\\\/www.umpalai.it\\\/de\\\/#\\\/schema\\\/logo\\\/image\\\/\",\"url\":\"https:\\\/\\\/www.umpalai.it\\\/wp-content\\\/uploads\\\/2024\\\/04\\\/um-palai.png\",\"contentUrl\":\"https:\\\/\\\/www.umpalai.it\\\/wp-content\\\/uploads\\\/2024\\\/04\\\/um-palai.png\",\"width\":1211,\"height\":823,\"caption\":\"Pal\u00f9 del Fersina\"},\"image\":{\"@id\":\"https:\\\/\\\/www.umpalai.it\\\/de\\\/#\\\/schema\\\/logo\\\/image\\\/\"},\"sameAs\":[\"https:\\\/\\\/www.facebook.com\\\/PaludelFersina\\\/\"]},{\"@type\":\"Person\",\"@id\":\"https:\\\/\\\/www.umpalai.it\\\/de\\\/#\\\/schema\\\/person\\\/c4bb30f288911db2984cdac473ab9b88\",\"name\":\"Leveloop\",\"image\":{\"@type\":\"ImageObject\",\"inLanguage\":\"de\",\"@id\":\"https:\\\/\\\/secure.gravatar.com\\\/avatar\\\/133c970b7ee8e2c97707f8b51c7448c6a8709e26c293cf3c648efb8cca74ab87?s=96&d=mm&r=g\",\"url\":\"https:\\\/\\\/secure.gravatar.com\\\/avatar\\\/133c970b7ee8e2c97707f8b51c7448c6a8709e26c293cf3c648efb8cca74ab87?s=96&d=mm&r=g\",\"contentUrl\":\"https:\\\/\\\/secure.gravatar.com\\\/avatar\\\/133c970b7ee8e2c97707f8b51c7448c6a8709e26c293cf3c648efb8cca74ab87?s=96&d=mm&r=g\",\"caption\":\"Leveloop\"}}]}<\/script>\n<!-- \/ Yoast SEO plugin. -->","yoast_head_json":{"title":"Hotel Rosa Alpina - Um Palai","description":"L'Albero Ristorante Rosa Alpina, nel cuore di Pal\u00f9 del Fersina, \u00e8 il luogo perfetto per gustare il piatto tipico Burbiz-Kropfen.","robots":{"index":"index","follow":"follow","max-snippet":"max-snippet:-1","max-image-preview":"max-image-preview:large","max-video-preview":"max-video-preview:-1"},"canonical":"https:\/\/www.umpalai.it\/de\/wo-man-essen-kann\/hotel-rosa-alpina\/","og_locale":"de_DE","og_type":"article","og_title":"Hotel Rosa Alpina - Um Palai","og_description":"L'Albero Ristorante Rosa Alpina, nel cuore di Pal\u00f9 del Fersina, \u00e8 il luogo perfetto per gustare il piatto tipico Burbiz-Kropfen.","og_url":"https:\/\/www.umpalai.it\/de\/wo-man-essen-kann\/hotel-rosa-alpina\/","og_site_name":"Um Palai","article_publisher":"https:\/\/www.facebook.com\/PaludelFersina\/","article_published_time":"2024-04-15T15:55:15+00:00","article_modified_time":"2025-03-13T13:38:23+00:00","og_image":[{"width":2560,"height":1440,"url":"https:\/\/www.umpalai.it\/wp-content\/uploads\/2024\/06\/IMG_1493.webp","type":"image\/webp"}],"author":"Leveloop","twitter_card":"summary_large_image","twitter_misc":{"Verfasst von":"Leveloop","Gesch\u00e4tzte Lesezeit":"1\u00a0Minute"},"schema":{"@context":"https:\/\/schema.org","@graph":[{"@type":"Article","@id":"https:\/\/www.umpalai.it\/de\/wo-man-essen-kann\/hotel-rosa-alpina\/#article","isPartOf":{"@id":"https:\/\/www.umpalai.it\/de\/wo-man-essen-kann\/hotel-rosa-alpina\/"},"author":{"name":"Leveloop","@id":"https:\/\/www.umpalai.it\/de\/#\/schema\/person\/c4bb30f288911db2984cdac473ab9b88"},"headline":"Hotel Rosa Alpina","datePublished":"2024-04-15T15:55:15+00:00","dateModified":"2025-03-13T13:38:23+00:00","mainEntityOfPage":{"@id":"https:\/\/www.umpalai.it\/de\/wo-man-essen-kann\/hotel-rosa-alpina\/"},"wordCount":153,"publisher":{"@id":"https:\/\/www.umpalai.it\/de\/#organization"},"image":{"@id":"https:\/\/www.umpalai.it\/de\/wo-man-essen-kann\/hotel-rosa-alpina\/#primaryimage"},"thumbnailUrl":"https:\/\/www.umpalai.it\/wp-content\/uploads\/2024\/06\/IMG_1493.webp","articleSection":["Wo man essen kann","Wo man \u00fcbernachten kann"],"inLanguage":"de"},{"@type":"WebPage","@id":"https:\/\/www.umpalai.it\/de\/wo-man-essen-kann\/hotel-rosa-alpina\/","url":"https:\/\/www.umpalai.it\/de\/wo-man-essen-kann\/hotel-rosa-alpina\/","name":"Hotel Rosa Alpina - Um Palai","isPartOf":{"@id":"https:\/\/www.umpalai.it\/de\/#website"},"primaryImageOfPage":{"@id":"https:\/\/www.umpalai.it\/de\/wo-man-essen-kann\/hotel-rosa-alpina\/#primaryimage"},"image":{"@id":"https:\/\/www.umpalai.it\/de\/wo-man-essen-kann\/hotel-rosa-alpina\/#primaryimage"},"thumbnailUrl":"https:\/\/www.umpalai.it\/wp-content\/uploads\/2024\/06\/IMG_1493.webp","datePublished":"2024-04-15T15:55:15+00:00","dateModified":"2025-03-13T13:38:23+00:00","description":"L'Albero Ristorante Rosa Alpina, nel cuore di Pal\u00f9 del Fersina, \u00e8 il luogo perfetto per gustare il piatto tipico Burbiz-Kropfen.","breadcrumb":{"@id":"https:\/\/www.umpalai.it\/de\/wo-man-essen-kann\/hotel-rosa-alpina\/#breadcrumb"},"inLanguage":"de","potentialAction":[{"@type":"ReadAction","target":["https:\/\/www.umpalai.it\/de\/wo-man-essen-kann\/hotel-rosa-alpina\/"]}]},{"@type":"ImageObject","inLanguage":"de","@id":"https:\/\/www.umpalai.it\/de\/wo-man-essen-kann\/hotel-rosa-alpina\/#primaryimage","url":"https:\/\/www.umpalai.it\/wp-content\/uploads\/2024\/06\/IMG_1493.webp","contentUrl":"https:\/\/www.umpalai.it\/wp-content\/uploads\/2024\/06\/IMG_1493.webp","width":2560,"height":1440,"caption":"Hotel Rosa Alpina"},{"@type":"BreadcrumbList","@id":"https:\/\/www.umpalai.it\/de\/wo-man-essen-kann\/hotel-rosa-alpina\/#breadcrumb","itemListElement":[{"@type":"ListItem","position":1,"name":"Home","item":"https:\/\/www.umpalai.it\/de\/"},{"@type":"ListItem","position":2,"name":"Hotel Rosa Alpina"}]},{"@type":"WebSite","@id":"https:\/\/www.umpalai.it\/de\/#website","url":"https:\/\/www.umpalai.it\/de\/","name":"Pal\u00f9 del Fersina","description":"Im Herzen des Fersental","publisher":{"@id":"https:\/\/www.umpalai.it\/de\/#organization"},"potentialAction":[{"@type":"SearchAction","target":{"@type":"EntryPoint","urlTemplate":"https:\/\/www.umpalai.it\/de\/?s={search_term_string}"},"query-input":{"@type":"PropertyValueSpecification","valueRequired":true,"valueName":"search_term_string"}}],"inLanguage":"de"},{"@type":"Organization","@id":"https:\/\/www.umpalai.it\/de\/#organization","name":"Pal\u00f9 del Fersina","url":"https:\/\/www.umpalai.it\/de\/","logo":{"@type":"ImageObject","inLanguage":"de","@id":"https:\/\/www.umpalai.it\/de\/#\/schema\/logo\/image\/","url":"https:\/\/www.umpalai.it\/wp-content\/uploads\/2024\/04\/um-palai.png","contentUrl":"https:\/\/www.umpalai.it\/wp-content\/uploads\/2024\/04\/um-palai.png","width":1211,"height":823,"caption":"Pal\u00f9 del Fersina"},"image":{"@id":"https:\/\/www.umpalai.it\/de\/#\/schema\/logo\/image\/"},"sameAs":["https:\/\/www.facebook.com\/PaludelFersina\/"]},{"@type":"Person","@id":"https:\/\/www.umpalai.it\/de\/#\/schema\/person\/c4bb30f288911db2984cdac473ab9b88","name":"Leveloop","image":{"@type":"ImageObject","inLanguage":"de","@id":"https:\/\/secure.gravatar.com\/avatar\/133c970b7ee8e2c97707f8b51c7448c6a8709e26c293cf3c648efb8cca74ab87?s=96&d=mm&r=g","url":"https:\/\/secure.gravatar.com\/avatar\/133c970b7ee8e2c97707f8b51c7448c6a8709e26c293cf3c648efb8cca74ab87?s=96&d=mm&r=g","contentUrl":"https:\/\/secure.gravatar.com\/avatar\/133c970b7ee8e2c97707f8b51c7448c6a8709e26c293cf3c648efb8cca74ab87?s=96&d=mm&r=g","caption":"Leveloop"}}]}},"_links":{"self":[{"href":"https:\/\/www.umpalai.it\/de\/wp-json\/wp\/v2\/posts\/785","targetHints":{"allow":["GET"]}}],"collection":[{"href":"https:\/\/www.umpalai.it\/de\/wp-json\/wp\/v2\/posts"}],"about":[{"href":"https:\/\/www.umpalai.it\/de\/wp-json\/wp\/v2\/types\/post"}],"author":[{"embeddable":true,"href":"https:\/\/www.umpalai.it\/de\/wp-json\/wp\/v2\/users\/1"}],"replies":[{"embeddable":true,"href":"https:\/\/www.umpalai.it\/de\/wp-json\/wp\/v2\/comments?post=785"}],"version-history":[{"count":1,"href":"https:\/\/www.umpalai.it\/de\/wp-json\/wp\/v2\/posts\/785\/revisions"}],"predecessor-version":[{"id":2129,"href":"https:\/\/www.umpalai.it\/de\/wp-json\/wp\/v2\/posts\/785\/revisions\/2129"}],"wp:featuredmedia":[{"embeddable":true,"href":"https:\/\/www.umpalai.it\/de\/wp-json\/wp\/v2\/media\/1464"}],"wp:attachment":[{"href":"https:\/\/www.umpalai.it\/de\/wp-json\/wp\/v2\/media?parent=785"}],"wp:term":[{"taxonomy":"category","embeddable":true,"href":"https:\/\/www.umpalai.it\/de\/wp-json\/wp\/v2\/categories?post=785"},{"taxonomy":"post_tag","embeddable":true,"href":"https:\/\/www.umpalai.it\/de\/wp-json\/wp\/v2\/tags?post=785"}],"curies":[{"name":"wp","href":"https:\/\/api.w.org\/{rel}","templated":true}]}}