{"id":788,"date":"2024-04-11T21:09:29","date_gmt":"2024-04-11T21:09:29","guid":{"rendered":"https:\/news\/malga-cambroncoi\/"},"modified":"2024-06-06T15:08:34","modified_gmt":"2024-06-06T15:08:34","slug":"cambroncoi-alm","status":"publish","type":"post","link":"https:\/\/www.umpalai.it\/de\/reiserouten\/cambroncoi-alm\/","title":{"rendered":"Cambroncoi Alm"},"content":{"rendered":"\n<div class=\"wp-block-columns is-layout-flex wp-container-core-columns-is-layout-9d6595d7 wp-block-columns-is-layout-flex\">\n<div class=\"wp-block-column is-layout-flow wp-block-column-is-layout-flow\">\n<p>F\u00fcr einen angenehmen Spaziergang in der N\u00e4he von Pal\u00f9 del Fersina empfehlen wir, das Auto am <strong>Passo Redebus<\/strong> in der N\u00e4he des gleichnamigen Bars abzustellen und eine etwa einst\u00fcndige Wanderung im Wald zu beginnen, mit einem leichten Anstieg von etwa 250 Metern. Diese Route ist f\u00fcr Familien geeignet und kann auch mit einem sportlichen Kinderwagen begangen werden. Folgen Sie dem Waldweg, der zuerst an der <strong>Malga Pez<\/strong> vorbeif\u00fchrt und Sie dann bis zur <strong>Malga Cambroncoi<\/strong> auf 1701 Metern H\u00f6he bringt.<\/p>\n\n\n\n<p>In der Malga k\u00f6nnen Sie w\u00e4hrend der \u00d6ffnungszeiten gemischte Platten und typische Gerichte der trentinischen Tradition genie\u00dfen. Die Malga ist im Sommer t\u00e4glich ge\u00f6ffnet, w\u00e4hrend der Winterferien und haupts\u00e4chlich an Wochenenden im Laufe des Jahres. F\u00fcr weitere Informationen und Reservierungen k\u00f6nnen Sie die Nummer <strong>329 8016326<\/strong> kontaktieren.<\/p>\n\n\n\n<p>Von hier aus folgen Sie dem markierten <strong>E404-Weg<\/strong>, der in einen Anstieg \u00fcbergeht und die Malga rechts liegen l\u00e4sst. In etwa einer Stunde erreichen Sie den Gipfel des <strong>Dosso di Costalta<\/strong>.<\/p>\n\n\n\n<p>Auf dem R\u00fcckweg sollten Sie es nicht verpassen, eine der k\u00f6stlichen hausgemachten <strong>Torten<\/strong> von Lorenza im <strong>Bar Redebus<\/strong> zu probieren (Tel. <strong>0461 551263<\/strong>). Auch f\u00fcr ein schnelles Mittagessen sind die <strong>Platten mit Aufschnitt und K\u00e4se<\/strong> aus der Region hervorragend, begleitet vom traditionellen <strong>Kukeler<\/strong> (im Holzofen gebackenes Brot) oder s\u00fc\u00dfen und herzhaften <strong>Crepes<\/strong>.<\/p>\n\n\n\n<p>Bereiten Sie sich auf einen angenehmen Tag im Freien vor und genie\u00dfen Sie die lokalen Spezialit\u00e4ten w\u00e4hrend dieses einfachen und angenehmen Spaziergangs.<\/p>\n\n\n\n<figure class=\"wp-block-image size-large\"><img decoding=\"async\" width=\"1024\" height=\"576\" src=\"http:\/\/umpalai.it\/wp-content\/uploads\/2024\/04\/IMG_1548-1024x576.webp\" alt=\"\" class=\"wp-image-1562\" srcset=\"https:\/\/www.umpalai.it\/wp-content\/uploads\/2024\/04\/IMG_1548-1024x576.webp 1024w, https:\/\/www.umpalai.it\/wp-content\/uploads\/2024\/04\/IMG_1548-300x169.webp 300w, https:\/\/www.umpalai.it\/wp-content\/uploads\/2024\/04\/IMG_1548-768x432.webp 768w, https:\/\/www.umpalai.it\/wp-content\/uploads\/2024\/04\/IMG_1548-1536x864.webp 1536w, https:\/\/www.umpalai.it\/wp-content\/uploads\/2024\/04\/IMG_1548-2048x1152.webp 2048w\" sizes=\"(max-width: 1024px) 100vw, 1024px\" \/><\/figure>\n<\/div>\n<\/div>\n","protected":false},"excerpt":{"rendered":"<p>F\u00fcr einen angenehmen Spaziergang in der N\u00e4he von Pal\u00f9 del Fersina empfehlen wir, das Auto am Passo Redebus in der N\u00e4he des gleichnamigen Bars abzustellen und eine etwa einst\u00fcndige Wanderung im Wald zu beginnen, mit einem leichten Anstieg von etwa 250 Metern. Diese Route ist f\u00fcr Familien geeignet und kann auch mit einem sportlichen Kinderwagen [&hellip;]<\/p>\n","protected":false},"author":1,"featured_media":1558,"comment_status":"closed","ping_status":"open","sticky":false,"template":"","format":"standard","meta":{"_acf_changed":false,"footnotes":""},"categories":[70],"tags":[],"class_list":["post-788","post","type-post","status-publish","format-standard","has-post-thumbnail","hentry","category-reiserouten"],"acf":[],"yoast_head":"<!-- This site is optimized with the Yoast SEO plugin v27.5 - https:\/\/yoast.com\/product\/yoast-seo-wordpress\/ -->\n<title>Cambroncoi Alm - Um Palai<\/title>\n<meta name=\"description\" content=\"Per una piacevole passeggiata nelle vicinanze di Pal\u00f9 del Fersina, vi consigliamo di lasciare l&#039;auto al Passo Redebus, vicino al bar omonimo, e iniziare un&#039;escursione di circa un&#039;ora nel bosco, con una leggera salita di circa 250 metri di dislivello. Questo itinerario \u00e8 adatto alle famiglie e pu\u00f2 essere percorso anche con un passeggino sportivo. Seguite la strada forestale che passa prima dalla Malga Pez e poi vi condurr\u00e0 fino alla Malga Cambroncoi, situata a quota 1701 metri.\" \/>\n<meta name=\"robots\" content=\"index, follow, max-snippet:-1, max-image-preview:large, max-video-preview:-1\" \/>\n<link rel=\"canonical\" href=\"https:\/\/www.umpalai.it\/de\/reiserouten\/cambroncoi-alm\/\" \/>\n<meta property=\"og:locale\" content=\"de_DE\" \/>\n<meta property=\"og:type\" content=\"article\" \/>\n<meta property=\"og:title\" content=\"Cambroncoi Alm - Um Palai\" \/>\n<meta property=\"og:description\" content=\"Per una piacevole passeggiata nelle vicinanze di Pal\u00f9 del Fersina, vi consigliamo di lasciare l&#039;auto al Passo Redebus, vicino al bar omonimo, e iniziare un&#039;escursione di circa un&#039;ora nel bosco, con una leggera salita di circa 250 metri di dislivello. Questo itinerario \u00e8 adatto alle famiglie e pu\u00f2 essere percorso anche con un passeggino sportivo. Seguite la strada forestale che passa prima dalla Malga Pez e poi vi condurr\u00e0 fino alla Malga Cambroncoi, situata a quota 1701 metri.\" \/>\n<meta property=\"og:url\" content=\"https:\/\/www.umpalai.it\/de\/reiserouten\/cambroncoi-alm\/\" \/>\n<meta property=\"og:site_name\" content=\"Um Palai\" \/>\n<meta property=\"article:publisher\" content=\"https:\/\/www.facebook.com\/PaludelFersina\/\" \/>\n<meta property=\"article:published_time\" content=\"2024-04-11T21:09:29+00:00\" \/>\n<meta property=\"article:modified_time\" content=\"2024-06-06T15:08:34+00:00\" \/>\n<meta property=\"og:image\" content=\"https:\/\/www.umpalai.it\/wp-content\/uploads\/2024\/04\/IMG_1543.webp\" \/>\n\t<meta property=\"og:image:width\" content=\"2560\" \/>\n\t<meta property=\"og:image:height\" content=\"1440\" \/>\n\t<meta property=\"og:image:type\" content=\"image\/webp\" \/>\n<meta name=\"author\" content=\"Leveloop\" \/>\n<meta name=\"twitter:card\" content=\"summary_large_image\" \/>\n<meta name=\"twitter:label1\" content=\"Verfasst von\" \/>\n\t<meta name=\"twitter:data1\" content=\"Leveloop\" \/>\n\t<meta name=\"twitter:label2\" content=\"Gesch\u00e4tzte Lesezeit\" \/>\n\t<meta name=\"twitter:data2\" content=\"2\u00a0Minuten\" \/>\n<script type=\"application\/ld+json\" class=\"yoast-schema-graph\">{\"@context\":\"https:\\\/\\\/schema.org\",\"@graph\":[{\"@type\":\"Article\",\"@id\":\"https:\\\/\\\/www.umpalai.it\\\/de\\\/reiserouten\\\/cambroncoi-alm\\\/#article\",\"isPartOf\":{\"@id\":\"https:\\\/\\\/www.umpalai.it\\\/de\\\/reiserouten\\\/cambroncoi-alm\\\/\"},\"author\":{\"name\":\"Leveloop\",\"@id\":\"https:\\\/\\\/www.umpalai.it\\\/de\\\/#\\\/schema\\\/person\\\/c4bb30f288911db2984cdac473ab9b88\"},\"headline\":\"Cambroncoi Alm\",\"datePublished\":\"2024-04-11T21:09:29+00:00\",\"dateModified\":\"2024-06-06T15:08:34+00:00\",\"mainEntityOfPage\":{\"@id\":\"https:\\\/\\\/www.umpalai.it\\\/de\\\/reiserouten\\\/cambroncoi-alm\\\/\"},\"wordCount\":254,\"publisher\":{\"@id\":\"https:\\\/\\\/www.umpalai.it\\\/de\\\/#organization\"},\"image\":{\"@id\":\"https:\\\/\\\/www.umpalai.it\\\/de\\\/reiserouten\\\/cambroncoi-alm\\\/#primaryimage\"},\"thumbnailUrl\":\"https:\\\/\\\/www.umpalai.it\\\/wp-content\\\/uploads\\\/2024\\\/04\\\/IMG_1543.webp\",\"articleSection\":[\"Reiserouten\"],\"inLanguage\":\"de\"},{\"@type\":\"WebPage\",\"@id\":\"https:\\\/\\\/www.umpalai.it\\\/de\\\/reiserouten\\\/cambroncoi-alm\\\/\",\"url\":\"https:\\\/\\\/www.umpalai.it\\\/de\\\/reiserouten\\\/cambroncoi-alm\\\/\",\"name\":\"Cambroncoi Alm - Um Palai\",\"isPartOf\":{\"@id\":\"https:\\\/\\\/www.umpalai.it\\\/de\\\/#website\"},\"primaryImageOfPage\":{\"@id\":\"https:\\\/\\\/www.umpalai.it\\\/de\\\/reiserouten\\\/cambroncoi-alm\\\/#primaryimage\"},\"image\":{\"@id\":\"https:\\\/\\\/www.umpalai.it\\\/de\\\/reiserouten\\\/cambroncoi-alm\\\/#primaryimage\"},\"thumbnailUrl\":\"https:\\\/\\\/www.umpalai.it\\\/wp-content\\\/uploads\\\/2024\\\/04\\\/IMG_1543.webp\",\"datePublished\":\"2024-04-11T21:09:29+00:00\",\"dateModified\":\"2024-06-06T15:08:34+00:00\",\"description\":\"Per una piacevole passeggiata nelle vicinanze di Pal\u00f9 del Fersina, vi consigliamo di lasciare l'auto al Passo Redebus, vicino al bar omonimo, e iniziare un'escursione di circa un'ora nel bosco, con una leggera salita di circa 250 metri di dislivello. Questo itinerario \u00e8 adatto alle famiglie e pu\u00f2 essere percorso anche con un passeggino sportivo. Seguite la strada forestale che passa prima dalla Malga Pez e poi vi condurr\u00e0 fino alla Malga Cambroncoi, situata a quota 1701 metri.\",\"breadcrumb\":{\"@id\":\"https:\\\/\\\/www.umpalai.it\\\/de\\\/reiserouten\\\/cambroncoi-alm\\\/#breadcrumb\"},\"inLanguage\":\"de\",\"potentialAction\":[{\"@type\":\"ReadAction\",\"target\":[\"https:\\\/\\\/www.umpalai.it\\\/de\\\/reiserouten\\\/cambroncoi-alm\\\/\"]}]},{\"@type\":\"ImageObject\",\"inLanguage\":\"de\",\"@id\":\"https:\\\/\\\/www.umpalai.it\\\/de\\\/reiserouten\\\/cambroncoi-alm\\\/#primaryimage\",\"url\":\"https:\\\/\\\/www.umpalai.it\\\/wp-content\\\/uploads\\\/2024\\\/04\\\/IMG_1543.webp\",\"contentUrl\":\"https:\\\/\\\/www.umpalai.it\\\/wp-content\\\/uploads\\\/2024\\\/04\\\/IMG_1543.webp\",\"width\":2560,\"height\":1440,\"caption\":\"Passo Redebus\"},{\"@type\":\"BreadcrumbList\",\"@id\":\"https:\\\/\\\/www.umpalai.it\\\/de\\\/reiserouten\\\/cambroncoi-alm\\\/#breadcrumb\",\"itemListElement\":[{\"@type\":\"ListItem\",\"position\":1,\"name\":\"Home\",\"item\":\"https:\\\/\\\/www.umpalai.it\\\/de\\\/\"},{\"@type\":\"ListItem\",\"position\":2,\"name\":\"Cambroncoi Alm\"}]},{\"@type\":\"WebSite\",\"@id\":\"https:\\\/\\\/www.umpalai.it\\\/de\\\/#website\",\"url\":\"https:\\\/\\\/www.umpalai.it\\\/de\\\/\",\"name\":\"Pal\u00f9 del Fersina\",\"description\":\"Im Herzen des Fersental\",\"publisher\":{\"@id\":\"https:\\\/\\\/www.umpalai.it\\\/de\\\/#organization\"},\"potentialAction\":[{\"@type\":\"SearchAction\",\"target\":{\"@type\":\"EntryPoint\",\"urlTemplate\":\"https:\\\/\\\/www.umpalai.it\\\/de\\\/?s={search_term_string}\"},\"query-input\":{\"@type\":\"PropertyValueSpecification\",\"valueRequired\":true,\"valueName\":\"search_term_string\"}}],\"inLanguage\":\"de\"},{\"@type\":\"Organization\",\"@id\":\"https:\\\/\\\/www.umpalai.it\\\/de\\\/#organization\",\"name\":\"Pal\u00f9 del Fersina\",\"url\":\"https:\\\/\\\/www.umpalai.it\\\/de\\\/\",\"logo\":{\"@type\":\"ImageObject\",\"inLanguage\":\"de\",\"@id\":\"https:\\\/\\\/www.umpalai.it\\\/de\\\/#\\\/schema\\\/logo\\\/image\\\/\",\"url\":\"https:\\\/\\\/www.umpalai.it\\\/wp-content\\\/uploads\\\/2024\\\/04\\\/um-palai.png\",\"contentUrl\":\"https:\\\/\\\/www.umpalai.it\\\/wp-content\\\/uploads\\\/2024\\\/04\\\/um-palai.png\",\"width\":1211,\"height\":823,\"caption\":\"Pal\u00f9 del Fersina\"},\"image\":{\"@id\":\"https:\\\/\\\/www.umpalai.it\\\/de\\\/#\\\/schema\\\/logo\\\/image\\\/\"},\"sameAs\":[\"https:\\\/\\\/www.facebook.com\\\/PaludelFersina\\\/\"]},{\"@type\":\"Person\",\"@id\":\"https:\\\/\\\/www.umpalai.it\\\/de\\\/#\\\/schema\\\/person\\\/c4bb30f288911db2984cdac473ab9b88\",\"name\":\"Leveloop\",\"image\":{\"@type\":\"ImageObject\",\"inLanguage\":\"de\",\"@id\":\"https:\\\/\\\/secure.gravatar.com\\\/avatar\\\/133c970b7ee8e2c97707f8b51c7448c6a8709e26c293cf3c648efb8cca74ab87?s=96&d=mm&r=g\",\"url\":\"https:\\\/\\\/secure.gravatar.com\\\/avatar\\\/133c970b7ee8e2c97707f8b51c7448c6a8709e26c293cf3c648efb8cca74ab87?s=96&d=mm&r=g\",\"contentUrl\":\"https:\\\/\\\/secure.gravatar.com\\\/avatar\\\/133c970b7ee8e2c97707f8b51c7448c6a8709e26c293cf3c648efb8cca74ab87?s=96&d=mm&r=g\",\"caption\":\"Leveloop\"}}]}<\/script>\n<!-- \/ Yoast SEO plugin. -->","yoast_head_json":{"title":"Cambroncoi Alm - Um Palai","description":"Per una piacevole passeggiata nelle vicinanze di Pal\u00f9 del Fersina, vi consigliamo di lasciare l'auto al Passo Redebus, vicino al bar omonimo, e iniziare un'escursione di circa un'ora nel bosco, con una leggera salita di circa 250 metri di dislivello. Questo itinerario \u00e8 adatto alle famiglie e pu\u00f2 essere percorso anche con un passeggino sportivo. Seguite la strada forestale che passa prima dalla Malga Pez e poi vi condurr\u00e0 fino alla Malga Cambroncoi, situata a quota 1701 metri.","robots":{"index":"index","follow":"follow","max-snippet":"max-snippet:-1","max-image-preview":"max-image-preview:large","max-video-preview":"max-video-preview:-1"},"canonical":"https:\/\/www.umpalai.it\/de\/reiserouten\/cambroncoi-alm\/","og_locale":"de_DE","og_type":"article","og_title":"Cambroncoi Alm - Um Palai","og_description":"Per una piacevole passeggiata nelle vicinanze di Pal\u00f9 del Fersina, vi consigliamo di lasciare l'auto al Passo Redebus, vicino al bar omonimo, e iniziare un'escursione di circa un'ora nel bosco, con una leggera salita di circa 250 metri di dislivello. Questo itinerario \u00e8 adatto alle famiglie e pu\u00f2 essere percorso anche con un passeggino sportivo. Seguite la strada forestale che passa prima dalla Malga Pez e poi vi condurr\u00e0 fino alla Malga Cambroncoi, situata a quota 1701 metri.","og_url":"https:\/\/www.umpalai.it\/de\/reiserouten\/cambroncoi-alm\/","og_site_name":"Um Palai","article_publisher":"https:\/\/www.facebook.com\/PaludelFersina\/","article_published_time":"2024-04-11T21:09:29+00:00","article_modified_time":"2024-06-06T15:08:34+00:00","og_image":[{"width":2560,"height":1440,"url":"https:\/\/www.umpalai.it\/wp-content\/uploads\/2024\/04\/IMG_1543.webp","type":"image\/webp"}],"author":"Leveloop","twitter_card":"summary_large_image","twitter_misc":{"Verfasst von":"Leveloop","Gesch\u00e4tzte Lesezeit":"2\u00a0Minuten"},"schema":{"@context":"https:\/\/schema.org","@graph":[{"@type":"Article","@id":"https:\/\/www.umpalai.it\/de\/reiserouten\/cambroncoi-alm\/#article","isPartOf":{"@id":"https:\/\/www.umpalai.it\/de\/reiserouten\/cambroncoi-alm\/"},"author":{"name":"Leveloop","@id":"https:\/\/www.umpalai.it\/de\/#\/schema\/person\/c4bb30f288911db2984cdac473ab9b88"},"headline":"Cambroncoi Alm","datePublished":"2024-04-11T21:09:29+00:00","dateModified":"2024-06-06T15:08:34+00:00","mainEntityOfPage":{"@id":"https:\/\/www.umpalai.it\/de\/reiserouten\/cambroncoi-alm\/"},"wordCount":254,"publisher":{"@id":"https:\/\/www.umpalai.it\/de\/#organization"},"image":{"@id":"https:\/\/www.umpalai.it\/de\/reiserouten\/cambroncoi-alm\/#primaryimage"},"thumbnailUrl":"https:\/\/www.umpalai.it\/wp-content\/uploads\/2024\/04\/IMG_1543.webp","articleSection":["Reiserouten"],"inLanguage":"de"},{"@type":"WebPage","@id":"https:\/\/www.umpalai.it\/de\/reiserouten\/cambroncoi-alm\/","url":"https:\/\/www.umpalai.it\/de\/reiserouten\/cambroncoi-alm\/","name":"Cambroncoi Alm - Um Palai","isPartOf":{"@id":"https:\/\/www.umpalai.it\/de\/#website"},"primaryImageOfPage":{"@id":"https:\/\/www.umpalai.it\/de\/reiserouten\/cambroncoi-alm\/#primaryimage"},"image":{"@id":"https:\/\/www.umpalai.it\/de\/reiserouten\/cambroncoi-alm\/#primaryimage"},"thumbnailUrl":"https:\/\/www.umpalai.it\/wp-content\/uploads\/2024\/04\/IMG_1543.webp","datePublished":"2024-04-11T21:09:29+00:00","dateModified":"2024-06-06T15:08:34+00:00","description":"Per una piacevole passeggiata nelle vicinanze di Pal\u00f9 del Fersina, vi consigliamo di lasciare l'auto al Passo Redebus, vicino al bar omonimo, e iniziare un'escursione di circa un'ora nel bosco, con una leggera salita di circa 250 metri di dislivello. Questo itinerario \u00e8 adatto alle famiglie e pu\u00f2 essere percorso anche con un passeggino sportivo. Seguite la strada forestale che passa prima dalla Malga Pez e poi vi condurr\u00e0 fino alla Malga Cambroncoi, situata a quota 1701 metri.","breadcrumb":{"@id":"https:\/\/www.umpalai.it\/de\/reiserouten\/cambroncoi-alm\/#breadcrumb"},"inLanguage":"de","potentialAction":[{"@type":"ReadAction","target":["https:\/\/www.umpalai.it\/de\/reiserouten\/cambroncoi-alm\/"]}]},{"@type":"ImageObject","inLanguage":"de","@id":"https:\/\/www.umpalai.it\/de\/reiserouten\/cambroncoi-alm\/#primaryimage","url":"https:\/\/www.umpalai.it\/wp-content\/uploads\/2024\/04\/IMG_1543.webp","contentUrl":"https:\/\/www.umpalai.it\/wp-content\/uploads\/2024\/04\/IMG_1543.webp","width":2560,"height":1440,"caption":"Passo Redebus"},{"@type":"BreadcrumbList","@id":"https:\/\/www.umpalai.it\/de\/reiserouten\/cambroncoi-alm\/#breadcrumb","itemListElement":[{"@type":"ListItem","position":1,"name":"Home","item":"https:\/\/www.umpalai.it\/de\/"},{"@type":"ListItem","position":2,"name":"Cambroncoi Alm"}]},{"@type":"WebSite","@id":"https:\/\/www.umpalai.it\/de\/#website","url":"https:\/\/www.umpalai.it\/de\/","name":"Pal\u00f9 del Fersina","description":"Im Herzen des Fersental","publisher":{"@id":"https:\/\/www.umpalai.it\/de\/#organization"},"potentialAction":[{"@type":"SearchAction","target":{"@type":"EntryPoint","urlTemplate":"https:\/\/www.umpalai.it\/de\/?s={search_term_string}"},"query-input":{"@type":"PropertyValueSpecification","valueRequired":true,"valueName":"search_term_string"}}],"inLanguage":"de"},{"@type":"Organization","@id":"https:\/\/www.umpalai.it\/de\/#organization","name":"Pal\u00f9 del Fersina","url":"https:\/\/www.umpalai.it\/de\/","logo":{"@type":"ImageObject","inLanguage":"de","@id":"https:\/\/www.umpalai.it\/de\/#\/schema\/logo\/image\/","url":"https:\/\/www.umpalai.it\/wp-content\/uploads\/2024\/04\/um-palai.png","contentUrl":"https:\/\/www.umpalai.it\/wp-content\/uploads\/2024\/04\/um-palai.png","width":1211,"height":823,"caption":"Pal\u00f9 del Fersina"},"image":{"@id":"https:\/\/www.umpalai.it\/de\/#\/schema\/logo\/image\/"},"sameAs":["https:\/\/www.facebook.com\/PaludelFersina\/"]},{"@type":"Person","@id":"https:\/\/www.umpalai.it\/de\/#\/schema\/person\/c4bb30f288911db2984cdac473ab9b88","name":"Leveloop","image":{"@type":"ImageObject","inLanguage":"de","@id":"https:\/\/secure.gravatar.com\/avatar\/133c970b7ee8e2c97707f8b51c7448c6a8709e26c293cf3c648efb8cca74ab87?s=96&d=mm&r=g","url":"https:\/\/secure.gravatar.com\/avatar\/133c970b7ee8e2c97707f8b51c7448c6a8709e26c293cf3c648efb8cca74ab87?s=96&d=mm&r=g","contentUrl":"https:\/\/secure.gravatar.com\/avatar\/133c970b7ee8e2c97707f8b51c7448c6a8709e26c293cf3c648efb8cca74ab87?s=96&d=mm&r=g","caption":"Leveloop"}}]}},"_links":{"self":[{"href":"https:\/\/www.umpalai.it\/de\/wp-json\/wp\/v2\/posts\/788","targetHints":{"allow":["GET"]}}],"collection":[{"href":"https:\/\/www.umpalai.it\/de\/wp-json\/wp\/v2\/posts"}],"about":[{"href":"https:\/\/www.umpalai.it\/de\/wp-json\/wp\/v2\/types\/post"}],"author":[{"embeddable":true,"href":"https:\/\/www.umpalai.it\/de\/wp-json\/wp\/v2\/users\/1"}],"replies":[{"embeddable":true,"href":"https:\/\/www.umpalai.it\/de\/wp-json\/wp\/v2\/comments?post=788"}],"version-history":[{"count":1,"href":"https:\/\/www.umpalai.it\/de\/wp-json\/wp\/v2\/posts\/788\/revisions"}],"predecessor-version":[{"id":1582,"href":"https:\/\/www.umpalai.it\/de\/wp-json\/wp\/v2\/posts\/788\/revisions\/1582"}],"wp:featuredmedia":[{"embeddable":true,"href":"https:\/\/www.umpalai.it\/de\/wp-json\/wp\/v2\/media\/1558"}],"wp:attachment":[{"href":"https:\/\/www.umpalai.it\/de\/wp-json\/wp\/v2\/media?parent=788"}],"wp:term":[{"taxonomy":"category","embeddable":true,"href":"https:\/\/www.umpalai.it\/de\/wp-json\/wp\/v2\/categories?post=788"},{"taxonomy":"post_tag","embeddable":true,"href":"https:\/\/www.umpalai.it\/de\/wp-json\/wp\/v2\/tags?post=788"}],"curies":[{"name":"wp","href":"https:\/\/api.w.org\/{rel}","templated":true}]}}