{"id":794,"date":"2024-04-11T20:59:00","date_gmt":"2024-04-11T20:59:00","guid":{"rendered":"https:\/news\/passo-redebus\/"},"modified":"2024-06-06T15:07:29","modified_gmt":"2024-06-06T15:07:29","slug":"redebus-pass","status":"publish","type":"post","link":"https:\/\/www.umpalai.it\/de\/reiserouten\/redebus-pass\/","title":{"rendered":"Redebus Pass"},"content":{"rendered":"\n<div class=\"wp-block-columns is-layout-flex wp-container-core-columns-is-layout-9d6595d7 wp-block-columns-is-layout-flex\">\n<div class=\"wp-block-column is-layout-flow wp-block-column-is-layout-flow\">\n<p>F\u00fcr einen angenehmen Spaziergang, der Ihnen die M\u00f6glichkeit gibt, gro\u00dfartige Ausblicke auf das Mocheni-Tal und den Lagorai sowie traditionelle und charakteristische Bergh\u00fctten zu bewundern, empfehlen wir eine Route, die am <strong>Passo del Redebus<\/strong> beginnt und zum <strong>Agritur Scalzerhof<\/strong> f\u00fchrt oder umgekehrt. Dies ist eine ausgezeichnete Option, wenn Sie nicht den ganzen Tag zur Verf\u00fcgung haben und keine Wanderungen mit anspruchsvollen H\u00f6henunterschieden unternehmen m\u00f6chten.<\/p>\n\n\n\n<p>Der Ausgangspunkt befindet sich auf der linken Seite, nur wenige Dutzend Meter nach dem Passo Redebus, direkt gegen\u00fcber den Schildern zur <strong>Malga Cambroncoi<\/strong>. Die Wanderung verl\u00e4uft vollst\u00e4ndig auf einem Waldweg, der Abschnitte durch Laub- und L\u00e4rchenw\u00e4lder mit Wiesen und beeindruckenden Ausblicken abwechselt.<\/p>\n\n\n\n<p>Folgen Sie den Schildern zum <strong>Agritur Scalzerhof<\/strong> und Sie gelangen an eine Gabelung, an der ein landschaftlich reizvoller Abstieg beginnt, der Sie bis nach <strong>Fikareim<\/strong> f\u00fchrt. Wenn Sie die Kapelle erreichen, nehmen Sie den Weg auf der linken Seite, der Sie zwischen H\u00fctten und einzigartigen Panoramen bis zur Ortschaft <strong>Tassainer<\/strong> bringt.<\/p>\n\n\n\n<p>Hier, nur wenige Schritte von der Quelle entfernt, k\u00f6nnen Sie einen wundersch\u00f6nen k\u00fcnstlerisch-nat\u00fcrlichen Ausblick bewundern. In etwa 5 Minuten von Tassainer erreichen Sie den Agritur Scalzerhof, der 5 Zimmer und zwei Apartments anbietet und das Fr\u00fchst\u00fcck serviert.<\/p>\n\n\n\n<p>Wenn Sie die Wanderung am Agritur Scalzerhof beginnen m\u00f6chten, k\u00f6nnen Sie Ihr Auto auf dem kostenpflichtigen Parkplatz in <strong>Frotten\/Vrotten<\/strong> abstellen (1 \u20ac pro Stunde; 6 \u20ac f\u00fcr den ganzen Tag), von wo auch Wanderungen zum Lago di Erdemolo und der gleichnamigen Mine starten.<\/p>\n\n\n\n<figure class=\"wp-block-image size-large\"><img decoding=\"async\" width=\"1024\" height=\"576\" src=\"http:\/\/umpalai.it\/wp-content\/uploads\/2024\/04\/IMG_1555-1024x576.webp\" alt=\"\" class=\"wp-image-1570\" srcset=\"https:\/\/www.umpalai.it\/wp-content\/uploads\/2024\/04\/IMG_1555-1024x576.webp 1024w, https:\/\/www.umpalai.it\/wp-content\/uploads\/2024\/04\/IMG_1555-300x169.webp 300w, https:\/\/www.umpalai.it\/wp-content\/uploads\/2024\/04\/IMG_1555-768x432.webp 768w, https:\/\/www.umpalai.it\/wp-content\/uploads\/2024\/04\/IMG_1555-1536x864.webp 1536w, https:\/\/www.umpalai.it\/wp-content\/uploads\/2024\/04\/IMG_1555-2048x1152.webp 2048w\" sizes=\"(max-width: 1024px) 100vw, 1024px\" \/><\/figure>\n<\/div>\n<\/div>\n","protected":false},"excerpt":{"rendered":"<p>F\u00fcr einen angenehmen Spaziergang, der Ihnen die M\u00f6glichkeit gibt, gro\u00dfartige Ausblicke auf das Mocheni-Tal und den Lagorai sowie traditionelle und charakteristische Bergh\u00fctten zu bewundern, empfehlen wir eine Route, die am Passo del Redebus beginnt und zum Agritur Scalzerhof f\u00fchrt oder umgekehrt. Dies ist eine ausgezeichnete Option, wenn Sie nicht den ganzen Tag zur Verf\u00fcgung haben [&hellip;]<\/p>\n","protected":false},"author":1,"featured_media":1566,"comment_status":"closed","ping_status":"open","sticky":false,"template":"","format":"standard","meta":{"_acf_changed":false,"footnotes":""},"categories":[70],"tags":[],"class_list":["post-794","post","type-post","status-publish","format-standard","has-post-thumbnail","hentry","category-reiserouten"],"acf":[],"yoast_head":"<!-- This site is optimized with the Yoast SEO plugin v27.5 - https:\/\/yoast.com\/product\/yoast-seo-wordpress\/ -->\n<title>Redebus Pass - Um Palai<\/title>\n<meta name=\"description\" content=\"Per una piacevole passeggiata che vi consentir\u00e0 di ammirare splendidi scorci sulla valle dei Mocheni e sul Lagorai, oltre alle tradizionali e caratteristiche baite di montagna, vi consigliamo l&#039;itinerario che parte dal Passo del Redebus e si snoda fino all&#039;Agritur Scalzerhof, o viceversa. Questa \u00e8 un&#039;ottima opzione se non avete a disposizione tutta la giornata e non volete affrontare escursioni con dislivelli impegnativi.\" \/>\n<meta name=\"robots\" content=\"index, follow, max-snippet:-1, max-image-preview:large, max-video-preview:-1\" \/>\n<link rel=\"canonical\" href=\"https:\/\/www.umpalai.it\/de\/reiserouten\/redebus-pass\/\" \/>\n<meta property=\"og:locale\" content=\"de_DE\" \/>\n<meta property=\"og:type\" content=\"article\" \/>\n<meta property=\"og:title\" content=\"Redebus Pass - Um Palai\" \/>\n<meta property=\"og:description\" content=\"Per una piacevole passeggiata che vi consentir\u00e0 di ammirare splendidi scorci sulla valle dei Mocheni e sul Lagorai, oltre alle tradizionali e caratteristiche baite di montagna, vi consigliamo l&#039;itinerario che parte dal Passo del Redebus e si snoda fino all&#039;Agritur Scalzerhof, o viceversa. Questa \u00e8 un&#039;ottima opzione se non avete a disposizione tutta la giornata e non volete affrontare escursioni con dislivelli impegnativi.\" \/>\n<meta property=\"og:url\" content=\"https:\/\/www.umpalai.it\/de\/reiserouten\/redebus-pass\/\" \/>\n<meta property=\"og:site_name\" content=\"Um Palai\" \/>\n<meta property=\"article:publisher\" content=\"https:\/\/www.facebook.com\/PaludelFersina\/\" \/>\n<meta property=\"article:published_time\" content=\"2024-04-11T20:59:00+00:00\" \/>\n<meta property=\"article:modified_time\" content=\"2024-06-06T15:07:29+00:00\" \/>\n<meta property=\"og:image\" content=\"https:\/\/www.umpalai.it\/wp-content\/uploads\/2024\/04\/IMG_1553.webp\" \/>\n\t<meta property=\"og:image:width\" content=\"2560\" \/>\n\t<meta property=\"og:image:height\" content=\"1440\" \/>\n\t<meta property=\"og:image:type\" content=\"image\/webp\" \/>\n<meta name=\"author\" content=\"Leveloop\" \/>\n<meta name=\"twitter:card\" content=\"summary_large_image\" \/>\n<meta name=\"twitter:label1\" content=\"Verfasst von\" \/>\n\t<meta name=\"twitter:data1\" content=\"Leveloop\" \/>\n\t<meta name=\"twitter:label2\" content=\"Gesch\u00e4tzte Lesezeit\" \/>\n\t<meta name=\"twitter:data2\" content=\"2\u00a0Minuten\" \/>\n<script type=\"application\/ld+json\" class=\"yoast-schema-graph\">{\"@context\":\"https:\\\/\\\/schema.org\",\"@graph\":[{\"@type\":\"Article\",\"@id\":\"https:\\\/\\\/www.umpalai.it\\\/de\\\/reiserouten\\\/redebus-pass\\\/#article\",\"isPartOf\":{\"@id\":\"https:\\\/\\\/www.umpalai.it\\\/de\\\/reiserouten\\\/redebus-pass\\\/\"},\"author\":{\"name\":\"Leveloop\",\"@id\":\"https:\\\/\\\/www.umpalai.it\\\/de\\\/#\\\/schema\\\/person\\\/c4bb30f288911db2984cdac473ab9b88\"},\"headline\":\"Redebus Pass\",\"datePublished\":\"2024-04-11T20:59:00+00:00\",\"dateModified\":\"2024-06-06T15:07:29+00:00\",\"mainEntityOfPage\":{\"@id\":\"https:\\\/\\\/www.umpalai.it\\\/de\\\/reiserouten\\\/redebus-pass\\\/\"},\"wordCount\":257,\"publisher\":{\"@id\":\"https:\\\/\\\/www.umpalai.it\\\/de\\\/#organization\"},\"image\":{\"@id\":\"https:\\\/\\\/www.umpalai.it\\\/de\\\/reiserouten\\\/redebus-pass\\\/#primaryimage\"},\"thumbnailUrl\":\"https:\\\/\\\/www.umpalai.it\\\/wp-content\\\/uploads\\\/2024\\\/04\\\/IMG_1553.webp\",\"articleSection\":[\"Reiserouten\"],\"inLanguage\":\"de\"},{\"@type\":\"WebPage\",\"@id\":\"https:\\\/\\\/www.umpalai.it\\\/de\\\/reiserouten\\\/redebus-pass\\\/\",\"url\":\"https:\\\/\\\/www.umpalai.it\\\/de\\\/reiserouten\\\/redebus-pass\\\/\",\"name\":\"Redebus Pass - Um Palai\",\"isPartOf\":{\"@id\":\"https:\\\/\\\/www.umpalai.it\\\/de\\\/#website\"},\"primaryImageOfPage\":{\"@id\":\"https:\\\/\\\/www.umpalai.it\\\/de\\\/reiserouten\\\/redebus-pass\\\/#primaryimage\"},\"image\":{\"@id\":\"https:\\\/\\\/www.umpalai.it\\\/de\\\/reiserouten\\\/redebus-pass\\\/#primaryimage\"},\"thumbnailUrl\":\"https:\\\/\\\/www.umpalai.it\\\/wp-content\\\/uploads\\\/2024\\\/04\\\/IMG_1553.webp\",\"datePublished\":\"2024-04-11T20:59:00+00:00\",\"dateModified\":\"2024-06-06T15:07:29+00:00\",\"description\":\"Per una piacevole passeggiata che vi consentir\u00e0 di ammirare splendidi scorci sulla valle dei Mocheni e sul Lagorai, oltre alle tradizionali e caratteristiche baite di montagna, vi consigliamo l'itinerario che parte dal Passo del Redebus e si snoda fino all'Agritur Scalzerhof, o viceversa. Questa \u00e8 un'ottima opzione se non avete a disposizione tutta la giornata e non volete affrontare escursioni con dislivelli impegnativi.\",\"breadcrumb\":{\"@id\":\"https:\\\/\\\/www.umpalai.it\\\/de\\\/reiserouten\\\/redebus-pass\\\/#breadcrumb\"},\"inLanguage\":\"de\",\"potentialAction\":[{\"@type\":\"ReadAction\",\"target\":[\"https:\\\/\\\/www.umpalai.it\\\/de\\\/reiserouten\\\/redebus-pass\\\/\"]}]},{\"@type\":\"ImageObject\",\"inLanguage\":\"de\",\"@id\":\"https:\\\/\\\/www.umpalai.it\\\/de\\\/reiserouten\\\/redebus-pass\\\/#primaryimage\",\"url\":\"https:\\\/\\\/www.umpalai.it\\\/wp-content\\\/uploads\\\/2024\\\/04\\\/IMG_1553.webp\",\"contentUrl\":\"https:\\\/\\\/www.umpalai.it\\\/wp-content\\\/uploads\\\/2024\\\/04\\\/IMG_1553.webp\",\"width\":2560,\"height\":1440,\"caption\":\"Passo Redebus\"},{\"@type\":\"BreadcrumbList\",\"@id\":\"https:\\\/\\\/www.umpalai.it\\\/de\\\/reiserouten\\\/redebus-pass\\\/#breadcrumb\",\"itemListElement\":[{\"@type\":\"ListItem\",\"position\":1,\"name\":\"Home\",\"item\":\"https:\\\/\\\/www.umpalai.it\\\/de\\\/\"},{\"@type\":\"ListItem\",\"position\":2,\"name\":\"Redebus Pass\"}]},{\"@type\":\"WebSite\",\"@id\":\"https:\\\/\\\/www.umpalai.it\\\/de\\\/#website\",\"url\":\"https:\\\/\\\/www.umpalai.it\\\/de\\\/\",\"name\":\"Pal\u00f9 del Fersina\",\"description\":\"Im Herzen des Fersental\",\"publisher\":{\"@id\":\"https:\\\/\\\/www.umpalai.it\\\/de\\\/#organization\"},\"potentialAction\":[{\"@type\":\"SearchAction\",\"target\":{\"@type\":\"EntryPoint\",\"urlTemplate\":\"https:\\\/\\\/www.umpalai.it\\\/de\\\/?s={search_term_string}\"},\"query-input\":{\"@type\":\"PropertyValueSpecification\",\"valueRequired\":true,\"valueName\":\"search_term_string\"}}],\"inLanguage\":\"de\"},{\"@type\":\"Organization\",\"@id\":\"https:\\\/\\\/www.umpalai.it\\\/de\\\/#organization\",\"name\":\"Pal\u00f9 del Fersina\",\"url\":\"https:\\\/\\\/www.umpalai.it\\\/de\\\/\",\"logo\":{\"@type\":\"ImageObject\",\"inLanguage\":\"de\",\"@id\":\"https:\\\/\\\/www.umpalai.it\\\/de\\\/#\\\/schema\\\/logo\\\/image\\\/\",\"url\":\"https:\\\/\\\/www.umpalai.it\\\/wp-content\\\/uploads\\\/2024\\\/04\\\/um-palai.png\",\"contentUrl\":\"https:\\\/\\\/www.umpalai.it\\\/wp-content\\\/uploads\\\/2024\\\/04\\\/um-palai.png\",\"width\":1211,\"height\":823,\"caption\":\"Pal\u00f9 del Fersina\"},\"image\":{\"@id\":\"https:\\\/\\\/www.umpalai.it\\\/de\\\/#\\\/schema\\\/logo\\\/image\\\/\"},\"sameAs\":[\"https:\\\/\\\/www.facebook.com\\\/PaludelFersina\\\/\"]},{\"@type\":\"Person\",\"@id\":\"https:\\\/\\\/www.umpalai.it\\\/de\\\/#\\\/schema\\\/person\\\/c4bb30f288911db2984cdac473ab9b88\",\"name\":\"Leveloop\",\"image\":{\"@type\":\"ImageObject\",\"inLanguage\":\"de\",\"@id\":\"https:\\\/\\\/secure.gravatar.com\\\/avatar\\\/133c970b7ee8e2c97707f8b51c7448c6a8709e26c293cf3c648efb8cca74ab87?s=96&d=mm&r=g\",\"url\":\"https:\\\/\\\/secure.gravatar.com\\\/avatar\\\/133c970b7ee8e2c97707f8b51c7448c6a8709e26c293cf3c648efb8cca74ab87?s=96&d=mm&r=g\",\"contentUrl\":\"https:\\\/\\\/secure.gravatar.com\\\/avatar\\\/133c970b7ee8e2c97707f8b51c7448c6a8709e26c293cf3c648efb8cca74ab87?s=96&d=mm&r=g\",\"caption\":\"Leveloop\"}}]}<\/script>\n<!-- \/ Yoast SEO plugin. -->","yoast_head_json":{"title":"Redebus Pass - Um Palai","description":"Per una piacevole passeggiata che vi consentir\u00e0 di ammirare splendidi scorci sulla valle dei Mocheni e sul Lagorai, oltre alle tradizionali e caratteristiche baite di montagna, vi consigliamo l'itinerario che parte dal Passo del Redebus e si snoda fino all'Agritur Scalzerhof, o viceversa. Questa \u00e8 un'ottima opzione se non avete a disposizione tutta la giornata e non volete affrontare escursioni con dislivelli impegnativi.","robots":{"index":"index","follow":"follow","max-snippet":"max-snippet:-1","max-image-preview":"max-image-preview:large","max-video-preview":"max-video-preview:-1"},"canonical":"https:\/\/www.umpalai.it\/de\/reiserouten\/redebus-pass\/","og_locale":"de_DE","og_type":"article","og_title":"Redebus Pass - Um Palai","og_description":"Per una piacevole passeggiata che vi consentir\u00e0 di ammirare splendidi scorci sulla valle dei Mocheni e sul Lagorai, oltre alle tradizionali e caratteristiche baite di montagna, vi consigliamo l'itinerario che parte dal Passo del Redebus e si snoda fino all'Agritur Scalzerhof, o viceversa. Questa \u00e8 un'ottima opzione se non avete a disposizione tutta la giornata e non volete affrontare escursioni con dislivelli impegnativi.","og_url":"https:\/\/www.umpalai.it\/de\/reiserouten\/redebus-pass\/","og_site_name":"Um Palai","article_publisher":"https:\/\/www.facebook.com\/PaludelFersina\/","article_published_time":"2024-04-11T20:59:00+00:00","article_modified_time":"2024-06-06T15:07:29+00:00","og_image":[{"width":2560,"height":1440,"url":"https:\/\/www.umpalai.it\/wp-content\/uploads\/2024\/04\/IMG_1553.webp","type":"image\/webp"}],"author":"Leveloop","twitter_card":"summary_large_image","twitter_misc":{"Verfasst von":"Leveloop","Gesch\u00e4tzte Lesezeit":"2\u00a0Minuten"},"schema":{"@context":"https:\/\/schema.org","@graph":[{"@type":"Article","@id":"https:\/\/www.umpalai.it\/de\/reiserouten\/redebus-pass\/#article","isPartOf":{"@id":"https:\/\/www.umpalai.it\/de\/reiserouten\/redebus-pass\/"},"author":{"name":"Leveloop","@id":"https:\/\/www.umpalai.it\/de\/#\/schema\/person\/c4bb30f288911db2984cdac473ab9b88"},"headline":"Redebus Pass","datePublished":"2024-04-11T20:59:00+00:00","dateModified":"2024-06-06T15:07:29+00:00","mainEntityOfPage":{"@id":"https:\/\/www.umpalai.it\/de\/reiserouten\/redebus-pass\/"},"wordCount":257,"publisher":{"@id":"https:\/\/www.umpalai.it\/de\/#organization"},"image":{"@id":"https:\/\/www.umpalai.it\/de\/reiserouten\/redebus-pass\/#primaryimage"},"thumbnailUrl":"https:\/\/www.umpalai.it\/wp-content\/uploads\/2024\/04\/IMG_1553.webp","articleSection":["Reiserouten"],"inLanguage":"de"},{"@type":"WebPage","@id":"https:\/\/www.umpalai.it\/de\/reiserouten\/redebus-pass\/","url":"https:\/\/www.umpalai.it\/de\/reiserouten\/redebus-pass\/","name":"Redebus Pass - Um Palai","isPartOf":{"@id":"https:\/\/www.umpalai.it\/de\/#website"},"primaryImageOfPage":{"@id":"https:\/\/www.umpalai.it\/de\/reiserouten\/redebus-pass\/#primaryimage"},"image":{"@id":"https:\/\/www.umpalai.it\/de\/reiserouten\/redebus-pass\/#primaryimage"},"thumbnailUrl":"https:\/\/www.umpalai.it\/wp-content\/uploads\/2024\/04\/IMG_1553.webp","datePublished":"2024-04-11T20:59:00+00:00","dateModified":"2024-06-06T15:07:29+00:00","description":"Per una piacevole passeggiata che vi consentir\u00e0 di ammirare splendidi scorci sulla valle dei Mocheni e sul Lagorai, oltre alle tradizionali e caratteristiche baite di montagna, vi consigliamo l'itinerario che parte dal Passo del Redebus e si snoda fino all'Agritur Scalzerhof, o viceversa. Questa \u00e8 un'ottima opzione se non avete a disposizione tutta la giornata e non volete affrontare escursioni con dislivelli impegnativi.","breadcrumb":{"@id":"https:\/\/www.umpalai.it\/de\/reiserouten\/redebus-pass\/#breadcrumb"},"inLanguage":"de","potentialAction":[{"@type":"ReadAction","target":["https:\/\/www.umpalai.it\/de\/reiserouten\/redebus-pass\/"]}]},{"@type":"ImageObject","inLanguage":"de","@id":"https:\/\/www.umpalai.it\/de\/reiserouten\/redebus-pass\/#primaryimage","url":"https:\/\/www.umpalai.it\/wp-content\/uploads\/2024\/04\/IMG_1553.webp","contentUrl":"https:\/\/www.umpalai.it\/wp-content\/uploads\/2024\/04\/IMG_1553.webp","width":2560,"height":1440,"caption":"Passo Redebus"},{"@type":"BreadcrumbList","@id":"https:\/\/www.umpalai.it\/de\/reiserouten\/redebus-pass\/#breadcrumb","itemListElement":[{"@type":"ListItem","position":1,"name":"Home","item":"https:\/\/www.umpalai.it\/de\/"},{"@type":"ListItem","position":2,"name":"Redebus Pass"}]},{"@type":"WebSite","@id":"https:\/\/www.umpalai.it\/de\/#website","url":"https:\/\/www.umpalai.it\/de\/","name":"Pal\u00f9 del Fersina","description":"Im Herzen des Fersental","publisher":{"@id":"https:\/\/www.umpalai.it\/de\/#organization"},"potentialAction":[{"@type":"SearchAction","target":{"@type":"EntryPoint","urlTemplate":"https:\/\/www.umpalai.it\/de\/?s={search_term_string}"},"query-input":{"@type":"PropertyValueSpecification","valueRequired":true,"valueName":"search_term_string"}}],"inLanguage":"de"},{"@type":"Organization","@id":"https:\/\/www.umpalai.it\/de\/#organization","name":"Pal\u00f9 del Fersina","url":"https:\/\/www.umpalai.it\/de\/","logo":{"@type":"ImageObject","inLanguage":"de","@id":"https:\/\/www.umpalai.it\/de\/#\/schema\/logo\/image\/","url":"https:\/\/www.umpalai.it\/wp-content\/uploads\/2024\/04\/um-palai.png","contentUrl":"https:\/\/www.umpalai.it\/wp-content\/uploads\/2024\/04\/um-palai.png","width":1211,"height":823,"caption":"Pal\u00f9 del Fersina"},"image":{"@id":"https:\/\/www.umpalai.it\/de\/#\/schema\/logo\/image\/"},"sameAs":["https:\/\/www.facebook.com\/PaludelFersina\/"]},{"@type":"Person","@id":"https:\/\/www.umpalai.it\/de\/#\/schema\/person\/c4bb30f288911db2984cdac473ab9b88","name":"Leveloop","image":{"@type":"ImageObject","inLanguage":"de","@id":"https:\/\/secure.gravatar.com\/avatar\/133c970b7ee8e2c97707f8b51c7448c6a8709e26c293cf3c648efb8cca74ab87?s=96&d=mm&r=g","url":"https:\/\/secure.gravatar.com\/avatar\/133c970b7ee8e2c97707f8b51c7448c6a8709e26c293cf3c648efb8cca74ab87?s=96&d=mm&r=g","contentUrl":"https:\/\/secure.gravatar.com\/avatar\/133c970b7ee8e2c97707f8b51c7448c6a8709e26c293cf3c648efb8cca74ab87?s=96&d=mm&r=g","caption":"Leveloop"}}]}},"_links":{"self":[{"href":"https:\/\/www.umpalai.it\/de\/wp-json\/wp\/v2\/posts\/794","targetHints":{"allow":["GET"]}}],"collection":[{"href":"https:\/\/www.umpalai.it\/de\/wp-json\/wp\/v2\/posts"}],"about":[{"href":"https:\/\/www.umpalai.it\/de\/wp-json\/wp\/v2\/types\/post"}],"author":[{"embeddable":true,"href":"https:\/\/www.umpalai.it\/de\/wp-json\/wp\/v2\/users\/1"}],"replies":[{"embeddable":true,"href":"https:\/\/www.umpalai.it\/de\/wp-json\/wp\/v2\/comments?post=794"}],"version-history":[{"count":3,"href":"https:\/\/www.umpalai.it\/de\/wp-json\/wp\/v2\/posts\/794\/revisions"}],"predecessor-version":[{"id":1579,"href":"https:\/\/www.umpalai.it\/de\/wp-json\/wp\/v2\/posts\/794\/revisions\/1579"}],"wp:featuredmedia":[{"embeddable":true,"href":"https:\/\/www.umpalai.it\/de\/wp-json\/wp\/v2\/media\/1566"}],"wp:attachment":[{"href":"https:\/\/www.umpalai.it\/de\/wp-json\/wp\/v2\/media?parent=794"}],"wp:term":[{"taxonomy":"category","embeddable":true,"href":"https:\/\/www.umpalai.it\/de\/wp-json\/wp\/v2\/categories?post=794"},{"taxonomy":"post_tag","embeddable":true,"href":"https:\/\/www.umpalai.it\/de\/wp-json\/wp\/v2\/tags?post=794"}],"curies":[{"name":"wp","href":"https:\/\/api.w.org\/{rel}","templated":true}]}}