{"id":822,"date":"2024-04-08T16:27:33","date_gmt":"2024-04-08T16:27:33","guid":{"rendered":"https:\/news\/miniera-dell-erdemolo\/"},"modified":"2025-10-08T14:23:47","modified_gmt":"2025-10-08T14:23:47","slug":"erdemolo-bergwerks","status":"publish","type":"post","link":"https:\/\/www.umpalai.it\/de\/museen\/erdemolo-bergwerks\/","title":{"rendered":"Erdemolo Bergwerks"},"content":{"rendered":"\n<div class=\"wp-block-columns is-layout-flex wp-container-core-columns-is-layout-9d6595d7 wp-block-columns-is-layout-flex\">\n<div class=\"wp-block-column is-layout-flow wp-block-column-is-layout-flow\">\n<h2 class=\"wp-block-heading\">Das dunkle und anstrengende Leben der <strong>Can\u00f2pi<\/strong>, Bergleute, die aus B\u00f6hmen und Tirol kamen, erz\u00e4hlte in den Stollen des <strong>Erdemolo-Bergwerks<\/strong><\/h2>\n<\/div>\n<\/div>\n\n\n\n<div class=\"wp-block-columns blocco-testo-immagine is-layout-flex wp-container-core-columns-is-layout-9d6595d7 wp-block-columns-is-layout-flex\">\n<div class=\"wp-block-column is-layout-flow wp-block-column-is-layout-flow\">\n<p>Erkunden Sie die Mine Gruab va Hardimbl in Pal\u00f9 del Fersina, die auf 1700 Metern \u00fcber dem Meeresspiegel liegt und \u00fcber den Weg zum <strong>Erdemolo-See<\/strong> erreichbar ist. Dieses alte Bergwerk, das zwischen 1400 und 1650 in Betrieb war, \u00f6ffnet heute seine T\u00fcren f\u00fcr die \u00d6ffentlichkeit, die in die Geschichte des Fersina-Tals eintauchen m\u00f6chte. <\/p>\n\n\n\n<p>Im Inneren finden Besucher Vitrinen mit historischen Artefakten, darunter <strong>Werkzeuge<\/strong> der Bergleute, ihre <strong>Kleidung<\/strong> und die abgebauten <strong>Mineralien<\/strong>. W\u00e4hrend der F\u00fchrung erfahren Sie Details \u00fcber die Lebensweise der Bergleute und ihre enge Verbundenheit mit der Umgebung. <\/p>\n\n\n\n<p>Entdecken Sie eine \u00fcberraschende Welt im Inneren des Berges, mit Tunneln, Stollen und Treppen, die von der Anstrengung und dem Mut eines Lebens in den Tiefen der Erde erz\u00e4hlen. Erleben Sie einzigartige Emotionen noch einmal, w\u00e4hrend Sie diese tausendj\u00e4hrige Geschichte erkunden und die pr\u00e4chtigen Steine \u200b\u200bund <strong>Mineralien<\/strong> bewundern, die von ihrem faszinierenden Ursprung erz\u00e4hlen. <\/p>\n<\/div>\n\n\n\n<div class=\"wp-block-column is-layout-flow wp-block-column-is-layout-flow\">\n<figure class=\"wp-block-image size-full\"><img decoding=\"async\" width=\"2560\" height=\"1707\" src=\"https:\/\/www.umpalai.it\/wp-content\/uploads\/2024\/04\/Miniera-Palu-ap2017-3657.webp\" alt=\"\" class=\"wp-image-503\" srcset=\"https:\/\/www.umpalai.it\/wp-content\/uploads\/2024\/04\/Miniera-Palu-ap2017-3657.webp 2560w, https:\/\/www.umpalai.it\/wp-content\/uploads\/2024\/04\/Miniera-Palu-ap2017-3657-300x200.webp 300w, https:\/\/www.umpalai.it\/wp-content\/uploads\/2024\/04\/Miniera-Palu-ap2017-3657-1024x683.webp 1024w, https:\/\/www.umpalai.it\/wp-content\/uploads\/2024\/04\/Miniera-Palu-ap2017-3657-768x512.webp 768w, https:\/\/www.umpalai.it\/wp-content\/uploads\/2024\/04\/Miniera-Palu-ap2017-3657-1536x1024.webp 1536w, https:\/\/www.umpalai.it\/wp-content\/uploads\/2024\/04\/Miniera-Palu-ap2017-3657-2048x1366.webp 2048w\" sizes=\"(max-width: 2560px) 100vw, 2560px\" \/><\/figure>\n<\/div>\n<\/div>\n\n\n\n<div class=\"wp-block-columns blocco-info is-layout-flex wp-container-core-columns-is-layout-9d6595d7 wp-block-columns-is-layout-flex\">\n<div class=\"wp-block-column is-layout-flow wp-block-column-is-layout-flow\">\n<div class=\"wp-block-group\"><div class=\"wp-block-group__inner-container is-layout-constrained wp-block-group-is-layout-constrained\">\n<h2 class=\"wp-block-heading\">Wenn es ge\u00f6ffnet ist<\/h2>\n\n\n\n<div class=\"wp-block-group\"><div class=\"wp-block-group__inner-container is-layout-constrained wp-block-group-is-layout-constrained\">\n<p>Die Gruab va Hardimbl Mine ist in der Saison 2025 von <strong>Juni<\/strong> bis <strong>September<\/strong> ge\u00f6ffnet. Im <strong>Juni<\/strong> und <strong>September<\/strong> ist sie nur am <strong>Samstag<\/strong> und <strong>Sonntag<\/strong> ge\u00f6ffnet. Im <strong>Juli<\/strong> und <strong>August<\/strong> ist sie von <strong>Dienstag bis Sonntag<\/strong> ge\u00f6ffnet. F\u00fcr <strong>Gruppen<\/strong> k\u00f6nnen Besuche an anderen Tagen <strong>nach Vereinbarung<\/strong> organisiert werden.<\/p>\n<\/div><\/div>\n<\/div><\/div>\n\n\n\n<div class=\"wp-block-group\"><div class=\"wp-block-group__inner-container is-layout-constrained wp-block-group-is-layout-constrained\">\n<h2 class=\"wp-block-heading\">Wie kommt man<\/h2>\n\n\n\n<div class=\"wp-block-group\"><div class=\"wp-block-group__inner-container is-layout-constrained wp-block-group-is-layout-constrained\">\n<p>Von Trient aus nehmen Sie die Ringstra\u00dfe und dann die SS47 Valsugana in Richtung <strong>Padua<\/strong>. Nehmen Sie die Ausfahrt <strong>Pergine Valsugana<\/strong> und folgen Sie der Beschilderung zum <strong>Val dei M\u00f2cheni <\/strong> bis Sie <strong> Pal\u00f9 del Fersina<\/strong>, <strong>Vr\u00f2ttn<\/strong>, erreichen, wo es einen gro\u00dfen geb\u00fchrenpflichtigen Parkplatz gibt (6 \u20ac den ganzen Tag). Um zur Mine zu gelangen, gibt es eine bequeme Forststra\u00dfe, die nur zu Fu\u00df mit einem angenehmen Spaziergang von etwa 45 Minuten (Richtung <strong>Erdemolo-See<\/strong>) zur\u00fcckgelegt werden kann.<\/p>\n\n\n\n<p>Ein praktischer kostenloser Parkplatz befindet sich weiter unten im Tal neben dem Sportplatz (zus\u00e4tzlicher 40-min\u00fctiger Fu\u00dfweg).<\/p>\n<\/div><\/div>\n<\/div><\/div>\n\n\n\n<div class=\"wp-block-group\"><div class=\"wp-block-group__inner-container is-layout-constrained wp-block-group-is-layout-constrained\">\n<h2 class=\"wp-block-heading\">Wissen<\/h2>\n\n\n\n<div class=\"wp-block-group\"><div class=\"wp-block-group__inner-container is-layout-constrained wp-block-group-is-layout-constrained\">\n<p>Der Zutritt zum Bergwerk ist nur mit <strong>F\u00fchrungen<\/strong> zu festgelegten Zeiten m\u00f6glich. Die maximale Personenzahl pro Eintrag ist auf <strong>zw\u00f6lf<\/strong> Personen festgelegt. Kinder jeden Alters k\u00f6nnen teilnehmen; Bis zu zehn Jahre m\u00fcssen von einem Erwachsenen begleitet werden. Im Bergwerk betr\u00e4gt die Temperatur 8\u00b0, daher wird entsprechende <strong>Kleidung<\/strong> empfohlen. Helme und Regenm\u00e4ntel werden am Start gestellt.<\/p>\n\n\n\n<p>It is communicated that for safety reasons, it is not permitted to enter the Mine with <strong>dogs<\/strong> or <strong>other animals<\/strong>.<\/p>\n\n\n\n<p>If the visitor possesses the <strong>Trentino Guest Card<\/strong>, issued by the accommodation where they are staying, please take a screenshot of the card.<\/p>\n\n\n\n<p><strong>Achtung, der Debit-\/Kreditkartenservice funktioniert im Bergwerk nicht.<\/strong><\/p>\n<\/div><\/div>\n<\/div><\/div>\n<\/div>\n\n\n\n<div class=\"wp-block-column is-layout-flow wp-block-column-is-layout-flow\">\n<div class=\"wp-block-group\"><div class=\"wp-block-group__inner-container is-layout-constrained wp-block-group-is-layout-constrained\">\n<h2 class=\"wp-block-heading\">Fahrpl\u00e4ne<\/h2>\n\n\n\n<div class=\"wp-block-group\"><div class=\"wp-block-group__inner-container is-layout-constrained wp-block-group-is-layout-constrained\">\n<p>Die Zeiten der F\u00fchrungen sind: <strong>10.00<\/strong> \u2013 <strong>10.45<\/strong> \u2013 <strong>11.30<\/strong> \u2013 <strong>13.30<\/strong> \u2013 <strong>14.15<\/strong> \u2013 <strong>15.00<\/strong> \u2013 <strong>15.45<\/strong> \u2013 <strong>16.30<\/strong> \u2013 <strong>17.15<\/strong> Uhr.<\/p>\n\n\n\n<p>Andere Tage und Zeiten sind f\u00fcr Gruppen nach vorheriger <strong>Reservierung<\/strong> m\u00f6glich.<\/p>\n\n\n\n<p>Es ist erforderlich, mindestens <strong>10 Minuten vor Beginn<\/strong> der F\u00fchrung einzutreffen.<\/p>\n<\/div><\/div>\n<\/div><\/div>\n\n\n\n<div class=\"wp-block-group\"><div class=\"wp-block-group__inner-container is-layout-constrained wp-block-group-is-layout-constrained\">\n<h2 class=\"wp-block-heading\">Preise<\/h2>\n\n\n\n<div class=\"wp-block-group\"><div class=\"wp-block-group__inner-container is-layout-constrained wp-block-group-is-layout-constrained\">\n<p>Die Eintrittskarte f\u00fcr den Besuch des Bergwerks <strong>beinhaltet<\/strong> den Besuch des Museums S. P\u00e8rgmandlhaus. Mit dem gleichen Ticket ist es daher m\u00f6glich, beide Museen zu besuchen.<\/p>\n\n\n\n<ul class=\"wp-block-list\">\n<li><strong>8 Euro<\/strong> Vollticket (Bergwerk + Museum), 5 Euro erm\u00e4\u00dfigt und nur Museum (f\u00fcr Kinder zwischen 4 und 12 Jahren inklusive, Senioren \u00fcber 65 Jahre, Einwohner der Gemeinden Fierozzo, Frassilongo und Sant&#8217;Orsola Terme)<\/li>\n\n\n\n<li><strong>20-Euro<\/strong>-Familienticket (zwei Erwachsene und maximal 3 Kinder bis 12 Jahre)<\/li>\n\n\n\n<li>Jeweils <strong>5 Euro<\/strong> f\u00fcr Gruppen ab 24 Personen<\/li>\n\n\n\n<li><strong>3 Euro<\/strong> pro Person f\u00fcr Gruppen von Kindern oder Jugendlichen bis 18 Jahre.<\/li>\n\n\n\n<li><strong>Kostenlos<\/strong> f\u00fcr Einwohner und AIRE-Mitglieder der Gemeinde Pal\u00f9 del Fersina; Kinder von 0 bis 3 Jahren inklusive.<\/li>\n\n\n\n<li><strong>Kostenlos<\/strong> f\u00fcr Einwohner und AIRE-Mitglieder der Gemeinde Pal\u00f9 del Fersina; Kindergarten von 0 bis einschlie\u00dflich 3 Jahren.<\/li>\n<\/ul>\n<\/div><\/div>\n<\/div><\/div>\n\n\n\n<div class=\"wp-block-group\"><div class=\"wp-block-group__inner-container is-layout-constrained wp-block-group-is-layout-constrained\">\n<h2 class=\"wp-block-heading\">Infos und Reservierungen<\/h2>\n\n\n\n<div class=\"wp-block-group\"><div class=\"wp-block-group__inner-container is-layout-constrained wp-block-group-is-layout-constrained\">\n<p>Online:     <span class=\"prenota\" onclick=\"window.open('https:\/\/www.card.visittrentino.it\/prenotazioneservizio.aspx?id=117&lng=de-DE', '_blank')\">Prenota<\/span>\n<\/p>\n\n\n\n<p>Telefon: <strong>0461 550053<\/strong><br>Whatsapp: <strong>346 3627221<\/strong><br>Email: <strong>museospergmandlpalai@gmail.com<\/strong><br>Instagram: <strong>Museo Miniera dell\u2019Erdemolo<\/strong><\/p>\n<\/div><\/div>\n<\/div><\/div>\n<\/div>\n<\/div>\n\n\n\n<div class=\"wp-block-columns blocco-immagine-pocotesto is-layout-flex wp-container-core-columns-is-layout-9d6595d7 wp-block-columns-is-layout-flex\">\n<div class=\"wp-block-column is-layout-flow wp-block-column-is-layout-flow\">\n<figure class=\"wp-block-image size-large\"><img decoding=\"async\" width=\"1024\" height=\"683\" src=\"https:\/\/www.umpalai.it\/wp-content\/uploads\/2024\/04\/Miniera-Palu-ap2017-2923-1024x683.webp\" alt=\"Miniera dell'Erdemolo\" class=\"wp-image-642\" srcset=\"https:\/\/www.umpalai.it\/wp-content\/uploads\/2024\/04\/Miniera-Palu-ap2017-2923-1024x683.webp 1024w, https:\/\/www.umpalai.it\/wp-content\/uploads\/2024\/04\/Miniera-Palu-ap2017-2923-300x200.webp 300w, https:\/\/www.umpalai.it\/wp-content\/uploads\/2024\/04\/Miniera-Palu-ap2017-2923-768x512.webp 768w, https:\/\/www.umpalai.it\/wp-content\/uploads\/2024\/04\/Miniera-Palu-ap2017-2923-1536x1024.webp 1536w, https:\/\/www.umpalai.it\/wp-content\/uploads\/2024\/04\/Miniera-Palu-ap2017-2923-2048x1366.webp 2048w\" sizes=\"(max-width: 1024px) 100vw, 1024px\" \/><\/figure>\n<\/div>\n\n\n\n<div class=\"wp-block-column is-layout-flow wp-block-column-is-layout-flow\">\n<h3 class=\"wp-block-heading\"><strong>Reservierungen<\/strong><\/h3>\n\n\n\n<p>Die Online-Buchung ist NUR g\u00fcltig und zul\u00e4ssig, wenn sie <strong>24 Stunden im Voraus erfolgt<\/strong>. Bei Buchungen f\u00fcr den gleichen Tag wenden Sie sich bitte an die <strong>Nummer 0461 550053.<\/strong><\/p>\n\n\n\n<p>Bevor Sie den Besuch buchen, bitten wir Sie, <strong>alle oben Informationen durchzulesen<\/strong>.<\/p>\n\n\n    <span class=\"prenota\" onclick=\"window.open('https:\/\/www.card.visittrentino.it\/prenotazioneservizio.aspx?id=117&lng=de-DE', '_blank')\">Prenota<\/span>\n\n<\/div>\n<\/div>\n\n\n\n<div class=\"wp-block-columns is-layout-flex wp-container-core-columns-is-layout-9d6595d7 wp-block-columns-is-layout-flex\">\n<div class=\"wp-block-column is-layout-flow wp-block-column-is-layout-flow\">\n<figure class=\"wp-block-gallery has-nested-images columns-default is-cropped wp-block-gallery-1 is-layout-flex wp-block-gallery-is-layout-flex\">\n<figure class=\"wp-block-image size-large\"><img decoding=\"async\" width=\"1024\" height=\"683\" data-id=\"1100\" src=\"https:\/\/www.umpalai.it\/wp-content\/uploads\/2024\/04\/Miniera-vetrina-20-1-1024x683.webp\" alt=\"\" class=\"wp-image-1100\" srcset=\"https:\/\/www.umpalai.it\/wp-content\/uploads\/2024\/04\/Miniera-vetrina-20-1-1024x683.webp 1024w, https:\/\/www.umpalai.it\/wp-content\/uploads\/2024\/04\/Miniera-vetrina-20-1-300x200.webp 300w, https:\/\/www.umpalai.it\/wp-content\/uploads\/2024\/04\/Miniera-vetrina-20-1-768x512.webp 768w, https:\/\/www.umpalai.it\/wp-content\/uploads\/2024\/04\/Miniera-vetrina-20-1-1536x1024.webp 1536w, https:\/\/www.umpalai.it\/wp-content\/uploads\/2024\/04\/Miniera-vetrina-20-1-2048x1366.webp 2048w\" sizes=\"(max-width: 1024px) 100vw, 1024px\" \/><\/figure>\n\n\n\n<figure class=\"wp-block-image size-large\"><img decoding=\"async\" width=\"1024\" height=\"683\" data-id=\"1094\" src=\"https:\/\/www.umpalai.it\/wp-content\/uploads\/2024\/04\/Miniera-5-1024x683.webp\" alt=\"\" class=\"wp-image-1094\" srcset=\"https:\/\/www.umpalai.it\/wp-content\/uploads\/2024\/04\/Miniera-5-1024x683.webp 1024w, https:\/\/www.umpalai.it\/wp-content\/uploads\/2024\/04\/Miniera-5-300x200.webp 300w, https:\/\/www.umpalai.it\/wp-content\/uploads\/2024\/04\/Miniera-5-768x512.webp 768w, https:\/\/www.umpalai.it\/wp-content\/uploads\/2024\/04\/Miniera-5-1536x1024.webp 1536w, https:\/\/www.umpalai.it\/wp-content\/uploads\/2024\/04\/Miniera-5-2048x1366.webp 2048w\" sizes=\"(max-width: 1024px) 100vw, 1024px\" \/><\/figure>\n\n\n\n<figure class=\"wp-block-image size-large\"><img decoding=\"async\" width=\"1024\" height=\"683\" data-id=\"1088\" src=\"https:\/\/www.umpalai.it\/wp-content\/uploads\/2024\/04\/Miniera-17-1024x683.webp\" alt=\"\" class=\"wp-image-1088\" srcset=\"https:\/\/www.umpalai.it\/wp-content\/uploads\/2024\/04\/Miniera-17-1024x683.webp 1024w, https:\/\/www.umpalai.it\/wp-content\/uploads\/2024\/04\/Miniera-17-300x200.webp 300w, https:\/\/www.umpalai.it\/wp-content\/uploads\/2024\/04\/Miniera-17-768x512.webp 768w, https:\/\/www.umpalai.it\/wp-content\/uploads\/2024\/04\/Miniera-17-1536x1024.webp 1536w, https:\/\/www.umpalai.it\/wp-content\/uploads\/2024\/04\/Miniera-17-2048x1366.webp 2048w\" sizes=\"(max-width: 1024px) 100vw, 1024px\" \/><\/figure>\n<\/figure>\n<\/div>\n<\/div>\n","protected":false},"excerpt":{"rendered":"<p>Das dunkle und anstrengende Leben der Can\u00f2pi, Bergleute, die aus B\u00f6hmen und Tirol kamen, erz\u00e4hlte in den Stollen des Erdemolo-Bergwerks Erkunden Sie die Mine Gruab va Hardimbl in Pal\u00f9 del Fersina, die auf 1700 Metern \u00fcber dem Meeresspiegel liegt und \u00fcber den Weg zum Erdemolo-See erreichbar ist. Dieses alte Bergwerk, das zwischen 1400 und 1650 [&hellip;]<\/p>\n","protected":false},"author":1,"featured_media":640,"comment_status":"closed","ping_status":"open","sticky":false,"template":"","format":"standard","meta":{"_acf_changed":false,"footnotes":""},"categories":[72,68],"tags":[],"class_list":["post-822","post","type-post","status-publish","format-standard","has-post-thumbnail","hentry","category-museen","category-fur-kinder"],"acf":[],"yoast_head":"<!-- This site is optimized with the Yoast SEO plugin v27.5 - https:\/\/yoast.com\/product\/yoast-seo-wordpress\/ -->\n<title>Erdemolo Bergwerks - Um Palai<\/title>\n<meta name=\"description\" content=\"Erkunden Sie die Mine Gruab va Hardimbl in Pal\u00f9 del Fersina, die auf 1700 Metern \u00fcber dem Meeresspiegel liegt und \u00fcber den Weg zum Erdemolo-See erreichbar ist. Dieses alte Bergwerk, das zwischen 1400 und 1650 in Betrieb war, \u00f6ffnet heute seine T\u00fcren f\u00fcr die \u00d6ffentlichkeit, die in die Geschichte des Fersina-Tals eintauchen m\u00f6chte.\" \/>\n<meta name=\"robots\" content=\"index, follow, max-snippet:-1, max-image-preview:large, max-video-preview:-1\" \/>\n<link rel=\"canonical\" href=\"https:\/\/www.umpalai.it\/de\/museen\/erdemolo-bergwerks\/\" \/>\n<meta property=\"og:locale\" content=\"de_DE\" \/>\n<meta property=\"og:type\" content=\"article\" \/>\n<meta property=\"og:title\" content=\"Erdemolo Bergwerks - Um Palai\" \/>\n<meta property=\"og:description\" content=\"Erkunden Sie die Mine Gruab va Hardimbl in Pal\u00f9 del Fersina, die auf 1700 Metern \u00fcber dem Meeresspiegel liegt und \u00fcber den Weg zum Erdemolo-See erreichbar ist. Dieses alte Bergwerk, das zwischen 1400 und 1650 in Betrieb war, \u00f6ffnet heute seine T\u00fcren f\u00fcr die \u00d6ffentlichkeit, die in die Geschichte des Fersina-Tals eintauchen m\u00f6chte.\" \/>\n<meta property=\"og:url\" content=\"https:\/\/www.umpalai.it\/de\/museen\/erdemolo-bergwerks\/\" \/>\n<meta property=\"og:site_name\" content=\"Um Palai\" \/>\n<meta property=\"article:publisher\" content=\"https:\/\/www.facebook.com\/PaludelFersina\/\" \/>\n<meta property=\"article:published_time\" content=\"2024-04-08T16:27:33+00:00\" \/>\n<meta property=\"article:modified_time\" content=\"2025-10-08T14:23:47+00:00\" \/>\n<meta property=\"og:image\" content=\"https:\/\/www.umpalai.it\/wp-content\/uploads\/2024\/04\/Miniera-a-Palu-del-Fersina-\u00a9-foto-Daniele-Mosna-9541.webp\" \/>\n\t<meta property=\"og:image:width\" content=\"2560\" \/>\n\t<meta property=\"og:image:height\" content=\"1707\" \/>\n\t<meta property=\"og:image:type\" content=\"image\/webp\" \/>\n<meta name=\"author\" content=\"Leveloop\" \/>\n<meta name=\"twitter:card\" content=\"summary_large_image\" \/>\n<meta name=\"twitter:label1\" content=\"Verfasst von\" \/>\n\t<meta name=\"twitter:data1\" content=\"Leveloop\" \/>\n\t<meta name=\"twitter:label2\" content=\"Gesch\u00e4tzte Lesezeit\" \/>\n\t<meta name=\"twitter:data2\" content=\"5\u00a0Minuten\" \/>\n<script type=\"application\/ld+json\" class=\"yoast-schema-graph\">{\"@context\":\"https:\\\/\\\/schema.org\",\"@graph\":[{\"@type\":\"Article\",\"@id\":\"https:\\\/\\\/www.umpalai.it\\\/de\\\/museen\\\/erdemolo-bergwerks\\\/#article\",\"isPartOf\":{\"@id\":\"https:\\\/\\\/www.umpalai.it\\\/de\\\/museen\\\/erdemolo-bergwerks\\\/\"},\"author\":{\"name\":\"Leveloop\",\"@id\":\"https:\\\/\\\/www.umpalai.it\\\/de\\\/#\\\/schema\\\/person\\\/c4bb30f288911db2984cdac473ab9b88\"},\"headline\":\"Erdemolo Bergwerks\",\"datePublished\":\"2024-04-08T16:27:33+00:00\",\"dateModified\":\"2025-10-08T14:23:47+00:00\",\"mainEntityOfPage\":{\"@id\":\"https:\\\/\\\/www.umpalai.it\\\/de\\\/museen\\\/erdemolo-bergwerks\\\/\"},\"wordCount\":659,\"publisher\":{\"@id\":\"https:\\\/\\\/www.umpalai.it\\\/de\\\/#organization\"},\"image\":{\"@id\":\"https:\\\/\\\/www.umpalai.it\\\/de\\\/museen\\\/erdemolo-bergwerks\\\/#primaryimage\"},\"thumbnailUrl\":\"https:\\\/\\\/www.umpalai.it\\\/wp-content\\\/uploads\\\/2024\\\/04\\\/Miniera-a-Palu-del-Fersina-\u00a9-foto-Daniele-Mosna-9541.webp\",\"articleSection\":[\"Museen\",\"F\u00fcr Kinder\"],\"inLanguage\":\"de\"},{\"@type\":\"WebPage\",\"@id\":\"https:\\\/\\\/www.umpalai.it\\\/de\\\/museen\\\/erdemolo-bergwerks\\\/\",\"url\":\"https:\\\/\\\/www.umpalai.it\\\/de\\\/museen\\\/erdemolo-bergwerks\\\/\",\"name\":\"Erdemolo Bergwerks - Um Palai\",\"isPartOf\":{\"@id\":\"https:\\\/\\\/www.umpalai.it\\\/de\\\/#website\"},\"primaryImageOfPage\":{\"@id\":\"https:\\\/\\\/www.umpalai.it\\\/de\\\/museen\\\/erdemolo-bergwerks\\\/#primaryimage\"},\"image\":{\"@id\":\"https:\\\/\\\/www.umpalai.it\\\/de\\\/museen\\\/erdemolo-bergwerks\\\/#primaryimage\"},\"thumbnailUrl\":\"https:\\\/\\\/www.umpalai.it\\\/wp-content\\\/uploads\\\/2024\\\/04\\\/Miniera-a-Palu-del-Fersina-\u00a9-foto-Daniele-Mosna-9541.webp\",\"datePublished\":\"2024-04-08T16:27:33+00:00\",\"dateModified\":\"2025-10-08T14:23:47+00:00\",\"description\":\"Erkunden Sie die Mine Gruab va Hardimbl in Pal\u00f9 del Fersina, die auf 1700 Metern \u00fcber dem Meeresspiegel liegt und \u00fcber den Weg zum Erdemolo-See erreichbar ist. Dieses alte Bergwerk, das zwischen 1400 und 1650 in Betrieb war, \u00f6ffnet heute seine T\u00fcren f\u00fcr die \u00d6ffentlichkeit, die in die Geschichte des Fersina-Tals eintauchen m\u00f6chte.\",\"breadcrumb\":{\"@id\":\"https:\\\/\\\/www.umpalai.it\\\/de\\\/museen\\\/erdemolo-bergwerks\\\/#breadcrumb\"},\"inLanguage\":\"de\",\"potentialAction\":[{\"@type\":\"ReadAction\",\"target\":[\"https:\\\/\\\/www.umpalai.it\\\/de\\\/museen\\\/erdemolo-bergwerks\\\/\"]}]},{\"@type\":\"ImageObject\",\"inLanguage\":\"de\",\"@id\":\"https:\\\/\\\/www.umpalai.it\\\/de\\\/museen\\\/erdemolo-bergwerks\\\/#primaryimage\",\"url\":\"https:\\\/\\\/www.umpalai.it\\\/wp-content\\\/uploads\\\/2024\\\/04\\\/Miniera-a-Palu-del-Fersina-\u00a9-foto-Daniele-Mosna-9541.webp\",\"contentUrl\":\"https:\\\/\\\/www.umpalai.it\\\/wp-content\\\/uploads\\\/2024\\\/04\\\/Miniera-a-Palu-del-Fersina-\u00a9-foto-Daniele-Mosna-9541.webp\",\"width\":2560,\"height\":1707,\"caption\":\"Miniera dell'Erdemolo\"},{\"@type\":\"BreadcrumbList\",\"@id\":\"https:\\\/\\\/www.umpalai.it\\\/de\\\/museen\\\/erdemolo-bergwerks\\\/#breadcrumb\",\"itemListElement\":[{\"@type\":\"ListItem\",\"position\":1,\"name\":\"Home\",\"item\":\"https:\\\/\\\/www.umpalai.it\\\/de\\\/\"},{\"@type\":\"ListItem\",\"position\":2,\"name\":\"Erdemolo Bergwerks\"}]},{\"@type\":\"WebSite\",\"@id\":\"https:\\\/\\\/www.umpalai.it\\\/de\\\/#website\",\"url\":\"https:\\\/\\\/www.umpalai.it\\\/de\\\/\",\"name\":\"Pal\u00f9 del Fersina\",\"description\":\"Im Herzen des Fersental\",\"publisher\":{\"@id\":\"https:\\\/\\\/www.umpalai.it\\\/de\\\/#organization\"},\"potentialAction\":[{\"@type\":\"SearchAction\",\"target\":{\"@type\":\"EntryPoint\",\"urlTemplate\":\"https:\\\/\\\/www.umpalai.it\\\/de\\\/?s={search_term_string}\"},\"query-input\":{\"@type\":\"PropertyValueSpecification\",\"valueRequired\":true,\"valueName\":\"search_term_string\"}}],\"inLanguage\":\"de\"},{\"@type\":\"Organization\",\"@id\":\"https:\\\/\\\/www.umpalai.it\\\/de\\\/#organization\",\"name\":\"Pal\u00f9 del Fersina\",\"url\":\"https:\\\/\\\/www.umpalai.it\\\/de\\\/\",\"logo\":{\"@type\":\"ImageObject\",\"inLanguage\":\"de\",\"@id\":\"https:\\\/\\\/www.umpalai.it\\\/de\\\/#\\\/schema\\\/logo\\\/image\\\/\",\"url\":\"https:\\\/\\\/www.umpalai.it\\\/wp-content\\\/uploads\\\/2024\\\/04\\\/um-palai.png\",\"contentUrl\":\"https:\\\/\\\/www.umpalai.it\\\/wp-content\\\/uploads\\\/2024\\\/04\\\/um-palai.png\",\"width\":1211,\"height\":823,\"caption\":\"Pal\u00f9 del Fersina\"},\"image\":{\"@id\":\"https:\\\/\\\/www.umpalai.it\\\/de\\\/#\\\/schema\\\/logo\\\/image\\\/\"},\"sameAs\":[\"https:\\\/\\\/www.facebook.com\\\/PaludelFersina\\\/\"]},{\"@type\":\"Person\",\"@id\":\"https:\\\/\\\/www.umpalai.it\\\/de\\\/#\\\/schema\\\/person\\\/c4bb30f288911db2984cdac473ab9b88\",\"name\":\"Leveloop\",\"image\":{\"@type\":\"ImageObject\",\"inLanguage\":\"de\",\"@id\":\"https:\\\/\\\/secure.gravatar.com\\\/avatar\\\/133c970b7ee8e2c97707f8b51c7448c6a8709e26c293cf3c648efb8cca74ab87?s=96&d=mm&r=g\",\"url\":\"https:\\\/\\\/secure.gravatar.com\\\/avatar\\\/133c970b7ee8e2c97707f8b51c7448c6a8709e26c293cf3c648efb8cca74ab87?s=96&d=mm&r=g\",\"contentUrl\":\"https:\\\/\\\/secure.gravatar.com\\\/avatar\\\/133c970b7ee8e2c97707f8b51c7448c6a8709e26c293cf3c648efb8cca74ab87?s=96&d=mm&r=g\",\"caption\":\"Leveloop\"}}]}<\/script>\n<!-- \/ Yoast SEO plugin. -->","yoast_head_json":{"title":"Erdemolo Bergwerks - Um Palai","description":"Erkunden Sie die Mine Gruab va Hardimbl in Pal\u00f9 del Fersina, die auf 1700 Metern \u00fcber dem Meeresspiegel liegt und \u00fcber den Weg zum Erdemolo-See erreichbar ist. Dieses alte Bergwerk, das zwischen 1400 und 1650 in Betrieb war, \u00f6ffnet heute seine T\u00fcren f\u00fcr die \u00d6ffentlichkeit, die in die Geschichte des Fersina-Tals eintauchen m\u00f6chte.","robots":{"index":"index","follow":"follow","max-snippet":"max-snippet:-1","max-image-preview":"max-image-preview:large","max-video-preview":"max-video-preview:-1"},"canonical":"https:\/\/www.umpalai.it\/de\/museen\/erdemolo-bergwerks\/","og_locale":"de_DE","og_type":"article","og_title":"Erdemolo Bergwerks - Um Palai","og_description":"Erkunden Sie die Mine Gruab va Hardimbl in Pal\u00f9 del Fersina, die auf 1700 Metern \u00fcber dem Meeresspiegel liegt und \u00fcber den Weg zum Erdemolo-See erreichbar ist. Dieses alte Bergwerk, das zwischen 1400 und 1650 in Betrieb war, \u00f6ffnet heute seine T\u00fcren f\u00fcr die \u00d6ffentlichkeit, die in die Geschichte des Fersina-Tals eintauchen m\u00f6chte.","og_url":"https:\/\/www.umpalai.it\/de\/museen\/erdemolo-bergwerks\/","og_site_name":"Um Palai","article_publisher":"https:\/\/www.facebook.com\/PaludelFersina\/","article_published_time":"2024-04-08T16:27:33+00:00","article_modified_time":"2025-10-08T14:23:47+00:00","og_image":[{"width":2560,"height":1707,"url":"https:\/\/www.umpalai.it\/wp-content\/uploads\/2024\/04\/Miniera-a-Palu-del-Fersina-\u00a9-foto-Daniele-Mosna-9541.webp","type":"image\/webp"}],"author":"Leveloop","twitter_card":"summary_large_image","twitter_misc":{"Verfasst von":"Leveloop","Gesch\u00e4tzte Lesezeit":"5\u00a0Minuten"},"schema":{"@context":"https:\/\/schema.org","@graph":[{"@type":"Article","@id":"https:\/\/www.umpalai.it\/de\/museen\/erdemolo-bergwerks\/#article","isPartOf":{"@id":"https:\/\/www.umpalai.it\/de\/museen\/erdemolo-bergwerks\/"},"author":{"name":"Leveloop","@id":"https:\/\/www.umpalai.it\/de\/#\/schema\/person\/c4bb30f288911db2984cdac473ab9b88"},"headline":"Erdemolo Bergwerks","datePublished":"2024-04-08T16:27:33+00:00","dateModified":"2025-10-08T14:23:47+00:00","mainEntityOfPage":{"@id":"https:\/\/www.umpalai.it\/de\/museen\/erdemolo-bergwerks\/"},"wordCount":659,"publisher":{"@id":"https:\/\/www.umpalai.it\/de\/#organization"},"image":{"@id":"https:\/\/www.umpalai.it\/de\/museen\/erdemolo-bergwerks\/#primaryimage"},"thumbnailUrl":"https:\/\/www.umpalai.it\/wp-content\/uploads\/2024\/04\/Miniera-a-Palu-del-Fersina-\u00a9-foto-Daniele-Mosna-9541.webp","articleSection":["Museen","F\u00fcr Kinder"],"inLanguage":"de"},{"@type":"WebPage","@id":"https:\/\/www.umpalai.it\/de\/museen\/erdemolo-bergwerks\/","url":"https:\/\/www.umpalai.it\/de\/museen\/erdemolo-bergwerks\/","name":"Erdemolo Bergwerks - Um Palai","isPartOf":{"@id":"https:\/\/www.umpalai.it\/de\/#website"},"primaryImageOfPage":{"@id":"https:\/\/www.umpalai.it\/de\/museen\/erdemolo-bergwerks\/#primaryimage"},"image":{"@id":"https:\/\/www.umpalai.it\/de\/museen\/erdemolo-bergwerks\/#primaryimage"},"thumbnailUrl":"https:\/\/www.umpalai.it\/wp-content\/uploads\/2024\/04\/Miniera-a-Palu-del-Fersina-\u00a9-foto-Daniele-Mosna-9541.webp","datePublished":"2024-04-08T16:27:33+00:00","dateModified":"2025-10-08T14:23:47+00:00","description":"Erkunden Sie die Mine Gruab va Hardimbl in Pal\u00f9 del Fersina, die auf 1700 Metern \u00fcber dem Meeresspiegel liegt und \u00fcber den Weg zum Erdemolo-See erreichbar ist. Dieses alte Bergwerk, das zwischen 1400 und 1650 in Betrieb war, \u00f6ffnet heute seine T\u00fcren f\u00fcr die \u00d6ffentlichkeit, die in die Geschichte des Fersina-Tals eintauchen m\u00f6chte.","breadcrumb":{"@id":"https:\/\/www.umpalai.it\/de\/museen\/erdemolo-bergwerks\/#breadcrumb"},"inLanguage":"de","potentialAction":[{"@type":"ReadAction","target":["https:\/\/www.umpalai.it\/de\/museen\/erdemolo-bergwerks\/"]}]},{"@type":"ImageObject","inLanguage":"de","@id":"https:\/\/www.umpalai.it\/de\/museen\/erdemolo-bergwerks\/#primaryimage","url":"https:\/\/www.umpalai.it\/wp-content\/uploads\/2024\/04\/Miniera-a-Palu-del-Fersina-\u00a9-foto-Daniele-Mosna-9541.webp","contentUrl":"https:\/\/www.umpalai.it\/wp-content\/uploads\/2024\/04\/Miniera-a-Palu-del-Fersina-\u00a9-foto-Daniele-Mosna-9541.webp","width":2560,"height":1707,"caption":"Miniera dell'Erdemolo"},{"@type":"BreadcrumbList","@id":"https:\/\/www.umpalai.it\/de\/museen\/erdemolo-bergwerks\/#breadcrumb","itemListElement":[{"@type":"ListItem","position":1,"name":"Home","item":"https:\/\/www.umpalai.it\/de\/"},{"@type":"ListItem","position":2,"name":"Erdemolo Bergwerks"}]},{"@type":"WebSite","@id":"https:\/\/www.umpalai.it\/de\/#website","url":"https:\/\/www.umpalai.it\/de\/","name":"Pal\u00f9 del Fersina","description":"Im Herzen des Fersental","publisher":{"@id":"https:\/\/www.umpalai.it\/de\/#organization"},"potentialAction":[{"@type":"SearchAction","target":{"@type":"EntryPoint","urlTemplate":"https:\/\/www.umpalai.it\/de\/?s={search_term_string}"},"query-input":{"@type":"PropertyValueSpecification","valueRequired":true,"valueName":"search_term_string"}}],"inLanguage":"de"},{"@type":"Organization","@id":"https:\/\/www.umpalai.it\/de\/#organization","name":"Pal\u00f9 del Fersina","url":"https:\/\/www.umpalai.it\/de\/","logo":{"@type":"ImageObject","inLanguage":"de","@id":"https:\/\/www.umpalai.it\/de\/#\/schema\/logo\/image\/","url":"https:\/\/www.umpalai.it\/wp-content\/uploads\/2024\/04\/um-palai.png","contentUrl":"https:\/\/www.umpalai.it\/wp-content\/uploads\/2024\/04\/um-palai.png","width":1211,"height":823,"caption":"Pal\u00f9 del Fersina"},"image":{"@id":"https:\/\/www.umpalai.it\/de\/#\/schema\/logo\/image\/"},"sameAs":["https:\/\/www.facebook.com\/PaludelFersina\/"]},{"@type":"Person","@id":"https:\/\/www.umpalai.it\/de\/#\/schema\/person\/c4bb30f288911db2984cdac473ab9b88","name":"Leveloop","image":{"@type":"ImageObject","inLanguage":"de","@id":"https:\/\/secure.gravatar.com\/avatar\/133c970b7ee8e2c97707f8b51c7448c6a8709e26c293cf3c648efb8cca74ab87?s=96&d=mm&r=g","url":"https:\/\/secure.gravatar.com\/avatar\/133c970b7ee8e2c97707f8b51c7448c6a8709e26c293cf3c648efb8cca74ab87?s=96&d=mm&r=g","contentUrl":"https:\/\/secure.gravatar.com\/avatar\/133c970b7ee8e2c97707f8b51c7448c6a8709e26c293cf3c648efb8cca74ab87?s=96&d=mm&r=g","caption":"Leveloop"}}]}},"_links":{"self":[{"href":"https:\/\/www.umpalai.it\/de\/wp-json\/wp\/v2\/posts\/822","targetHints":{"allow":["GET"]}}],"collection":[{"href":"https:\/\/www.umpalai.it\/de\/wp-json\/wp\/v2\/posts"}],"about":[{"href":"https:\/\/www.umpalai.it\/de\/wp-json\/wp\/v2\/types\/post"}],"author":[{"embeddable":true,"href":"https:\/\/www.umpalai.it\/de\/wp-json\/wp\/v2\/users\/1"}],"replies":[{"embeddable":true,"href":"https:\/\/www.umpalai.it\/de\/wp-json\/wp\/v2\/comments?post=822"}],"version-history":[{"count":10,"href":"https:\/\/www.umpalai.it\/de\/wp-json\/wp\/v2\/posts\/822\/revisions"}],"predecessor-version":[{"id":2538,"href":"https:\/\/www.umpalai.it\/de\/wp-json\/wp\/v2\/posts\/822\/revisions\/2538"}],"wp:featuredmedia":[{"embeddable":true,"href":"https:\/\/www.umpalai.it\/de\/wp-json\/wp\/v2\/media\/640"}],"wp:attachment":[{"href":"https:\/\/www.umpalai.it\/de\/wp-json\/wp\/v2\/media?parent=822"}],"wp:term":[{"taxonomy":"category","embeddable":true,"href":"https:\/\/www.umpalai.it\/de\/wp-json\/wp\/v2\/categories?post=822"},{"taxonomy":"post_tag","embeddable":true,"href":"https:\/\/www.umpalai.it\/de\/wp-json\/wp\/v2\/tags?post=822"}],"curies":[{"name":"wp","href":"https:\/\/api.w.org\/{rel}","templated":true}]}}