{"id":825,"date":"2024-04-08T16:25:56","date_gmt":"2024-04-08T16:25:56","guid":{"rendered":"https:\/news\/museo-s-pergmandlhaus\/"},"modified":"2025-10-08T15:29:24","modified_gmt":"2025-10-08T15:29:24","slug":"s-pergmandlhaus-museum","status":"publish","type":"post","link":"https:\/\/www.umpalai.it\/de\/museen\/s-pergmandlhaus-museum\/","title":{"rendered":"S Pergmandlhaus Museum"},"content":{"rendered":"\n<div class=\"wp-block-columns is-layout-flex wp-container-core-columns-is-layout-9d6595d7 wp-block-columns-is-layout-flex\">\n<div class=\"wp-block-column is-layout-flow wp-block-column-is-layout-flow\">\n<h2 class=\"wp-block-heading\">Im <strong>Museum S. P\u00e8rgmandlhaus<\/strong> wird auf zwei Etagen symbolisch eine f\u00fcr das Fersinatal wichtige Aktivit\u00e4t dargestellt, die es wirtschaftlich, anthropologisch und \u00f6kologisch beeinflusst.<\/h2>\n<\/div>\n<\/div>\n\n\n\n<div class=\"wp-block-columns blocco-testo-immagine is-layout-flex wp-container-core-columns-is-layout-9d6595d7 wp-block-columns-is-layout-flex\">\n<div class=\"wp-block-column is-layout-flow wp-block-column-is-layout-flow\">\n<p>Erkunden Sie das Museum S. P\u00e8rgmandlhaus in Pal\u00f9 del Fersina und tauchen Sie ein in die <strong>Bergbaugeschichte<\/strong> des Fersinatals. Durch eine Galerie mit mit Kupferadern verzierten W\u00e4nden werden Sie auf eine innovative Reise mitgenommen, die die Welt des Bergbaus und das <strong>Leben der Bergleute <\/strong> feiert. <\/p>\n\n\n\n<p>Die <strong>erste Etage<\/strong> des Museums enth\u00fcllt die Geheimnisse der von den Bergleuten gesuchten Mineralien und unterstreicht den Wert <strong>nat\u00fcrlicher Ressourcen<\/strong> wie Holz und Wasser, die f\u00fcr den Bergbau von grundlegender Bedeutung sind. Dieser Teil des Museums beleuchtet die Spannungen zwischen der \u00f6rtlichen Bev\u00f6lkerung und den Bergleuten, die sich aus der Nutzung der nat\u00fcrlichen Ressourcen der Region ergeben. <\/p>\n\n\n\n<p>Die zweite Etage des Museums konzentriert sich auf die <strong>Gemeinden<\/strong>, die das Fersina-Tal im Laufe der Jahrhunderte gepr\u00e4gt haben. Entgegen der landl\u00e4ufigen Meinung stammen die Bewohner des Tals nicht ausschlie\u00dflich von Bergleuten ab, sondern von germanischen Bauernv\u00f6lkern, die um 1200 aus Bayern und Tirol kamen. Dieser Teil des Museums bietet einen detaillierten Einblick in die <strong>Urspr\u00fcnge<\/strong> und Traditionen der lokale Gemeinschaften.  <\/p>\n<\/div>\n\n\n\n<div class=\"wp-block-column is-layout-flow wp-block-column-is-layout-flow\">\n<figure class=\"wp-block-image size-full\"><img decoding=\"async\" width=\"2560\" height=\"1707\" src=\"https:\/\/www.umpalai.it\/wp-content\/uploads\/2024\/04\/Museo-Muse-Sperg-Manal-Haus-\u00a9-foto-Daniele-Mosna-9562.webp\" alt=\"\" class=\"wp-image-508\" srcset=\"https:\/\/www.umpalai.it\/wp-content\/uploads\/2024\/04\/Museo-Muse-Sperg-Manal-Haus-\u00a9-foto-Daniele-Mosna-9562.webp 2560w, https:\/\/www.umpalai.it\/wp-content\/uploads\/2024\/04\/Museo-Muse-Sperg-Manal-Haus-\u00a9-foto-Daniele-Mosna-9562-300x200.webp 300w, https:\/\/www.umpalai.it\/wp-content\/uploads\/2024\/04\/Museo-Muse-Sperg-Manal-Haus-\u00a9-foto-Daniele-Mosna-9562-1024x683.webp 1024w, https:\/\/www.umpalai.it\/wp-content\/uploads\/2024\/04\/Museo-Muse-Sperg-Manal-Haus-\u00a9-foto-Daniele-Mosna-9562-768x512.webp 768w, https:\/\/www.umpalai.it\/wp-content\/uploads\/2024\/04\/Museo-Muse-Sperg-Manal-Haus-\u00a9-foto-Daniele-Mosna-9562-1536x1024.webp 1536w, https:\/\/www.umpalai.it\/wp-content\/uploads\/2024\/04\/Museo-Muse-Sperg-Manal-Haus-\u00a9-foto-Daniele-Mosna-9562-2048x1366.webp 2048w\" sizes=\"(max-width: 2560px) 100vw, 2560px\" \/><\/figure>\n<\/div>\n<\/div>\n\n\n\n<div class=\"wp-block-columns blocco-info is-layout-flex wp-container-core-columns-is-layout-9d6595d7 wp-block-columns-is-layout-flex\">\n<div class=\"wp-block-column is-layout-flow wp-block-column-is-layout-flow\">\n<div class=\"wp-block-group\"><div class=\"wp-block-group__inner-container is-layout-constrained wp-block-group-is-layout-constrained\">\n<h2 class=\"wp-block-heading\">Quando \u00e8 aperto<\/h2>\n\n\n\n<div class=\"wp-block-group\"><div class=\"wp-block-group__inner-container is-layout-constrained wp-block-group-is-layout-constrained\">\n<p>Das Museum S. P\u00e8rgmandlhaus ist in der Saison 2025 vom <strong><strong>Juni<\/strong><\/strong> bis <strong>Oktober<\/strong> ge\u00f6ffnet. In den Monaten <strong>Juni<\/strong> und <strong>September<\/strong> <strong>samstags<\/strong> und <strong>sonntags<\/strong>. In den Monaten <strong>Juli<\/strong> und <strong>August<\/strong>: von <strong>Dienstag<\/strong> bis <strong>Sonntag<\/strong>. Im <strong>Oktober<\/strong> nur <strong>sonntags<\/strong>.<\/p>\n<\/div><\/div>\n<\/div><\/div>\n\n\n\n<div class=\"wp-block-group\"><div class=\"wp-block-group__inner-container is-layout-constrained wp-block-group-is-layout-constrained\">\n<h2 class=\"wp-block-heading\">Wie kommt man<\/h2>\n\n\n\n<div class=\"wp-block-group\"><div class=\"wp-block-group__inner-container is-layout-constrained wp-block-group-is-layout-constrained\">\n<p>Das Museum befindet sich in Pal\u00f9 del Fersina in der <strong>Gegend von Paoar<\/strong>. Von Trient aus nehmen Sie die Ringstra\u00dfe und dann die SS47 Valsugana in Richtung Padua. Nehmen Sie die Ausfahrt <strong>Pergine Valsugana<\/strong> und folgen Sie den Schildern nach <strong>Val dei M\u00f2cheni<\/strong> (S.P. 8 della Valle dei M\u00f2cheni) bis Sie <strong>Pal\u00f9<\/strong> erreichen.  <\/p>\n<\/div><\/div>\n<\/div><\/div>\n\n\n\n<div class=\"wp-block-group\"><div class=\"wp-block-group__inner-container is-layout-constrained wp-block-group-is-layout-constrained\">\n<h2 class=\"wp-block-heading\">Wissen<\/h2>\n\n\n\n<div class=\"wp-block-group\"><div class=\"wp-block-group__inner-container is-layout-constrained wp-block-group-is-layout-constrained\">\n<p>Bequeme <strong>kostenlose Parkpl\u00e4tze<\/strong> stehen etwa 30 Meter vom Museum entfernt zur Verf\u00fcgung. Vor dem Museum befindet sich au\u00dferdem ein komplett renovierter <strong>Spielplatz<\/strong> mit einer der l\u00e4ngsten Rutschen im Trentino. <\/p>\n\n\n\n<p><strong>Achtung, der Debit-\/Kreditkartenservice funktioniert im Museum nicht.<\/strong><\/p>\n<\/div><\/div>\n<\/div><\/div>\n<\/div>\n\n\n\n<div class=\"wp-block-column is-layout-flow wp-block-column-is-layout-flow\">\n<div class=\"wp-block-group\"><div class=\"wp-block-group__inner-container is-layout-constrained wp-block-group-is-layout-constrained\">\n<h2 class=\"wp-block-heading\">Fahrpl\u00e4ne<\/h2>\n\n\n\n<div class=\"wp-block-group\"><div class=\"wp-block-group__inner-container is-layout-constrained wp-block-group-is-layout-constrained\">\n<p>Die \u00d6ffnungszeiten des Museums sind wie folgt: von <strong>10:00<\/strong> bis <strong>12:30<\/strong> Uhr morgens und von <strong>13:30<\/strong> bis <strong>18:00<\/strong> Uhr nachmittags.<\/p>\n\n\n\n<p>Andere Tage und Zeiten sind f\u00fcr Gruppen nach vorheriger <strong>Reservierung<\/strong> m\u00f6glich.<\/p>\n<\/div><\/div>\n<\/div><\/div>\n\n\n\n<div class=\"wp-block-group\"><div class=\"wp-block-group__inner-container is-layout-constrained wp-block-group-is-layout-constrained\">\n<h2 class=\"wp-block-heading\">Tariffe<\/h2>\n\n\n\n<div class=\"wp-block-group\"><div class=\"wp-block-group__inner-container is-layout-constrained wp-block-group-is-layout-constrained\">\n<p>Die Eintrittskarte f\u00fcr den Besuch der Mine <strong>beinhaltet<\/strong> den Besuch der Edremolo-Mine. Mit dem gleichen Ticket ist es daher m\u00f6glich, beide Museen zu besuchen. <\/p>\n\n\n\n<ul class=\"wp-block-list\">\n<li><strong>8 Euro<\/strong> Vollticket (Bergwerk + Museum), 5 Euro erm\u00e4\u00dfigt und nur Museum (f\u00fcr Kinder zwischen 4 und 12 Jahren inklusive, Senioren \u00fcber 65 Jahre, Einwohner der Gemeinden Fierozzo, Frassilongo und Sant&#8217;Orsola Terme)<\/li>\n\n\n\n<li><strong>20-Euro<\/strong>-Familienticket (zwei Erwachsene und maximal 3 Kinder bis 12 Jahre)<\/li>\n\n\n\n<li><strong>Jeweils 5 Euro f\u00fcr Gruppen ab 24 Personen<\/strong><\/li>\n\n\n\n<li><strong>3 Euro<\/strong> pro Person f\u00fcr Gruppen von Kindern oder Jugendlichen bis 18 Jahre.<\/li>\n\n\n\n<li><strong>Kostenlos<\/strong> f\u00fcr Einwohner und AIRE-Mitglieder der Gemeinde Pal\u00f9 del Fersina; Kinder von 0 bis 3 Jahren inklusive.<\/li>\n\n\n\n<li>1 <strong>Freikarte<\/strong> f\u00fcr Gruppenleiter pro 12 Personen.<\/li>\n<\/ul>\n<\/div><\/div>\n<\/div><\/div>\n\n\n\n<div class=\"wp-block-group\"><div class=\"wp-block-group__inner-container is-layout-constrained wp-block-group-is-layout-constrained\">\n<h2 class=\"wp-block-heading\">Infos und Reservierungen<\/h2>\n\n\n\n<div class=\"wp-block-group\"><div class=\"wp-block-group__inner-container is-layout-constrained wp-block-group-is-layout-constrained\">\n<p>Online:     <span class=\"prenota\" onclick=\"var a = document.createElement('a'); a.href = 'tel:+39 3463627221'; document.body.appendChild(a); a.click(); document.body.removeChild(a);\">Prenota<\/span>\n<\/p>\n\n\n\n<p>Telefon: <strong>346 3627221<\/strong><br>Whatsapp: <strong>346 3627221<\/strong><br>Email: <strong>museospergmandlpalai@gmail.com<\/strong><\/p>\n<\/div><\/div>\n<\/div><\/div>\n<\/div>\n<\/div>\n\n\n\n<div class=\"wp-block-columns blocco-immagine-pocotesto is-layout-flex wp-container-core-columns-is-layout-9d6595d7 wp-block-columns-is-layout-flex\">\n<div class=\"wp-block-column is-layout-flow wp-block-column-is-layout-flow\">\n<figure class=\"wp-block-embed is-type-video is-provider-youtube wp-block-embed-youtube wp-embed-aspect-16-9 wp-has-aspect-ratio\"><div class=\"wp-block-embed__wrapper\">\n<iframe loading=\"lazy\" title=\"A Pal\u00f9 del Fersina un museo speciale! - Museo S P\u00e8rgmandhaus\" width=\"500\" height=\"281\" src=\"https:\/\/www.youtube.com\/embed\/0qtaqYkqnYg?feature=oembed\" frameborder=\"0\" allow=\"accelerometer; autoplay; clipboard-write; encrypted-media; gyroscope; picture-in-picture; web-share\" referrerpolicy=\"strict-origin-when-cross-origin\" allowfullscreen><\/iframe>\n<\/div><\/figure>\n<\/div>\n\n\n\n<div class=\"wp-block-column is-layout-flow wp-block-column-is-layout-flow\">\n<h3 class=\"wp-block-heading\"><strong>Reservierungen<\/strong><\/h3>\n\n\n\n<p>Jeden Samstag und Sonntag um 10.30 und 16.30 Uhr<em> (nur mit Reservierung) <\/em>das Museum<strong> S P\u00e8rgmandlhaus <\/strong>schl\u00e4gt vor, ein lustiger <strong>Schatzsuche<\/strong>, in dem Jungen und M\u00e4dchen Hinweise finden k\u00f6nnen, die der F\u00fchrer w\u00e4hrend des Besuchs erz\u00e4hlt hat, und so einen kleinen Schatz mit nach Hause nehmen k\u00f6nnen.<\/p>\n\n\n    <span class=\"prenota\" onclick=\"var a = document.createElement('a'); a.href = 'tel:+39 3463627221'; document.body.appendChild(a); a.click(); document.body.removeChild(a);\">Prenota<\/span>\n\n<\/div>\n<\/div>\n\n\n\n<div class=\"wp-block-columns is-layout-flex wp-container-core-columns-is-layout-9d6595d7 wp-block-columns-is-layout-flex\">\n<div class=\"wp-block-column is-layout-flow wp-block-column-is-layout-flow\">\n<figure class=\"wp-block-gallery has-nested-images columns-default is-cropped wp-block-gallery-1 is-layout-flex wp-block-gallery-is-layout-flex\">\n<figure class=\"wp-block-image size-large\"><img decoding=\"async\" width=\"1024\" height=\"683\" data-id=\"1111\" src=\"https:\/\/www.umpalai.it\/wp-content\/uploads\/2024\/04\/Miniera-46-1024x683.webp\" alt=\"\" class=\"wp-image-1111\" srcset=\"https:\/\/www.umpalai.it\/wp-content\/uploads\/2024\/04\/Miniera-46-1024x683.webp 1024w, https:\/\/www.umpalai.it\/wp-content\/uploads\/2024\/04\/Miniera-46-300x200.webp 300w, https:\/\/www.umpalai.it\/wp-content\/uploads\/2024\/04\/Miniera-46-768x512.webp 768w, https:\/\/www.umpalai.it\/wp-content\/uploads\/2024\/04\/Miniera-46-1536x1024.webp 1536w, https:\/\/www.umpalai.it\/wp-content\/uploads\/2024\/04\/Miniera-46-2048x1366.webp 2048w\" sizes=\"(max-width: 1024px) 100vw, 1024px\" \/><\/figure>\n\n\n\n<figure class=\"wp-block-image size-large\"><img decoding=\"async\" width=\"1024\" height=\"683\" data-id=\"1114\" src=\"https:\/\/www.umpalai.it\/wp-content\/uploads\/2024\/04\/Miniera-47-1024x683.webp\" alt=\"\" class=\"wp-image-1114\" srcset=\"https:\/\/www.umpalai.it\/wp-content\/uploads\/2024\/04\/Miniera-47-1024x683.webp 1024w, https:\/\/www.umpalai.it\/wp-content\/uploads\/2024\/04\/Miniera-47-300x200.webp 300w, https:\/\/www.umpalai.it\/wp-content\/uploads\/2024\/04\/Miniera-47-768x512.webp 768w, https:\/\/www.umpalai.it\/wp-content\/uploads\/2024\/04\/Miniera-47-1536x1024.webp 1536w, https:\/\/www.umpalai.it\/wp-content\/uploads\/2024\/04\/Miniera-47-2048x1366.webp 2048w\" sizes=\"(max-width: 1024px) 100vw, 1024px\" \/><\/figure>\n\n\n\n<figure class=\"wp-block-image size-large\"><img decoding=\"async\" width=\"1024\" height=\"683\" data-id=\"1108\" src=\"https:\/\/www.umpalai.it\/wp-content\/uploads\/2024\/04\/Minerali-30-1024x683.webp\" alt=\"\" class=\"wp-image-1108\" srcset=\"https:\/\/www.umpalai.it\/wp-content\/uploads\/2024\/04\/Minerali-30-1024x683.webp 1024w, https:\/\/www.umpalai.it\/wp-content\/uploads\/2024\/04\/Minerali-30-300x200.webp 300w, https:\/\/www.umpalai.it\/wp-content\/uploads\/2024\/04\/Minerali-30-768x512.webp 768w, https:\/\/www.umpalai.it\/wp-content\/uploads\/2024\/04\/Minerali-30-1536x1024.webp 1536w, https:\/\/www.umpalai.it\/wp-content\/uploads\/2024\/04\/Minerali-30-2048x1366.webp 2048w\" sizes=\"(max-width: 1024px) 100vw, 1024px\" \/><\/figure>\n<\/figure>\n<\/div>\n<\/div>\n","protected":false},"excerpt":{"rendered":"<p>Im Museum S. P\u00e8rgmandlhaus wird auf zwei Etagen symbolisch eine f\u00fcr das Fersinatal wichtige Aktivit\u00e4t dargestellt, die es wirtschaftlich, anthropologisch und \u00f6kologisch beeinflusst. Erkunden Sie das Museum S. P\u00e8rgmandlhaus in Pal\u00f9 del Fersina und tauchen Sie ein in die Bergbaugeschichte des Fersinatals. Durch eine Galerie mit mit Kupferadern verzierten W\u00e4nden werden Sie auf eine innovative [&hellip;]<\/p>\n","protected":false},"author":1,"featured_media":644,"comment_status":"closed","ping_status":"open","sticky":false,"template":"","format":"standard","meta":{"_acf_changed":false,"footnotes":""},"categories":[72,68],"tags":[],"class_list":["post-825","post","type-post","status-publish","format-standard","has-post-thumbnail","hentry","category-museen","category-fur-kinder"],"acf":[],"yoast_head":"<!-- This site is optimized with the Yoast SEO plugin v27.5 - https:\/\/yoast.com\/product\/yoast-seo-wordpress\/ -->\n<title>S Pergmandlhaus Museum - Um Palai<\/title>\n<meta name=\"description\" content=\"Erkunden Sie das Museum S. P\u00e8rgmandlhaus in Pal\u00f9 del Fersina und tauchen Sie ein in die Bergbaugeschichte des Fersinatals. Durch eine Galerie mit mit Kupferadern verzierten W\u00e4nden werden Besucher auf eine innovative Reise mitgenommen, die die Welt des Bergbaus und das Leben der Bergleute feiert.\" \/>\n<meta name=\"robots\" content=\"index, follow, max-snippet:-1, max-image-preview:large, max-video-preview:-1\" \/>\n<link rel=\"canonical\" href=\"https:\/\/www.umpalai.it\/de\/museen\/s-pergmandlhaus-museum\/\" \/>\n<meta property=\"og:locale\" content=\"de_DE\" \/>\n<meta property=\"og:type\" content=\"article\" \/>\n<meta property=\"og:title\" content=\"S Pergmandlhaus Museum - Um Palai\" \/>\n<meta property=\"og:description\" content=\"Erkunden Sie das Museum S. P\u00e8rgmandlhaus in Pal\u00f9 del Fersina und tauchen Sie ein in die Bergbaugeschichte des Fersinatals. Durch eine Galerie mit mit Kupferadern verzierten W\u00e4nden werden Besucher auf eine innovative Reise mitgenommen, die die Welt des Bergbaus und das Leben der Bergleute feiert.\" \/>\n<meta property=\"og:url\" content=\"https:\/\/www.umpalai.it\/de\/museen\/s-pergmandlhaus-museum\/\" \/>\n<meta property=\"og:site_name\" content=\"Um Palai\" \/>\n<meta property=\"article:publisher\" content=\"https:\/\/www.facebook.com\/PaludelFersina\/\" \/>\n<meta property=\"article:published_time\" content=\"2024-04-08T16:25:56+00:00\" \/>\n<meta property=\"article:modified_time\" content=\"2025-10-08T15:29:24+00:00\" \/>\n<meta property=\"og:image\" content=\"https:\/\/www.umpalai.it\/wp-content\/uploads\/2024\/04\/Museo-Muse-Sperg-Manal-Haus-\u00a9-foto-Daniele-Mosna-9576.webp\" \/>\n\t<meta property=\"og:image:width\" content=\"2560\" \/>\n\t<meta property=\"og:image:height\" content=\"1920\" \/>\n\t<meta property=\"og:image:type\" content=\"image\/webp\" \/>\n<meta name=\"author\" content=\"Leveloop\" \/>\n<meta name=\"twitter:card\" content=\"summary_large_image\" \/>\n<meta name=\"twitter:label1\" content=\"Verfasst von\" \/>\n\t<meta name=\"twitter:data1\" content=\"Leveloop\" \/>\n\t<meta name=\"twitter:label2\" content=\"Gesch\u00e4tzte Lesezeit\" \/>\n\t<meta name=\"twitter:data2\" content=\"4\u00a0Minuten\" \/>\n<script type=\"application\/ld+json\" class=\"yoast-schema-graph\">{\"@context\":\"https:\\\/\\\/schema.org\",\"@graph\":[{\"@type\":\"Article\",\"@id\":\"https:\\\/\\\/www.umpalai.it\\\/de\\\/museen\\\/s-pergmandlhaus-museum\\\/#article\",\"isPartOf\":{\"@id\":\"https:\\\/\\\/www.umpalai.it\\\/de\\\/museen\\\/s-pergmandlhaus-museum\\\/\"},\"author\":{\"name\":\"Leveloop\",\"@id\":\"https:\\\/\\\/www.umpalai.it\\\/de\\\/#\\\/schema\\\/person\\\/c4bb30f288911db2984cdac473ab9b88\"},\"headline\":\"S Pergmandlhaus Museum\",\"datePublished\":\"2024-04-08T16:25:56+00:00\",\"dateModified\":\"2025-10-08T15:29:24+00:00\",\"mainEntityOfPage\":{\"@id\":\"https:\\\/\\\/www.umpalai.it\\\/de\\\/museen\\\/s-pergmandlhaus-museum\\\/\"},\"wordCount\":549,\"publisher\":{\"@id\":\"https:\\\/\\\/www.umpalai.it\\\/de\\\/#organization\"},\"image\":{\"@id\":\"https:\\\/\\\/www.umpalai.it\\\/de\\\/museen\\\/s-pergmandlhaus-museum\\\/#primaryimage\"},\"thumbnailUrl\":\"https:\\\/\\\/www.umpalai.it\\\/wp-content\\\/uploads\\\/2024\\\/04\\\/Museo-Muse-Sperg-Manal-Haus-\u00a9-foto-Daniele-Mosna-9576.webp\",\"articleSection\":[\"Museen\",\"F\u00fcr Kinder\"],\"inLanguage\":\"de\"},{\"@type\":\"WebPage\",\"@id\":\"https:\\\/\\\/www.umpalai.it\\\/de\\\/museen\\\/s-pergmandlhaus-museum\\\/\",\"url\":\"https:\\\/\\\/www.umpalai.it\\\/de\\\/museen\\\/s-pergmandlhaus-museum\\\/\",\"name\":\"S Pergmandlhaus Museum - Um Palai\",\"isPartOf\":{\"@id\":\"https:\\\/\\\/www.umpalai.it\\\/de\\\/#website\"},\"primaryImageOfPage\":{\"@id\":\"https:\\\/\\\/www.umpalai.it\\\/de\\\/museen\\\/s-pergmandlhaus-museum\\\/#primaryimage\"},\"image\":{\"@id\":\"https:\\\/\\\/www.umpalai.it\\\/de\\\/museen\\\/s-pergmandlhaus-museum\\\/#primaryimage\"},\"thumbnailUrl\":\"https:\\\/\\\/www.umpalai.it\\\/wp-content\\\/uploads\\\/2024\\\/04\\\/Museo-Muse-Sperg-Manal-Haus-\u00a9-foto-Daniele-Mosna-9576.webp\",\"datePublished\":\"2024-04-08T16:25:56+00:00\",\"dateModified\":\"2025-10-08T15:29:24+00:00\",\"description\":\"Erkunden Sie das Museum S. P\u00e8rgmandlhaus in Pal\u00f9 del Fersina und tauchen Sie ein in die Bergbaugeschichte des Fersinatals. Durch eine Galerie mit mit Kupferadern verzierten W\u00e4nden werden Besucher auf eine innovative Reise mitgenommen, die die Welt des Bergbaus und das Leben der Bergleute feiert.\",\"breadcrumb\":{\"@id\":\"https:\\\/\\\/www.umpalai.it\\\/de\\\/museen\\\/s-pergmandlhaus-museum\\\/#breadcrumb\"},\"inLanguage\":\"de\",\"potentialAction\":[{\"@type\":\"ReadAction\",\"target\":[\"https:\\\/\\\/www.umpalai.it\\\/de\\\/museen\\\/s-pergmandlhaus-museum\\\/\"]}]},{\"@type\":\"ImageObject\",\"inLanguage\":\"de\",\"@id\":\"https:\\\/\\\/www.umpalai.it\\\/de\\\/museen\\\/s-pergmandlhaus-museum\\\/#primaryimage\",\"url\":\"https:\\\/\\\/www.umpalai.it\\\/wp-content\\\/uploads\\\/2024\\\/04\\\/Museo-Muse-Sperg-Manal-Haus-\u00a9-foto-Daniele-Mosna-9576.webp\",\"contentUrl\":\"https:\\\/\\\/www.umpalai.it\\\/wp-content\\\/uploads\\\/2024\\\/04\\\/Museo-Muse-Sperg-Manal-Haus-\u00a9-foto-Daniele-Mosna-9576.webp\",\"width\":2560,\"height\":1920,\"caption\":\"Museo S P\u00e8rgmandlhaus\"},{\"@type\":\"BreadcrumbList\",\"@id\":\"https:\\\/\\\/www.umpalai.it\\\/de\\\/museen\\\/s-pergmandlhaus-museum\\\/#breadcrumb\",\"itemListElement\":[{\"@type\":\"ListItem\",\"position\":1,\"name\":\"Home\",\"item\":\"https:\\\/\\\/www.umpalai.it\\\/de\\\/\"},{\"@type\":\"ListItem\",\"position\":2,\"name\":\"S Pergmandlhaus Museum\"}]},{\"@type\":\"WebSite\",\"@id\":\"https:\\\/\\\/www.umpalai.it\\\/de\\\/#website\",\"url\":\"https:\\\/\\\/www.umpalai.it\\\/de\\\/\",\"name\":\"Pal\u00f9 del Fersina\",\"description\":\"Im Herzen des Fersental\",\"publisher\":{\"@id\":\"https:\\\/\\\/www.umpalai.it\\\/de\\\/#organization\"},\"potentialAction\":[{\"@type\":\"SearchAction\",\"target\":{\"@type\":\"EntryPoint\",\"urlTemplate\":\"https:\\\/\\\/www.umpalai.it\\\/de\\\/?s={search_term_string}\"},\"query-input\":{\"@type\":\"PropertyValueSpecification\",\"valueRequired\":true,\"valueName\":\"search_term_string\"}}],\"inLanguage\":\"de\"},{\"@type\":\"Organization\",\"@id\":\"https:\\\/\\\/www.umpalai.it\\\/de\\\/#organization\",\"name\":\"Pal\u00f9 del Fersina\",\"url\":\"https:\\\/\\\/www.umpalai.it\\\/de\\\/\",\"logo\":{\"@type\":\"ImageObject\",\"inLanguage\":\"de\",\"@id\":\"https:\\\/\\\/www.umpalai.it\\\/de\\\/#\\\/schema\\\/logo\\\/image\\\/\",\"url\":\"https:\\\/\\\/www.umpalai.it\\\/wp-content\\\/uploads\\\/2024\\\/04\\\/um-palai.png\",\"contentUrl\":\"https:\\\/\\\/www.umpalai.it\\\/wp-content\\\/uploads\\\/2024\\\/04\\\/um-palai.png\",\"width\":1211,\"height\":823,\"caption\":\"Pal\u00f9 del Fersina\"},\"image\":{\"@id\":\"https:\\\/\\\/www.umpalai.it\\\/de\\\/#\\\/schema\\\/logo\\\/image\\\/\"},\"sameAs\":[\"https:\\\/\\\/www.facebook.com\\\/PaludelFersina\\\/\"]},{\"@type\":\"Person\",\"@id\":\"https:\\\/\\\/www.umpalai.it\\\/de\\\/#\\\/schema\\\/person\\\/c4bb30f288911db2984cdac473ab9b88\",\"name\":\"Leveloop\",\"image\":{\"@type\":\"ImageObject\",\"inLanguage\":\"de\",\"@id\":\"https:\\\/\\\/secure.gravatar.com\\\/avatar\\\/133c970b7ee8e2c97707f8b51c7448c6a8709e26c293cf3c648efb8cca74ab87?s=96&d=mm&r=g\",\"url\":\"https:\\\/\\\/secure.gravatar.com\\\/avatar\\\/133c970b7ee8e2c97707f8b51c7448c6a8709e26c293cf3c648efb8cca74ab87?s=96&d=mm&r=g\",\"contentUrl\":\"https:\\\/\\\/secure.gravatar.com\\\/avatar\\\/133c970b7ee8e2c97707f8b51c7448c6a8709e26c293cf3c648efb8cca74ab87?s=96&d=mm&r=g\",\"caption\":\"Leveloop\"}}]}<\/script>\n<!-- \/ Yoast SEO plugin. -->","yoast_head_json":{"title":"S Pergmandlhaus Museum - Um Palai","description":"Erkunden Sie das Museum S. P\u00e8rgmandlhaus in Pal\u00f9 del Fersina und tauchen Sie ein in die Bergbaugeschichte des Fersinatals. Durch eine Galerie mit mit Kupferadern verzierten W\u00e4nden werden Besucher auf eine innovative Reise mitgenommen, die die Welt des Bergbaus und das Leben der Bergleute feiert.","robots":{"index":"index","follow":"follow","max-snippet":"max-snippet:-1","max-image-preview":"max-image-preview:large","max-video-preview":"max-video-preview:-1"},"canonical":"https:\/\/www.umpalai.it\/de\/museen\/s-pergmandlhaus-museum\/","og_locale":"de_DE","og_type":"article","og_title":"S Pergmandlhaus Museum - Um Palai","og_description":"Erkunden Sie das Museum S. P\u00e8rgmandlhaus in Pal\u00f9 del Fersina und tauchen Sie ein in die Bergbaugeschichte des Fersinatals. Durch eine Galerie mit mit Kupferadern verzierten W\u00e4nden werden Besucher auf eine innovative Reise mitgenommen, die die Welt des Bergbaus und das Leben der Bergleute feiert.","og_url":"https:\/\/www.umpalai.it\/de\/museen\/s-pergmandlhaus-museum\/","og_site_name":"Um Palai","article_publisher":"https:\/\/www.facebook.com\/PaludelFersina\/","article_published_time":"2024-04-08T16:25:56+00:00","article_modified_time":"2025-10-08T15:29:24+00:00","og_image":[{"width":2560,"height":1920,"url":"https:\/\/www.umpalai.it\/wp-content\/uploads\/2024\/04\/Museo-Muse-Sperg-Manal-Haus-\u00a9-foto-Daniele-Mosna-9576.webp","type":"image\/webp"}],"author":"Leveloop","twitter_card":"summary_large_image","twitter_misc":{"Verfasst von":"Leveloop","Gesch\u00e4tzte Lesezeit":"4\u00a0Minuten"},"schema":{"@context":"https:\/\/schema.org","@graph":[{"@type":"Article","@id":"https:\/\/www.umpalai.it\/de\/museen\/s-pergmandlhaus-museum\/#article","isPartOf":{"@id":"https:\/\/www.umpalai.it\/de\/museen\/s-pergmandlhaus-museum\/"},"author":{"name":"Leveloop","@id":"https:\/\/www.umpalai.it\/de\/#\/schema\/person\/c4bb30f288911db2984cdac473ab9b88"},"headline":"S Pergmandlhaus Museum","datePublished":"2024-04-08T16:25:56+00:00","dateModified":"2025-10-08T15:29:24+00:00","mainEntityOfPage":{"@id":"https:\/\/www.umpalai.it\/de\/museen\/s-pergmandlhaus-museum\/"},"wordCount":549,"publisher":{"@id":"https:\/\/www.umpalai.it\/de\/#organization"},"image":{"@id":"https:\/\/www.umpalai.it\/de\/museen\/s-pergmandlhaus-museum\/#primaryimage"},"thumbnailUrl":"https:\/\/www.umpalai.it\/wp-content\/uploads\/2024\/04\/Museo-Muse-Sperg-Manal-Haus-\u00a9-foto-Daniele-Mosna-9576.webp","articleSection":["Museen","F\u00fcr Kinder"],"inLanguage":"de"},{"@type":"WebPage","@id":"https:\/\/www.umpalai.it\/de\/museen\/s-pergmandlhaus-museum\/","url":"https:\/\/www.umpalai.it\/de\/museen\/s-pergmandlhaus-museum\/","name":"S Pergmandlhaus Museum - Um Palai","isPartOf":{"@id":"https:\/\/www.umpalai.it\/de\/#website"},"primaryImageOfPage":{"@id":"https:\/\/www.umpalai.it\/de\/museen\/s-pergmandlhaus-museum\/#primaryimage"},"image":{"@id":"https:\/\/www.umpalai.it\/de\/museen\/s-pergmandlhaus-museum\/#primaryimage"},"thumbnailUrl":"https:\/\/www.umpalai.it\/wp-content\/uploads\/2024\/04\/Museo-Muse-Sperg-Manal-Haus-\u00a9-foto-Daniele-Mosna-9576.webp","datePublished":"2024-04-08T16:25:56+00:00","dateModified":"2025-10-08T15:29:24+00:00","description":"Erkunden Sie das Museum S. P\u00e8rgmandlhaus in Pal\u00f9 del Fersina und tauchen Sie ein in die Bergbaugeschichte des Fersinatals. Durch eine Galerie mit mit Kupferadern verzierten W\u00e4nden werden Besucher auf eine innovative Reise mitgenommen, die die Welt des Bergbaus und das Leben der Bergleute feiert.","breadcrumb":{"@id":"https:\/\/www.umpalai.it\/de\/museen\/s-pergmandlhaus-museum\/#breadcrumb"},"inLanguage":"de","potentialAction":[{"@type":"ReadAction","target":["https:\/\/www.umpalai.it\/de\/museen\/s-pergmandlhaus-museum\/"]}]},{"@type":"ImageObject","inLanguage":"de","@id":"https:\/\/www.umpalai.it\/de\/museen\/s-pergmandlhaus-museum\/#primaryimage","url":"https:\/\/www.umpalai.it\/wp-content\/uploads\/2024\/04\/Museo-Muse-Sperg-Manal-Haus-\u00a9-foto-Daniele-Mosna-9576.webp","contentUrl":"https:\/\/www.umpalai.it\/wp-content\/uploads\/2024\/04\/Museo-Muse-Sperg-Manal-Haus-\u00a9-foto-Daniele-Mosna-9576.webp","width":2560,"height":1920,"caption":"Museo S P\u00e8rgmandlhaus"},{"@type":"BreadcrumbList","@id":"https:\/\/www.umpalai.it\/de\/museen\/s-pergmandlhaus-museum\/#breadcrumb","itemListElement":[{"@type":"ListItem","position":1,"name":"Home","item":"https:\/\/www.umpalai.it\/de\/"},{"@type":"ListItem","position":2,"name":"S Pergmandlhaus Museum"}]},{"@type":"WebSite","@id":"https:\/\/www.umpalai.it\/de\/#website","url":"https:\/\/www.umpalai.it\/de\/","name":"Pal\u00f9 del Fersina","description":"Im Herzen des Fersental","publisher":{"@id":"https:\/\/www.umpalai.it\/de\/#organization"},"potentialAction":[{"@type":"SearchAction","target":{"@type":"EntryPoint","urlTemplate":"https:\/\/www.umpalai.it\/de\/?s={search_term_string}"},"query-input":{"@type":"PropertyValueSpecification","valueRequired":true,"valueName":"search_term_string"}}],"inLanguage":"de"},{"@type":"Organization","@id":"https:\/\/www.umpalai.it\/de\/#organization","name":"Pal\u00f9 del Fersina","url":"https:\/\/www.umpalai.it\/de\/","logo":{"@type":"ImageObject","inLanguage":"de","@id":"https:\/\/www.umpalai.it\/de\/#\/schema\/logo\/image\/","url":"https:\/\/www.umpalai.it\/wp-content\/uploads\/2024\/04\/um-palai.png","contentUrl":"https:\/\/www.umpalai.it\/wp-content\/uploads\/2024\/04\/um-palai.png","width":1211,"height":823,"caption":"Pal\u00f9 del Fersina"},"image":{"@id":"https:\/\/www.umpalai.it\/de\/#\/schema\/logo\/image\/"},"sameAs":["https:\/\/www.facebook.com\/PaludelFersina\/"]},{"@type":"Person","@id":"https:\/\/www.umpalai.it\/de\/#\/schema\/person\/c4bb30f288911db2984cdac473ab9b88","name":"Leveloop","image":{"@type":"ImageObject","inLanguage":"de","@id":"https:\/\/secure.gravatar.com\/avatar\/133c970b7ee8e2c97707f8b51c7448c6a8709e26c293cf3c648efb8cca74ab87?s=96&d=mm&r=g","url":"https:\/\/secure.gravatar.com\/avatar\/133c970b7ee8e2c97707f8b51c7448c6a8709e26c293cf3c648efb8cca74ab87?s=96&d=mm&r=g","contentUrl":"https:\/\/secure.gravatar.com\/avatar\/133c970b7ee8e2c97707f8b51c7448c6a8709e26c293cf3c648efb8cca74ab87?s=96&d=mm&r=g","caption":"Leveloop"}}]}},"_links":{"self":[{"href":"https:\/\/www.umpalai.it\/de\/wp-json\/wp\/v2\/posts\/825","targetHints":{"allow":["GET"]}}],"collection":[{"href":"https:\/\/www.umpalai.it\/de\/wp-json\/wp\/v2\/posts"}],"about":[{"href":"https:\/\/www.umpalai.it\/de\/wp-json\/wp\/v2\/types\/post"}],"author":[{"embeddable":true,"href":"https:\/\/www.umpalai.it\/de\/wp-json\/wp\/v2\/users\/1"}],"replies":[{"embeddable":true,"href":"https:\/\/www.umpalai.it\/de\/wp-json\/wp\/v2\/comments?post=825"}],"version-history":[{"count":5,"href":"https:\/\/www.umpalai.it\/de\/wp-json\/wp\/v2\/posts\/825\/revisions"}],"predecessor-version":[{"id":2540,"href":"https:\/\/www.umpalai.it\/de\/wp-json\/wp\/v2\/posts\/825\/revisions\/2540"}],"wp:featuredmedia":[{"embeddable":true,"href":"https:\/\/www.umpalai.it\/de\/wp-json\/wp\/v2\/media\/644"}],"wp:attachment":[{"href":"https:\/\/www.umpalai.it\/de\/wp-json\/wp\/v2\/media?parent=825"}],"wp:term":[{"taxonomy":"category","embeddable":true,"href":"https:\/\/www.umpalai.it\/de\/wp-json\/wp\/v2\/categories?post=825"},{"taxonomy":"post_tag","embeddable":true,"href":"https:\/\/www.umpalai.it\/de\/wp-json\/wp\/v2\/tags?post=825"}],"curies":[{"name":"wp","href":"https:\/\/api.w.org\/{rel}","templated":true}]}}