{"id":1413,"date":"2024-04-08T16:27:33","date_gmt":"2024-04-08T16:27:33","guid":{"rendered":"https:\/?p=1413"},"modified":"2025-10-08T14:23:29","modified_gmt":"2025-10-08T14:23:29","slug":"erdemolo-mine","status":"publish","type":"post","link":"https:\/\/www.umpalai.it\/en\/museums\/erdemolo-mine\/","title":{"rendered":"Erdemolo Mine"},"content":{"rendered":"\n<div class=\"wp-block-columns is-layout-flex wp-container-core-columns-is-layout-9d6595d7 wp-block-columns-is-layout-flex\">\n<div class=\"wp-block-column is-layout-flow wp-block-column-is-layout-flow\">\n<h2 class=\"wp-block-heading\">The dark and strenuous life of the canopi, miners arriving from Bohemia and Tyrol, told within the galleries of the Erdemolo Mine<\/h2>\n<\/div>\n<\/div>\n\n\n\n<div class=\"wp-block-columns blocco-testo-immagine is-layout-flex wp-container-core-columns-is-layout-9d6595d7 wp-block-columns-is-layout-flex\">\n<div class=\"wp-block-column is-layout-flow wp-block-column-is-layout-flow\">\n<p>Explore the Gruab va Hardimbl mine in Pal\u00f9 del Fersina, located at 1700 meters above sea level and accessible along the trail leading to Lake Erdemolo. This ancient mine, operational between 1400 and 1650, now opens its doors to the public eager to immerse themselves in the history of the Fersina Valley.<\/p>\n\n\n\n<p>Inside, visitors will find showcases displaying historical artifacts, including miners&#8217; tools, their clothing, and extracted minerals. During the guided tour, you will discover details about the miners&#8217; way of life and their close connection with the surrounding territory.<\/p>\n\n\n\n<p>Discover a surprising world inside the mountain, with tunnels, galleries, and stairs that narrate the toil and courage of a life spent in the depths of the earth. Relive unique emotions as you explore this millennia-old history and admire the splendid stones and minerals that tell their fascinating origin.<\/p>\n<\/div>\n\n\n\n<div class=\"wp-block-column is-layout-flow wp-block-column-is-layout-flow\">\n<figure class=\"wp-block-image size-full\"><img decoding=\"async\" width=\"2560\" height=\"1707\" src=\"https:\/\/www.umpalai.it\/wp-content\/uploads\/2024\/04\/Miniera-Palu-ap2017-3657.webp\" alt=\"\" class=\"wp-image-503\" srcset=\"https:\/\/www.umpalai.it\/wp-content\/uploads\/2024\/04\/Miniera-Palu-ap2017-3657.webp 2560w, https:\/\/www.umpalai.it\/wp-content\/uploads\/2024\/04\/Miniera-Palu-ap2017-3657-300x200.webp 300w, https:\/\/www.umpalai.it\/wp-content\/uploads\/2024\/04\/Miniera-Palu-ap2017-3657-1024x683.webp 1024w, https:\/\/www.umpalai.it\/wp-content\/uploads\/2024\/04\/Miniera-Palu-ap2017-3657-768x512.webp 768w, https:\/\/www.umpalai.it\/wp-content\/uploads\/2024\/04\/Miniera-Palu-ap2017-3657-1536x1024.webp 1536w, https:\/\/www.umpalai.it\/wp-content\/uploads\/2024\/04\/Miniera-Palu-ap2017-3657-2048x1366.webp 2048w\" sizes=\"(max-width: 2560px) 100vw, 2560px\" \/><\/figure>\n<\/div>\n<\/div>\n\n\n\n<div class=\"wp-block-columns blocco-info is-layout-flex wp-container-core-columns-is-layout-9d6595d7 wp-block-columns-is-layout-flex\">\n<div class=\"wp-block-column is-layout-flow wp-block-column-is-layout-flow\">\n<div class=\"wp-block-group\"><div class=\"wp-block-group__inner-container is-layout-constrained wp-block-group-is-layout-constrained\">\n<h2 class=\"wp-block-heading\">Quando \u00e8 aperto<\/h2>\n\n\n\n<div class=\"wp-block-group\"><div class=\"wp-block-group__inner-container is-layout-constrained wp-block-group-is-layout-constrained\">\n<p>The Gruab va Hardimbl Mine is open during the 2025 season from June to September. In June and September, it is open only on Saturdays and Sundays. In July and August, it is open from Tuesday to Sunday. Group visits can also be arranged on other days upon reservation.<\/p>\n<\/div><\/div>\n<\/div><\/div>\n\n\n\n<div class=\"wp-block-group\"><div class=\"wp-block-group__inner-container is-layout-constrained wp-block-group-is-layout-constrained\">\n<h2 class=\"wp-block-heading\">How to get there<\/h2>\n\n\n\n<div class=\"wp-block-group\"><div class=\"wp-block-group__inner-container is-layout-constrained wp-block-group-is-layout-constrained\">\n<p>From Trento, take the ring road and then the SS47 Valsugana towards Padua. Exit at Pergine Valsugana and follow the signs for Val dei M\u00f2cheni until you reach Pal\u00f9 del Fersina, locality Vr\u00f2ttn, where there is ample paid parking (6 \u20ac for the whole day). To reach the mine, there is a convenient forest road accessible only on foot with a pleasant walk of about 45 minutes (direction Lake Erdemolo).<\/p>\n\n\n\n<p>A convenient free parking area is instead located further downstream next to the sports field (an additional 40 minutes walk).<\/p>\n<\/div><\/div>\n<\/div><\/div>\n\n\n\n<div class=\"wp-block-group\"><div class=\"wp-block-group__inner-container is-layout-constrained wp-block-group-is-layout-constrained\">\n<h2 class=\"wp-block-heading\">To know<\/h2>\n\n\n\n<div class=\"wp-block-group\"><div class=\"wp-block-group__inner-container is-layout-constrained wp-block-group-is-layout-constrained\">\n<p>You enter the mine only with guided tours at scheduled times. The maximum number of people per entry is set at twelve. Children of all ages can enter; those under ten years old must be accompanied by an adult. In the mine, the temperature is 8\u00b0C, so appropriate clothing is recommended. Helmets and raincoats are provided at the start.<\/p>\n\n\n\n<p>It is communicated that for safety reasons, it is not permitted to enter the Mine with dogs or other animals.<\/p>\n\n\n\n<p>If the visitor possesses the Trentino Guest Card, issued by the accommodation where they are staying, please take a screenshot of the card.<\/p>\n\n\n\n<p>Please note, there is no ATM\/credit card service available in the mine.<\/p>\n<\/div><\/div>\n<\/div><\/div>\n<\/div>\n\n\n\n<div class=\"wp-block-column is-layout-flow wp-block-column-is-layout-flow\">\n<div class=\"wp-block-group\"><div class=\"wp-block-group__inner-container is-layout-constrained wp-block-group-is-layout-constrained\">\n<h2 class=\"wp-block-heading\">Opening hours<\/h2>\n\n\n\n<div class=\"wp-block-group\"><div class=\"wp-block-group__inner-container is-layout-constrained wp-block-group-is-layout-constrained\">\n<p>The guided tour times are: 10:00 AM, 10:45 AM, 11:30 AM, 1:30 PM, 2:15 PM, 3:00 PM, 3:45 PM, 4:30 PM, and 5:15 PM.<\/p>\n\n\n\n<p>Other days and times are available for groups upon reservation.<\/p>\n\n\n\n<p>Please arrive at least 10 minutes before the scheduled start time of the guided tour.<\/p>\n<\/div><\/div>\n<\/div><\/div>\n\n\n\n<div class=\"wp-block-group\"><div class=\"wp-block-group__inner-container is-layout-constrained wp-block-group-is-layout-constrained\">\n<h2 class=\"wp-block-heading\">Rates<\/h2>\n\n\n\n<div class=\"wp-block-group\"><div class=\"wp-block-group__inner-container is-layout-constrained wp-block-group-is-layout-constrained\">\n<p>The ticket for the mine visit includes admission to the S P\u00e8rgmandlhaus Museum. With the same ticket, you can visit both museums.<\/p>\n\n\n\n<ul class=\"wp-block-list\">\n<li>Full price ticket: 8 euros (mine + museum)<\/li>\n\n\n\n<li>Reduced price: 5 euros (only museum) for children between 4 and 12 years old, seniors over 65, residents of the municipalities of Fierozzo, Frassilongo, and Sant\u2019Orsola Terme<\/li>\n\n\n\n<li>Family ticket: 20 euros (two adults and up to 3 children up to 12 years old)<\/li>\n\n\n\n<li>Group rate: 5 euros per person for groups of 24 or more people<\/li>\n\n\n\n<li>Special group rate: 3 euros per person for groups of children or teenagers up to 18 years old<\/li>\n\n\n\n<li>Free admission for residents and AIRE registered individuals of the Municipality of Pal\u00f9 del Fersina, children from 0 to 3 years old<\/li>\n\n\n\n<li>1 free ticket for group escorts for every 12 people.<\/li>\n<\/ul>\n<\/div><\/div>\n<\/div><\/div>\n\n\n\n<div class=\"wp-block-group\"><div class=\"wp-block-group__inner-container is-layout-constrained wp-block-group-is-layout-constrained\">\n<h2 class=\"wp-block-heading\">Info e prenotazioni<\/h2>\n\n\n\n<div class=\"wp-block-group\"><div class=\"wp-block-group__inner-container is-layout-constrained wp-block-group-is-layout-constrained\">\n\n\n<p>Online:     <span class=\"prenota\" onclick=\"window.open('https:\/\/www.card.visittrentino.it\/prenotazioneservizio.aspx?id=117&lng=en-US', '_blank')\">Prenota<\/span>\n<\/p>\n\n\n\n<p>Phone: <strong>0461 550053<\/strong><br>Whatsapp: <strong>346 3627221<\/strong><br>Email: <strong>museospergmandlpalai@gmail.com<\/strong><br>Instagram: <strong>Museo Miniera dell\u2019Erdemolo<\/strong><\/p>\n<\/div><\/div>\n<\/div><\/div>\n<\/div>\n<\/div>\n\n\n\n<div class=\"wp-block-columns blocco-immagine-pocotesto is-layout-flex wp-container-core-columns-is-layout-9d6595d7 wp-block-columns-is-layout-flex\">\n<div class=\"wp-block-column is-layout-flow wp-block-column-is-layout-flow\">\n<figure class=\"wp-block-image size-large\"><img decoding=\"async\" width=\"1024\" height=\"683\" src=\"https:\/\/www.umpalai.it\/wp-content\/uploads\/2024\/04\/Miniera-Palu-ap2017-2923-1024x683.webp\" alt=\"Miniera dell'Erdemolo\" class=\"wp-image-506\" srcset=\"https:\/\/www.umpalai.it\/wp-content\/uploads\/2024\/04\/Miniera-Palu-ap2017-2923-1024x683.webp 1024w, https:\/\/www.umpalai.it\/wp-content\/uploads\/2024\/04\/Miniera-Palu-ap2017-2923-300x200.webp 300w, https:\/\/www.umpalai.it\/wp-content\/uploads\/2024\/04\/Miniera-Palu-ap2017-2923-768x512.webp 768w, https:\/\/www.umpalai.it\/wp-content\/uploads\/2024\/04\/Miniera-Palu-ap2017-2923-1536x1024.webp 1536w, https:\/\/www.umpalai.it\/wp-content\/uploads\/2024\/04\/Miniera-Palu-ap2017-2923-2048x1366.webp 2048w\" sizes=\"(max-width: 1024px) 100vw, 1024px\" \/><\/figure>\n<\/div>\n\n\n\n<div class=\"wp-block-column is-layout-flow wp-block-column-is-layout-flow\">\n<h3 class=\"wp-block-heading\"><strong>Bookings<\/strong><\/h3>\n\n\n\n<p>Online booking is valid and allowed ONLY if made 24 hours in advance. In case of same-day reservations, please contact the number 0461 550053.<\/p>\n\n\n\n<p>Before booking your visit, we kindly ask you to read all the information provided above.<\/p>\n\n\n    <span class=\"prenota\" onclick=\"window.open('https:\/\/www.card.visittrentino.it\/prenotazioneservizio.aspx?id=117&lng=en-US', '_blank')\">Prenota<\/span>\n\n<\/div>\n<\/div>\n\n\n\n<div class=\"wp-block-columns is-layout-flex wp-container-core-columns-is-layout-9d6595d7 wp-block-columns-is-layout-flex\">\n<div class=\"wp-block-column is-layout-flow wp-block-column-is-layout-flow\">\n<figure class=\"wp-block-gallery has-nested-images columns-default is-cropped wp-block-gallery-1 is-layout-flex wp-block-gallery-is-layout-flex\">\n<figure class=\"wp-block-image size-large\"><img decoding=\"async\" width=\"1024\" height=\"683\" data-id=\"1098\" src=\"https:\/\/www.umpalai.it\/wp-content\/uploads\/2024\/04\/Miniera-vetrina-20-1-1024x683.webp\" alt=\"\" class=\"wp-image-1098\" srcset=\"https:\/\/www.umpalai.it\/wp-content\/uploads\/2024\/04\/Miniera-vetrina-20-1-1024x683.webp 1024w, https:\/\/www.umpalai.it\/wp-content\/uploads\/2024\/04\/Miniera-vetrina-20-1-300x200.webp 300w, https:\/\/www.umpalai.it\/wp-content\/uploads\/2024\/04\/Miniera-vetrina-20-1-768x512.webp 768w, https:\/\/www.umpalai.it\/wp-content\/uploads\/2024\/04\/Miniera-vetrina-20-1-1536x1024.webp 1536w, https:\/\/www.umpalai.it\/wp-content\/uploads\/2024\/04\/Miniera-vetrina-20-1-2048x1366.webp 2048w\" sizes=\"(max-width: 1024px) 100vw, 1024px\" \/><\/figure>\n\n\n\n<figure class=\"wp-block-image size-large\"><img decoding=\"async\" width=\"1024\" height=\"683\" data-id=\"1092\" src=\"https:\/\/www.umpalai.it\/wp-content\/uploads\/2024\/04\/Miniera-5-1024x683.webp\" alt=\"\" class=\"wp-image-1092\" srcset=\"https:\/\/www.umpalai.it\/wp-content\/uploads\/2024\/04\/Miniera-5-1024x683.webp 1024w, https:\/\/www.umpalai.it\/wp-content\/uploads\/2024\/04\/Miniera-5-300x200.webp 300w, https:\/\/www.umpalai.it\/wp-content\/uploads\/2024\/04\/Miniera-5-768x512.webp 768w, https:\/\/www.umpalai.it\/wp-content\/uploads\/2024\/04\/Miniera-5-1536x1024.webp 1536w, https:\/\/www.umpalai.it\/wp-content\/uploads\/2024\/04\/Miniera-5-2048x1366.webp 2048w\" sizes=\"(max-width: 1024px) 100vw, 1024px\" \/><\/figure>\n\n\n\n<figure class=\"wp-block-image size-large\"><img decoding=\"async\" width=\"1024\" height=\"683\" data-id=\"1086\" src=\"https:\/\/www.umpalai.it\/wp-content\/uploads\/2024\/04\/Miniera-17-1024x683.webp\" alt=\"\" class=\"wp-image-1086\" srcset=\"https:\/\/www.umpalai.it\/wp-content\/uploads\/2024\/04\/Miniera-17-1024x683.webp 1024w, https:\/\/www.umpalai.it\/wp-content\/uploads\/2024\/04\/Miniera-17-300x200.webp 300w, https:\/\/www.umpalai.it\/wp-content\/uploads\/2024\/04\/Miniera-17-768x512.webp 768w, https:\/\/www.umpalai.it\/wp-content\/uploads\/2024\/04\/Miniera-17-1536x1024.webp 1536w, https:\/\/www.umpalai.it\/wp-content\/uploads\/2024\/04\/Miniera-17-2048x1366.webp 2048w\" sizes=\"(max-width: 1024px) 100vw, 1024px\" \/><\/figure>\n<\/figure>\n<\/div>\n<\/div>\n","protected":false},"excerpt":{"rendered":"<p>The dark and strenuous life of the canopi, miners arriving from Bohemia and Tyrol, told within the galleries of the Erdemolo Mine Explore the Gruab va Hardimbl mine in Pal\u00f9 del Fersina, located at 1700 meters above sea level and accessible along the trail leading to Lake Erdemolo. This ancient mine, operational between 1400 and [&hellip;]<\/p>\n","protected":false},"author":1,"featured_media":1417,"comment_status":"closed","ping_status":"open","sticky":false,"template":"","format":"standard","meta":{"_acf_changed":false,"footnotes":""},"categories":[80,79],"tags":[],"class_list":["post-1413","post","type-post","status-publish","format-standard","has-post-thumbnail","hentry","category-museums","category-for-children"],"acf":[],"yoast_head":"<!-- This site is optimized with the Yoast SEO plugin v27.5 - https:\/\/yoast.com\/product\/yoast-seo-wordpress\/ -->\n<title>Erdemolo Mine - Um Palai<\/title>\n<meta name=\"description\" content=\"The dark and strenuous life of the canopi, miners arriving from Bohemia and Tyrol, told within the galleries of the Erdemolo Mine\" \/>\n<meta name=\"robots\" content=\"index, follow, max-snippet:-1, max-image-preview:large, max-video-preview:-1\" \/>\n<link rel=\"canonical\" href=\"https:\/\/www.umpalai.it\/en\/museums\/erdemolo-mine\/\" \/>\n<meta property=\"og:locale\" content=\"en_US\" \/>\n<meta property=\"og:type\" content=\"article\" \/>\n<meta property=\"og:title\" content=\"Erdemolo Mine - Um Palai\" \/>\n<meta property=\"og:description\" content=\"The dark and strenuous life of the canopi, miners arriving from Bohemia and Tyrol, told within the galleries of the Erdemolo Mine\" \/>\n<meta property=\"og:url\" content=\"https:\/\/www.umpalai.it\/en\/museums\/erdemolo-mine\/\" \/>\n<meta property=\"og:site_name\" content=\"Um Palai\" \/>\n<meta property=\"article:publisher\" content=\"https:\/\/www.facebook.com\/PaludelFersina\/\" \/>\n<meta property=\"article:published_time\" content=\"2024-04-08T16:27:33+00:00\" \/>\n<meta property=\"article:modified_time\" content=\"2025-10-08T14:23:29+00:00\" \/>\n<meta property=\"og:image\" content=\"https:\/\/www.umpalai.it\/wp-content\/uploads\/2024\/04\/Miniera-a-Palu-del-Fersina-\u00a9-foto-Daniele-Mosna-9541.webp\" \/>\n\t<meta property=\"og:image:width\" content=\"2560\" \/>\n\t<meta property=\"og:image:height\" content=\"1707\" \/>\n\t<meta property=\"og:image:type\" content=\"image\/webp\" \/>\n<meta name=\"author\" content=\"Leveloop\" \/>\n<meta name=\"twitter:card\" content=\"summary_large_image\" \/>\n<meta name=\"twitter:label1\" content=\"Written by\" \/>\n\t<meta name=\"twitter:data1\" content=\"Leveloop\" \/>\n\t<meta name=\"twitter:label2\" content=\"Est. reading time\" \/>\n\t<meta name=\"twitter:data2\" content=\"5 minutes\" \/>\n<script type=\"application\/ld+json\" class=\"yoast-schema-graph\">{\"@context\":\"https:\\\/\\\/schema.org\",\"@graph\":[{\"@type\":\"Article\",\"@id\":\"https:\\\/\\\/www.umpalai.it\\\/en\\\/museums\\\/erdemolo-mine\\\/#article\",\"isPartOf\":{\"@id\":\"https:\\\/\\\/www.umpalai.it\\\/en\\\/museums\\\/erdemolo-mine\\\/\"},\"author\":{\"name\":\"Leveloop\",\"@id\":\"https:\\\/\\\/www.umpalai.it\\\/en\\\/#\\\/schema\\\/person\\\/c4bb30f288911db2984cdac473ab9b88\"},\"headline\":\"Erdemolo Mine\",\"datePublished\":\"2024-04-08T16:27:33+00:00\",\"dateModified\":\"2025-10-08T14:23:29+00:00\",\"mainEntityOfPage\":{\"@id\":\"https:\\\/\\\/www.umpalai.it\\\/en\\\/museums\\\/erdemolo-mine\\\/\"},\"wordCount\":636,\"image\":{\"@id\":\"https:\\\/\\\/www.umpalai.it\\\/en\\\/museums\\\/erdemolo-mine\\\/#primaryimage\"},\"thumbnailUrl\":\"https:\\\/\\\/www.umpalai.it\\\/wp-content\\\/uploads\\\/2024\\\/04\\\/Miniera-a-Palu-del-Fersina-\u00a9-foto-Daniele-Mosna-9541.webp\",\"articleSection\":[\"Museums\",\"For Children\"],\"inLanguage\":\"en-US\"},{\"@type\":\"WebPage\",\"@id\":\"https:\\\/\\\/www.umpalai.it\\\/en\\\/museums\\\/erdemolo-mine\\\/\",\"url\":\"https:\\\/\\\/www.umpalai.it\\\/en\\\/museums\\\/erdemolo-mine\\\/\",\"name\":\"Erdemolo Mine - Um Palai\",\"isPartOf\":{\"@id\":\"https:\\\/\\\/www.umpalai.it\\\/en\\\/#website\"},\"primaryImageOfPage\":{\"@id\":\"https:\\\/\\\/www.umpalai.it\\\/en\\\/museums\\\/erdemolo-mine\\\/#primaryimage\"},\"image\":{\"@id\":\"https:\\\/\\\/www.umpalai.it\\\/en\\\/museums\\\/erdemolo-mine\\\/#primaryimage\"},\"thumbnailUrl\":\"https:\\\/\\\/www.umpalai.it\\\/wp-content\\\/uploads\\\/2024\\\/04\\\/Miniera-a-Palu-del-Fersina-\u00a9-foto-Daniele-Mosna-9541.webp\",\"datePublished\":\"2024-04-08T16:27:33+00:00\",\"dateModified\":\"2025-10-08T14:23:29+00:00\",\"author\":{\"@id\":\"https:\\\/\\\/www.umpalai.it\\\/en\\\/#\\\/schema\\\/person\\\/c4bb30f288911db2984cdac473ab9b88\"},\"description\":\"The dark and strenuous life of the canopi, miners arriving from Bohemia and Tyrol, told within the galleries of the Erdemolo Mine\",\"breadcrumb\":{\"@id\":\"https:\\\/\\\/www.umpalai.it\\\/en\\\/museums\\\/erdemolo-mine\\\/#breadcrumb\"},\"inLanguage\":\"en-US\",\"potentialAction\":[{\"@type\":\"ReadAction\",\"target\":[\"https:\\\/\\\/www.umpalai.it\\\/en\\\/museums\\\/erdemolo-mine\\\/\"]}]},{\"@type\":\"ImageObject\",\"inLanguage\":\"en-US\",\"@id\":\"https:\\\/\\\/www.umpalai.it\\\/en\\\/museums\\\/erdemolo-mine\\\/#primaryimage\",\"url\":\"https:\\\/\\\/www.umpalai.it\\\/wp-content\\\/uploads\\\/2024\\\/04\\\/Miniera-a-Palu-del-Fersina-\u00a9-foto-Daniele-Mosna-9541.webp\",\"contentUrl\":\"https:\\\/\\\/www.umpalai.it\\\/wp-content\\\/uploads\\\/2024\\\/04\\\/Miniera-a-Palu-del-Fersina-\u00a9-foto-Daniele-Mosna-9541.webp\",\"width\":2560,\"height\":1707,\"caption\":\"Miniera dell'Erdemolo\"},{\"@type\":\"BreadcrumbList\",\"@id\":\"https:\\\/\\\/www.umpalai.it\\\/en\\\/museums\\\/erdemolo-mine\\\/#breadcrumb\",\"itemListElement\":[{\"@type\":\"ListItem\",\"position\":1,\"name\":\"Home\",\"item\":\"https:\\\/\\\/www.umpalai.it\\\/en\\\/um-palai\\\/\"},{\"@type\":\"ListItem\",\"position\":2,\"name\":\"Erdemolo Mine\"}]},{\"@type\":\"WebSite\",\"@id\":\"https:\\\/\\\/www.umpalai.it\\\/en\\\/#website\",\"url\":\"https:\\\/\\\/www.umpalai.it\\\/en\\\/\",\"name\":\"Pal\u00f9 del Fersina\",\"description\":\"In the heart of the Fersina Valley\",\"potentialAction\":[{\"@type\":\"SearchAction\",\"target\":{\"@type\":\"EntryPoint\",\"urlTemplate\":\"https:\\\/\\\/www.umpalai.it\\\/en\\\/?s={search_term_string}\"},\"query-input\":{\"@type\":\"PropertyValueSpecification\",\"valueRequired\":true,\"valueName\":\"search_term_string\"}}],\"inLanguage\":\"en-US\"},{\"@type\":\"Person\",\"@id\":\"https:\\\/\\\/www.umpalai.it\\\/en\\\/#\\\/schema\\\/person\\\/c4bb30f288911db2984cdac473ab9b88\",\"name\":\"Leveloop\",\"image\":{\"@type\":\"ImageObject\",\"inLanguage\":\"en-US\",\"@id\":\"https:\\\/\\\/secure.gravatar.com\\\/avatar\\\/133c970b7ee8e2c97707f8b51c7448c6a8709e26c293cf3c648efb8cca74ab87?s=96&d=mm&r=g\",\"url\":\"https:\\\/\\\/secure.gravatar.com\\\/avatar\\\/133c970b7ee8e2c97707f8b51c7448c6a8709e26c293cf3c648efb8cca74ab87?s=96&d=mm&r=g\",\"contentUrl\":\"https:\\\/\\\/secure.gravatar.com\\\/avatar\\\/133c970b7ee8e2c97707f8b51c7448c6a8709e26c293cf3c648efb8cca74ab87?s=96&d=mm&r=g\",\"caption\":\"Leveloop\"}}]}<\/script>\n<!-- \/ Yoast SEO plugin. -->","yoast_head_json":{"title":"Erdemolo Mine - Um Palai","description":"The dark and strenuous life of the canopi, miners arriving from Bohemia and Tyrol, told within the galleries of the Erdemolo Mine","robots":{"index":"index","follow":"follow","max-snippet":"max-snippet:-1","max-image-preview":"max-image-preview:large","max-video-preview":"max-video-preview:-1"},"canonical":"https:\/\/www.umpalai.it\/en\/museums\/erdemolo-mine\/","og_locale":"en_US","og_type":"article","og_title":"Erdemolo Mine - Um Palai","og_description":"The dark and strenuous life of the canopi, miners arriving from Bohemia and Tyrol, told within the galleries of the Erdemolo Mine","og_url":"https:\/\/www.umpalai.it\/en\/museums\/erdemolo-mine\/","og_site_name":"Um Palai","article_publisher":"https:\/\/www.facebook.com\/PaludelFersina\/","article_published_time":"2024-04-08T16:27:33+00:00","article_modified_time":"2025-10-08T14:23:29+00:00","og_image":[{"width":2560,"height":1707,"url":"https:\/\/www.umpalai.it\/wp-content\/uploads\/2024\/04\/Miniera-a-Palu-del-Fersina-\u00a9-foto-Daniele-Mosna-9541.webp","type":"image\/webp"}],"author":"Leveloop","twitter_card":"summary_large_image","twitter_misc":{"Written by":"Leveloop","Est. reading time":"5 minutes"},"schema":{"@context":"https:\/\/schema.org","@graph":[{"@type":"Article","@id":"https:\/\/www.umpalai.it\/en\/museums\/erdemolo-mine\/#article","isPartOf":{"@id":"https:\/\/www.umpalai.it\/en\/museums\/erdemolo-mine\/"},"author":{"name":"Leveloop","@id":"https:\/\/www.umpalai.it\/en\/#\/schema\/person\/c4bb30f288911db2984cdac473ab9b88"},"headline":"Erdemolo Mine","datePublished":"2024-04-08T16:27:33+00:00","dateModified":"2025-10-08T14:23:29+00:00","mainEntityOfPage":{"@id":"https:\/\/www.umpalai.it\/en\/museums\/erdemolo-mine\/"},"wordCount":636,"image":{"@id":"https:\/\/www.umpalai.it\/en\/museums\/erdemolo-mine\/#primaryimage"},"thumbnailUrl":"https:\/\/www.umpalai.it\/wp-content\/uploads\/2024\/04\/Miniera-a-Palu-del-Fersina-\u00a9-foto-Daniele-Mosna-9541.webp","articleSection":["Museums","For Children"],"inLanguage":"en-US"},{"@type":"WebPage","@id":"https:\/\/www.umpalai.it\/en\/museums\/erdemolo-mine\/","url":"https:\/\/www.umpalai.it\/en\/museums\/erdemolo-mine\/","name":"Erdemolo Mine - Um Palai","isPartOf":{"@id":"https:\/\/www.umpalai.it\/en\/#website"},"primaryImageOfPage":{"@id":"https:\/\/www.umpalai.it\/en\/museums\/erdemolo-mine\/#primaryimage"},"image":{"@id":"https:\/\/www.umpalai.it\/en\/museums\/erdemolo-mine\/#primaryimage"},"thumbnailUrl":"https:\/\/www.umpalai.it\/wp-content\/uploads\/2024\/04\/Miniera-a-Palu-del-Fersina-\u00a9-foto-Daniele-Mosna-9541.webp","datePublished":"2024-04-08T16:27:33+00:00","dateModified":"2025-10-08T14:23:29+00:00","author":{"@id":"https:\/\/www.umpalai.it\/en\/#\/schema\/person\/c4bb30f288911db2984cdac473ab9b88"},"description":"The dark and strenuous life of the canopi, miners arriving from Bohemia and Tyrol, told within the galleries of the Erdemolo Mine","breadcrumb":{"@id":"https:\/\/www.umpalai.it\/en\/museums\/erdemolo-mine\/#breadcrumb"},"inLanguage":"en-US","potentialAction":[{"@type":"ReadAction","target":["https:\/\/www.umpalai.it\/en\/museums\/erdemolo-mine\/"]}]},{"@type":"ImageObject","inLanguage":"en-US","@id":"https:\/\/www.umpalai.it\/en\/museums\/erdemolo-mine\/#primaryimage","url":"https:\/\/www.umpalai.it\/wp-content\/uploads\/2024\/04\/Miniera-a-Palu-del-Fersina-\u00a9-foto-Daniele-Mosna-9541.webp","contentUrl":"https:\/\/www.umpalai.it\/wp-content\/uploads\/2024\/04\/Miniera-a-Palu-del-Fersina-\u00a9-foto-Daniele-Mosna-9541.webp","width":2560,"height":1707,"caption":"Miniera dell'Erdemolo"},{"@type":"BreadcrumbList","@id":"https:\/\/www.umpalai.it\/en\/museums\/erdemolo-mine\/#breadcrumb","itemListElement":[{"@type":"ListItem","position":1,"name":"Home","item":"https:\/\/www.umpalai.it\/en\/um-palai\/"},{"@type":"ListItem","position":2,"name":"Erdemolo Mine"}]},{"@type":"WebSite","@id":"https:\/\/www.umpalai.it\/en\/#website","url":"https:\/\/www.umpalai.it\/en\/","name":"Pal\u00f9 del Fersina","description":"In the heart of the Fersina Valley","potentialAction":[{"@type":"SearchAction","target":{"@type":"EntryPoint","urlTemplate":"https:\/\/www.umpalai.it\/en\/?s={search_term_string}"},"query-input":{"@type":"PropertyValueSpecification","valueRequired":true,"valueName":"search_term_string"}}],"inLanguage":"en-US"},{"@type":"Person","@id":"https:\/\/www.umpalai.it\/en\/#\/schema\/person\/c4bb30f288911db2984cdac473ab9b88","name":"Leveloop","image":{"@type":"ImageObject","inLanguage":"en-US","@id":"https:\/\/secure.gravatar.com\/avatar\/133c970b7ee8e2c97707f8b51c7448c6a8709e26c293cf3c648efb8cca74ab87?s=96&d=mm&r=g","url":"https:\/\/secure.gravatar.com\/avatar\/133c970b7ee8e2c97707f8b51c7448c6a8709e26c293cf3c648efb8cca74ab87?s=96&d=mm&r=g","contentUrl":"https:\/\/secure.gravatar.com\/avatar\/133c970b7ee8e2c97707f8b51c7448c6a8709e26c293cf3c648efb8cca74ab87?s=96&d=mm&r=g","caption":"Leveloop"}}]}},"_links":{"self":[{"href":"https:\/\/www.umpalai.it\/en\/wp-json\/wp\/v2\/posts\/1413","targetHints":{"allow":["GET"]}}],"collection":[{"href":"https:\/\/www.umpalai.it\/en\/wp-json\/wp\/v2\/posts"}],"about":[{"href":"https:\/\/www.umpalai.it\/en\/wp-json\/wp\/v2\/types\/post"}],"author":[{"embeddable":true,"href":"https:\/\/www.umpalai.it\/en\/wp-json\/wp\/v2\/users\/1"}],"replies":[{"embeddable":true,"href":"https:\/\/www.umpalai.it\/en\/wp-json\/wp\/v2\/comments?post=1413"}],"version-history":[{"count":8,"href":"https:\/\/www.umpalai.it\/en\/wp-json\/wp\/v2\/posts\/1413\/revisions"}],"predecessor-version":[{"id":2537,"href":"https:\/\/www.umpalai.it\/en\/wp-json\/wp\/v2\/posts\/1413\/revisions\/2537"}],"wp:featuredmedia":[{"embeddable":true,"href":"https:\/\/www.umpalai.it\/en\/wp-json\/wp\/v2\/media\/1417"}],"wp:attachment":[{"href":"https:\/\/www.umpalai.it\/en\/wp-json\/wp\/v2\/media?parent=1413"}],"wp:term":[{"taxonomy":"category","embeddable":true,"href":"https:\/\/www.umpalai.it\/en\/wp-json\/wp\/v2\/categories?post=1413"},{"taxonomy":"post_tag","embeddable":true,"href":"https:\/\/www.umpalai.it\/en\/wp-json\/wp\/v2\/tags?post=1413"}],"curies":[{"name":"wp","href":"https:\/\/api.w.org\/{rel}","templated":true}]}}