{"id":1414,"date":"2024-04-08T16:25:56","date_gmt":"2024-04-08T16:25:56","guid":{"rendered":"https:\/?p=1414"},"modified":"2025-10-08T15:29:42","modified_gmt":"2025-10-08T15:29:42","slug":"s-pergmandlhaus-museum","status":"publish","type":"post","link":"https:\/\/www.umpalai.it\/en\/museums\/s-pergmandlhaus-museum\/","title":{"rendered":"S P\u00e8rgmandlhaus Museum"},"content":{"rendered":"\n<div class=\"wp-block-columns is-layout-flex wp-container-core-columns-is-layout-9d6595d7 wp-block-columns-is-layout-flex\">\n<div class=\"wp-block-column is-layout-flow wp-block-column-is-layout-flow\">\n<h2 class=\"wp-block-heading\">At the S P\u00e8rgmandlhaus Museum, two floors symbolically showcase a crucial activity for the Valle del Fersina, influencing it economically, anthropologically, and environmentally.<\/h2>\n<\/div>\n<\/div>\n\n\n\n<div class=\"wp-block-columns blocco-testo-immagine is-layout-flex wp-container-core-columns-is-layout-9d6595d7 wp-block-columns-is-layout-flex\">\n<div class=\"wp-block-column is-layout-flow wp-block-column-is-layout-flow\">\n<p>Explore the S P\u00e8rgmandlhaus Museum in Pal\u00f9 del Fersina and immerse yourself in the mining history of the Fersina Valley. Through a gallery adorned with the veins of copper, you will be taken on an innovative journey that celebrates the world of mines and the lives of miners.<\/p>\n\n\n\n<p>The first floor of the museum reveals the secrets of the minerals sought by miners, highlighting the value of natural resources such as wood and water, fundamental for mining activities. This section of the museum sheds light on the tensions between local residents and miners, stemming from the use of natural resources offered by the territory.<\/p>\n\n\n\n<p>The second floor of the museum focuses on the communities that have shaped the Fersina Valley over the centuries. Contrary to common belief, the valley&#8217;s residents do not solely descend from miners but from Germanic farming populations arriving from Bavaria and Tyrol around 1200. This section of the museum provides an in-depth look into the origins and traditions of the local communities.<\/p>\n<\/div>\n\n\n\n<div class=\"wp-block-column is-layout-flow wp-block-column-is-layout-flow\">\n<figure class=\"wp-block-image size-full\"><img decoding=\"async\" width=\"2560\" height=\"1707\" src=\"https:\/\/www.umpalai.it\/wp-content\/uploads\/2024\/04\/Museo-Muse-Sperg-Manal-Haus-\u00a9-foto-Daniele-Mosna-9562.webp\" alt=\"\" class=\"wp-image-508\" srcset=\"https:\/\/www.umpalai.it\/wp-content\/uploads\/2024\/04\/Museo-Muse-Sperg-Manal-Haus-\u00a9-foto-Daniele-Mosna-9562.webp 2560w, https:\/\/www.umpalai.it\/wp-content\/uploads\/2024\/04\/Museo-Muse-Sperg-Manal-Haus-\u00a9-foto-Daniele-Mosna-9562-300x200.webp 300w, https:\/\/www.umpalai.it\/wp-content\/uploads\/2024\/04\/Museo-Muse-Sperg-Manal-Haus-\u00a9-foto-Daniele-Mosna-9562-1024x683.webp 1024w, https:\/\/www.umpalai.it\/wp-content\/uploads\/2024\/04\/Museo-Muse-Sperg-Manal-Haus-\u00a9-foto-Daniele-Mosna-9562-768x512.webp 768w, https:\/\/www.umpalai.it\/wp-content\/uploads\/2024\/04\/Museo-Muse-Sperg-Manal-Haus-\u00a9-foto-Daniele-Mosna-9562-1536x1024.webp 1536w, https:\/\/www.umpalai.it\/wp-content\/uploads\/2024\/04\/Museo-Muse-Sperg-Manal-Haus-\u00a9-foto-Daniele-Mosna-9562-2048x1366.webp 2048w\" sizes=\"(max-width: 2560px) 100vw, 2560px\" \/><\/figure>\n<\/div>\n<\/div>\n\n\n\n<div class=\"wp-block-columns blocco-info is-layout-flex wp-container-core-columns-is-layout-9d6595d7 wp-block-columns-is-layout-flex\">\n<div class=\"wp-block-column is-layout-flow wp-block-column-is-layout-flow\">\n<div class=\"wp-block-group\"><div class=\"wp-block-group__inner-container is-layout-constrained wp-block-group-is-layout-constrained\">\n<h2 class=\"wp-block-heading\">When is it open<\/h2>\n\n\n\n<div class=\"wp-block-group\"><div class=\"wp-block-group__inner-container is-layout-constrained wp-block-group-is-layout-constrained\">\n<p>The S P\u00e8rgmandlhaus Museum in the 2025 season is open from June until October. During the months of June and September, it is open on Saturdays and Sundays. In July and August, it is open from Tuesday to Sunday. In October, it is open only on Sundays.<\/p>\n<\/div><\/div>\n<\/div><\/div>\n\n\n\n<div class=\"wp-block-group\"><div class=\"wp-block-group__inner-container is-layout-constrained wp-block-group-is-layout-constrained\">\n<h2 class=\"wp-block-heading\">How to get there<\/h2>\n\n\n\n<div class=\"wp-block-group\"><div class=\"wp-block-group__inner-container is-layout-constrained wp-block-group-is-layout-constrained\">\n<p>The museum is located in Pal\u00f9 del Fersina in the locality of Paoar. From Trento, take the ring road and then the SS47 Valsugana towards Padua. Exit at Pergine Valsugana and follow the signs for Val dei M\u00f2cheni (S.P. 8 della Valle dei M\u00f2cheni) until you reach Pal\u00f9.<\/p>\n<\/div><\/div>\n<\/div><\/div>\n\n\n\n<div class=\"wp-block-group\"><div class=\"wp-block-group__inner-container is-layout-constrained wp-block-group-is-layout-constrained\">\n<h2 class=\"wp-block-heading\">To know<\/h2>\n\n\n\n<div class=\"wp-block-group\"><div class=\"wp-block-group__inner-container is-layout-constrained wp-block-group-is-layout-constrained\">\n<p>About 30 meters from the museum, there is a convenient free parking lot available. In front of the museum, there is also a completely renovated playground, featuring one of the longest slides in Trentino.<\/p>\n\n\n\n<p><strong>Attention, the museum does not have ATM\/credit card services available.<\/strong><\/p>\n<\/div><\/div>\n<\/div><\/div>\n<\/div>\n\n\n\n<div class=\"wp-block-column is-layout-flow wp-block-column-is-layout-flow\">\n<div class=\"wp-block-group\"><div class=\"wp-block-group__inner-container is-layout-constrained wp-block-group-is-layout-constrained\">\n<h2 class=\"wp-block-heading\">Opening hours<\/h2>\n\n\n\n<div class=\"wp-block-group\"><div class=\"wp-block-group__inner-container is-layout-constrained wp-block-group-is-layout-constrained\">\n<p>The museum&#8217;s opening hours are as follows: from 10:00 AM to 12:30 PM in the morning and from 1:30 PM to 6:00 PM in the afternoon.<\/p>\n\n\n\n<p>Other days and times are available for groups upon reservation.<\/p>\n<\/div><\/div>\n<\/div><\/div>\n\n\n\n<div class=\"wp-block-group\"><div class=\"wp-block-group__inner-container is-layout-constrained wp-block-group-is-layout-constrained\">\n<h2 class=\"wp-block-heading\">Rates<\/h2>\n\n\n\n<div class=\"wp-block-group\"><div class=\"wp-block-group__inner-container is-layout-constrained wp-block-group-is-layout-constrained\">\n<p>The ticket for the mine visit includes admission to the Erdemolo Mine. With the same ticket, you can visit both museums.<\/p>\n\n\n\n<ul class=\"wp-block-list\">\n<li>Full ticket: 8 euros (mine + museum)<\/li>\n\n\n\n<li>Reduced ticket (only museum): 5 euros (for children aged 4 to 12, seniors over 65, residents of the municipalities of Fierozzo, Frassilongo, and Sant\u2019Orsola Terme)<\/li>\n\n\n\n<li>Family ticket: 20 euros (two adults and up to 3 children up to 12 years old)<\/li>\n\n\n\n<li>Group ticket (24 or more people): 5 euros each<\/li>\n\n\n\n<li>Group ticket for children or teenagers up to 18 years old: 3 euros each<\/li>\n\n\n\n<li><\/li>\n\n\n\n<li>Free admission for residents and AIRE members of the Municipality of Pal\u00f9 del Fersina; children from 0 to 3 years old.<\/li>\n\n\n\n<li><\/li>\n\n\n\n<li>1 free ticket for group leaders for every 12 people.<\/li>\n<\/ul>\n<\/div><\/div>\n<\/div><\/div>\n\n\n\n<div class=\"wp-block-group\"><div class=\"wp-block-group__inner-container is-layout-constrained wp-block-group-is-layout-constrained\">\n<h2 class=\"wp-block-heading\">Info e prenotazioni<\/h2>\n\n\n\n<div class=\"wp-block-group\"><div class=\"wp-block-group__inner-container is-layout-constrained wp-block-group-is-layout-constrained\">\n<p>Online:     <span class=\"prenota\" onclick=\"var a = document.createElement('a'); a.href = 'tel:+39 3463627221'; document.body.appendChild(a); a.click(); document.body.removeChild(a);\">Prenota<\/span>\n<\/p>\n\n\n\n<p>Phone: <strong>346 3627221<\/strong><br>Whatsapp: <strong>346 3627221<\/strong><br>Email: <strong>museospergmandlpalai@gmail.com<\/strong><\/p>\n<\/div><\/div>\n<\/div><\/div>\n<\/div>\n<\/div>\n\n\n\n<div class=\"wp-block-columns blocco-immagine-pocotesto is-layout-flex wp-container-core-columns-is-layout-9d6595d7 wp-block-columns-is-layout-flex\">\n<div class=\"wp-block-column is-layout-flow wp-block-column-is-layout-flow\">\n<figure class=\"wp-block-embed is-type-video is-provider-youtube wp-block-embed-youtube wp-embed-aspect-16-9 wp-has-aspect-ratio\"><div class=\"wp-block-embed__wrapper\">\n<iframe loading=\"lazy\" title=\"A Pal\u00f9 del Fersina un museo speciale! - Museo S P\u00e8rgmandhaus\" width=\"500\" height=\"281\" src=\"https:\/\/www.youtube.com\/embed\/0qtaqYkqnYg?feature=oembed\" frameborder=\"0\" allow=\"accelerometer; autoplay; clipboard-write; encrypted-media; gyroscope; picture-in-picture; web-share\" referrerpolicy=\"strict-origin-when-cross-origin\" allowfullscreen><\/iframe>\n<\/div><\/figure>\n<\/div>\n\n\n\n<div class=\"wp-block-column is-layout-flow wp-block-column-is-layout-flow\">\n<h3 class=\"wp-block-heading\"><strong>Booking<\/strong><\/h3>\n\n\n\n<p>Every Saturday and Sunday at 10:30 AM and 4:30 PM (by reservation only), the S P\u00e8rgmandlhaus museum offers a fun treasure hunt. Children can find clues that the guide has shared during the tour, earning a small treasure to take home.<\/p>\n\n\n    <span class=\"prenota\" onclick=\"var a = document.createElement('a'); a.href = 'tel:+39 3463627221'; document.body.appendChild(a); a.click(); document.body.removeChild(a);\">Prenota<\/span>\n\n<\/div>\n<\/div>\n\n\n\n<div class=\"wp-block-columns is-layout-flex wp-container-core-columns-is-layout-9d6595d7 wp-block-columns-is-layout-flex\">\n<div class=\"wp-block-column is-layout-flow wp-block-column-is-layout-flow\">\n<figure class=\"wp-block-gallery has-nested-images columns-default is-cropped wp-block-gallery-1 is-layout-flex wp-block-gallery-is-layout-flex\">\n<figure class=\"wp-block-image size-large\"><img decoding=\"async\" width=\"1024\" height=\"683\" data-id=\"1109\" src=\"https:\/\/www.umpalai.it\/wp-content\/uploads\/2024\/04\/Miniera-46-1024x683.webp\" alt=\"\" class=\"wp-image-1109\" srcset=\"https:\/\/www.umpalai.it\/wp-content\/uploads\/2024\/04\/Miniera-46-1024x683.webp 1024w, https:\/\/www.umpalai.it\/wp-content\/uploads\/2024\/04\/Miniera-46-300x200.webp 300w, https:\/\/www.umpalai.it\/wp-content\/uploads\/2024\/04\/Miniera-46-768x512.webp 768w, https:\/\/www.umpalai.it\/wp-content\/uploads\/2024\/04\/Miniera-46-1536x1024.webp 1536w, https:\/\/www.umpalai.it\/wp-content\/uploads\/2024\/04\/Miniera-46-2048x1366.webp 2048w\" sizes=\"(max-width: 1024px) 100vw, 1024px\" \/><\/figure>\n\n\n\n<figure class=\"wp-block-image size-large\"><img decoding=\"async\" width=\"1024\" height=\"683\" data-id=\"1112\" src=\"https:\/\/www.umpalai.it\/wp-content\/uploads\/2024\/04\/Miniera-47-1024x683.webp\" alt=\"\" class=\"wp-image-1112\" srcset=\"https:\/\/www.umpalai.it\/wp-content\/uploads\/2024\/04\/Miniera-47-1024x683.webp 1024w, https:\/\/www.umpalai.it\/wp-content\/uploads\/2024\/04\/Miniera-47-300x200.webp 300w, https:\/\/www.umpalai.it\/wp-content\/uploads\/2024\/04\/Miniera-47-768x512.webp 768w, https:\/\/www.umpalai.it\/wp-content\/uploads\/2024\/04\/Miniera-47-1536x1024.webp 1536w, https:\/\/www.umpalai.it\/wp-content\/uploads\/2024\/04\/Miniera-47-2048x1366.webp 2048w\" sizes=\"(max-width: 1024px) 100vw, 1024px\" \/><\/figure>\n\n\n\n<figure class=\"wp-block-image size-large\"><img decoding=\"async\" width=\"1024\" height=\"683\" data-id=\"1106\" src=\"https:\/\/www.umpalai.it\/wp-content\/uploads\/2024\/04\/Minerali-30-1024x683.webp\" alt=\"\" class=\"wp-image-1106\" srcset=\"https:\/\/www.umpalai.it\/wp-content\/uploads\/2024\/04\/Minerali-30-1024x683.webp 1024w, https:\/\/www.umpalai.it\/wp-content\/uploads\/2024\/04\/Minerali-30-300x200.webp 300w, https:\/\/www.umpalai.it\/wp-content\/uploads\/2024\/04\/Minerali-30-768x512.webp 768w, https:\/\/www.umpalai.it\/wp-content\/uploads\/2024\/04\/Minerali-30-1536x1024.webp 1536w, https:\/\/www.umpalai.it\/wp-content\/uploads\/2024\/04\/Minerali-30-2048x1366.webp 2048w\" sizes=\"(max-width: 1024px) 100vw, 1024px\" \/><\/figure>\n<\/figure>\n<\/div>\n<\/div>\n","protected":false},"excerpt":{"rendered":"<p>At the S P\u00e8rgmandlhaus Museum, two floors symbolically showcase a crucial activity for the Valle del Fersina, influencing it economically, anthropologically, and environmentally. Explore the S P\u00e8rgmandlhaus Museum in Pal\u00f9 del Fersina and immerse yourself in the mining history of the Fersina Valley. Through a gallery adorned with the veins of copper, you will be [&hellip;]<\/p>\n","protected":false},"author":1,"featured_media":1423,"comment_status":"closed","ping_status":"open","sticky":false,"template":"","format":"standard","meta":{"_acf_changed":false,"footnotes":""},"categories":[80,79],"tags":[],"class_list":["post-1414","post","type-post","status-publish","format-standard","has-post-thumbnail","hentry","category-museums","category-for-children"],"acf":[],"yoast_head":"<!-- This site is optimized with the Yoast SEO plugin v27.5 - https:\/\/yoast.com\/product\/yoast-seo-wordpress\/ -->\n<title>S P\u00e8rgmandlhaus Museum - Um Palai<\/title>\n<meta name=\"description\" content=\"At the S P\u00e8rgmandlhaus Museum, two floors symbolically showcase a crucial activity for the Valle del Fersina, influencing it economically, anthropologically, and environmentally.\" \/>\n<meta name=\"robots\" content=\"index, follow, max-snippet:-1, max-image-preview:large, max-video-preview:-1\" \/>\n<link rel=\"canonical\" href=\"https:\/\/www.umpalai.it\/en\/museums\/s-pergmandlhaus-museum\/\" \/>\n<meta property=\"og:locale\" content=\"en_US\" \/>\n<meta property=\"og:type\" content=\"article\" \/>\n<meta property=\"og:title\" content=\"S P\u00e8rgmandlhaus Museum - Um Palai\" \/>\n<meta property=\"og:description\" content=\"At the S P\u00e8rgmandlhaus Museum, two floors symbolically showcase a crucial activity for the Valle del Fersina, influencing it economically, anthropologically, and environmentally.\" \/>\n<meta property=\"og:url\" content=\"https:\/\/www.umpalai.it\/en\/museums\/s-pergmandlhaus-museum\/\" \/>\n<meta property=\"og:site_name\" content=\"Um Palai\" \/>\n<meta property=\"article:publisher\" content=\"https:\/\/www.facebook.com\/PaludelFersina\/\" \/>\n<meta property=\"article:published_time\" content=\"2024-04-08T16:25:56+00:00\" \/>\n<meta property=\"article:modified_time\" content=\"2025-10-08T15:29:42+00:00\" \/>\n<meta property=\"og:image\" content=\"https:\/\/www.umpalai.it\/wp-content\/uploads\/2024\/04\/Museo-Muse-Sperg-Manal-Haus-\u00a9-foto-Daniele-Mosna-9576.webp\" \/>\n\t<meta property=\"og:image:width\" content=\"2560\" \/>\n\t<meta property=\"og:image:height\" content=\"1920\" \/>\n\t<meta property=\"og:image:type\" content=\"image\/webp\" \/>\n<meta name=\"author\" content=\"Leveloop\" \/>\n<meta name=\"twitter:card\" content=\"summary_large_image\" \/>\n<meta name=\"twitter:label1\" content=\"Written by\" \/>\n\t<meta name=\"twitter:data1\" content=\"Leveloop\" \/>\n\t<meta name=\"twitter:label2\" content=\"Est. reading time\" \/>\n\t<meta name=\"twitter:data2\" content=\"4 minutes\" \/>\n<script type=\"application\/ld+json\" class=\"yoast-schema-graph\">{\"@context\":\"https:\\\/\\\/schema.org\",\"@graph\":[{\"@type\":\"Article\",\"@id\":\"https:\\\/\\\/www.umpalai.it\\\/en\\\/museums\\\/s-pergmandlhaus-museum\\\/#article\",\"isPartOf\":{\"@id\":\"https:\\\/\\\/www.umpalai.it\\\/en\\\/museums\\\/s-pergmandlhaus-museum\\\/\"},\"author\":{\"name\":\"Leveloop\",\"@id\":\"https:\\\/\\\/www.umpalai.it\\\/en\\\/#\\\/schema\\\/person\\\/c4bb30f288911db2984cdac473ab9b88\"},\"headline\":\"S P\u00e8rgmandlhaus Museum\",\"datePublished\":\"2024-04-08T16:25:56+00:00\",\"dateModified\":\"2025-10-08T15:29:42+00:00\",\"mainEntityOfPage\":{\"@id\":\"https:\\\/\\\/www.umpalai.it\\\/en\\\/museums\\\/s-pergmandlhaus-museum\\\/\"},\"wordCount\":546,\"image\":{\"@id\":\"https:\\\/\\\/www.umpalai.it\\\/en\\\/museums\\\/s-pergmandlhaus-museum\\\/#primaryimage\"},\"thumbnailUrl\":\"https:\\\/\\\/www.umpalai.it\\\/wp-content\\\/uploads\\\/2024\\\/04\\\/Museo-Muse-Sperg-Manal-Haus-\u00a9-foto-Daniele-Mosna-9576.webp\",\"articleSection\":[\"Museums\",\"For Children\"],\"inLanguage\":\"en-US\"},{\"@type\":\"WebPage\",\"@id\":\"https:\\\/\\\/www.umpalai.it\\\/en\\\/museums\\\/s-pergmandlhaus-museum\\\/\",\"url\":\"https:\\\/\\\/www.umpalai.it\\\/en\\\/museums\\\/s-pergmandlhaus-museum\\\/\",\"name\":\"S P\u00e8rgmandlhaus Museum - Um Palai\",\"isPartOf\":{\"@id\":\"https:\\\/\\\/www.umpalai.it\\\/en\\\/#website\"},\"primaryImageOfPage\":{\"@id\":\"https:\\\/\\\/www.umpalai.it\\\/en\\\/museums\\\/s-pergmandlhaus-museum\\\/#primaryimage\"},\"image\":{\"@id\":\"https:\\\/\\\/www.umpalai.it\\\/en\\\/museums\\\/s-pergmandlhaus-museum\\\/#primaryimage\"},\"thumbnailUrl\":\"https:\\\/\\\/www.umpalai.it\\\/wp-content\\\/uploads\\\/2024\\\/04\\\/Museo-Muse-Sperg-Manal-Haus-\u00a9-foto-Daniele-Mosna-9576.webp\",\"datePublished\":\"2024-04-08T16:25:56+00:00\",\"dateModified\":\"2025-10-08T15:29:42+00:00\",\"author\":{\"@id\":\"https:\\\/\\\/www.umpalai.it\\\/en\\\/#\\\/schema\\\/person\\\/c4bb30f288911db2984cdac473ab9b88\"},\"description\":\"At the S P\u00e8rgmandlhaus Museum, two floors symbolically showcase a crucial activity for the Valle del Fersina, influencing it economically, anthropologically, and environmentally.\",\"breadcrumb\":{\"@id\":\"https:\\\/\\\/www.umpalai.it\\\/en\\\/museums\\\/s-pergmandlhaus-museum\\\/#breadcrumb\"},\"inLanguage\":\"en-US\",\"potentialAction\":[{\"@type\":\"ReadAction\",\"target\":[\"https:\\\/\\\/www.umpalai.it\\\/en\\\/museums\\\/s-pergmandlhaus-museum\\\/\"]}]},{\"@type\":\"ImageObject\",\"inLanguage\":\"en-US\",\"@id\":\"https:\\\/\\\/www.umpalai.it\\\/en\\\/museums\\\/s-pergmandlhaus-museum\\\/#primaryimage\",\"url\":\"https:\\\/\\\/www.umpalai.it\\\/wp-content\\\/uploads\\\/2024\\\/04\\\/Museo-Muse-Sperg-Manal-Haus-\u00a9-foto-Daniele-Mosna-9576.webp\",\"contentUrl\":\"https:\\\/\\\/www.umpalai.it\\\/wp-content\\\/uploads\\\/2024\\\/04\\\/Museo-Muse-Sperg-Manal-Haus-\u00a9-foto-Daniele-Mosna-9576.webp\",\"width\":2560,\"height\":1920,\"caption\":\"Museo S P\u00e8rgmandlhaus\"},{\"@type\":\"BreadcrumbList\",\"@id\":\"https:\\\/\\\/www.umpalai.it\\\/en\\\/museums\\\/s-pergmandlhaus-museum\\\/#breadcrumb\",\"itemListElement\":[{\"@type\":\"ListItem\",\"position\":1,\"name\":\"Home\",\"item\":\"https:\\\/\\\/www.umpalai.it\\\/en\\\/um-palai\\\/\"},{\"@type\":\"ListItem\",\"position\":2,\"name\":\"S P\u00e8rgmandlhaus Museum\"}]},{\"@type\":\"WebSite\",\"@id\":\"https:\\\/\\\/www.umpalai.it\\\/en\\\/#website\",\"url\":\"https:\\\/\\\/www.umpalai.it\\\/en\\\/\",\"name\":\"Pal\u00f9 del Fersina\",\"description\":\"In the heart of the Fersina Valley\",\"potentialAction\":[{\"@type\":\"SearchAction\",\"target\":{\"@type\":\"EntryPoint\",\"urlTemplate\":\"https:\\\/\\\/www.umpalai.it\\\/en\\\/?s={search_term_string}\"},\"query-input\":{\"@type\":\"PropertyValueSpecification\",\"valueRequired\":true,\"valueName\":\"search_term_string\"}}],\"inLanguage\":\"en-US\"},{\"@type\":\"Person\",\"@id\":\"https:\\\/\\\/www.umpalai.it\\\/en\\\/#\\\/schema\\\/person\\\/c4bb30f288911db2984cdac473ab9b88\",\"name\":\"Leveloop\",\"image\":{\"@type\":\"ImageObject\",\"inLanguage\":\"en-US\",\"@id\":\"https:\\\/\\\/secure.gravatar.com\\\/avatar\\\/133c970b7ee8e2c97707f8b51c7448c6a8709e26c293cf3c648efb8cca74ab87?s=96&d=mm&r=g\",\"url\":\"https:\\\/\\\/secure.gravatar.com\\\/avatar\\\/133c970b7ee8e2c97707f8b51c7448c6a8709e26c293cf3c648efb8cca74ab87?s=96&d=mm&r=g\",\"contentUrl\":\"https:\\\/\\\/secure.gravatar.com\\\/avatar\\\/133c970b7ee8e2c97707f8b51c7448c6a8709e26c293cf3c648efb8cca74ab87?s=96&d=mm&r=g\",\"caption\":\"Leveloop\"}}]}<\/script>\n<!-- \/ Yoast SEO plugin. -->","yoast_head_json":{"title":"S P\u00e8rgmandlhaus Museum - Um Palai","description":"At the S P\u00e8rgmandlhaus Museum, two floors symbolically showcase a crucial activity for the Valle del Fersina, influencing it economically, anthropologically, and environmentally.","robots":{"index":"index","follow":"follow","max-snippet":"max-snippet:-1","max-image-preview":"max-image-preview:large","max-video-preview":"max-video-preview:-1"},"canonical":"https:\/\/www.umpalai.it\/en\/museums\/s-pergmandlhaus-museum\/","og_locale":"en_US","og_type":"article","og_title":"S P\u00e8rgmandlhaus Museum - Um Palai","og_description":"At the S P\u00e8rgmandlhaus Museum, two floors symbolically showcase a crucial activity for the Valle del Fersina, influencing it economically, anthropologically, and environmentally.","og_url":"https:\/\/www.umpalai.it\/en\/museums\/s-pergmandlhaus-museum\/","og_site_name":"Um Palai","article_publisher":"https:\/\/www.facebook.com\/PaludelFersina\/","article_published_time":"2024-04-08T16:25:56+00:00","article_modified_time":"2025-10-08T15:29:42+00:00","og_image":[{"width":2560,"height":1920,"url":"https:\/\/www.umpalai.it\/wp-content\/uploads\/2024\/04\/Museo-Muse-Sperg-Manal-Haus-\u00a9-foto-Daniele-Mosna-9576.webp","type":"image\/webp"}],"author":"Leveloop","twitter_card":"summary_large_image","twitter_misc":{"Written by":"Leveloop","Est. reading time":"4 minutes"},"schema":{"@context":"https:\/\/schema.org","@graph":[{"@type":"Article","@id":"https:\/\/www.umpalai.it\/en\/museums\/s-pergmandlhaus-museum\/#article","isPartOf":{"@id":"https:\/\/www.umpalai.it\/en\/museums\/s-pergmandlhaus-museum\/"},"author":{"name":"Leveloop","@id":"https:\/\/www.umpalai.it\/en\/#\/schema\/person\/c4bb30f288911db2984cdac473ab9b88"},"headline":"S P\u00e8rgmandlhaus Museum","datePublished":"2024-04-08T16:25:56+00:00","dateModified":"2025-10-08T15:29:42+00:00","mainEntityOfPage":{"@id":"https:\/\/www.umpalai.it\/en\/museums\/s-pergmandlhaus-museum\/"},"wordCount":546,"image":{"@id":"https:\/\/www.umpalai.it\/en\/museums\/s-pergmandlhaus-museum\/#primaryimage"},"thumbnailUrl":"https:\/\/www.umpalai.it\/wp-content\/uploads\/2024\/04\/Museo-Muse-Sperg-Manal-Haus-\u00a9-foto-Daniele-Mosna-9576.webp","articleSection":["Museums","For Children"],"inLanguage":"en-US"},{"@type":"WebPage","@id":"https:\/\/www.umpalai.it\/en\/museums\/s-pergmandlhaus-museum\/","url":"https:\/\/www.umpalai.it\/en\/museums\/s-pergmandlhaus-museum\/","name":"S P\u00e8rgmandlhaus Museum - Um Palai","isPartOf":{"@id":"https:\/\/www.umpalai.it\/en\/#website"},"primaryImageOfPage":{"@id":"https:\/\/www.umpalai.it\/en\/museums\/s-pergmandlhaus-museum\/#primaryimage"},"image":{"@id":"https:\/\/www.umpalai.it\/en\/museums\/s-pergmandlhaus-museum\/#primaryimage"},"thumbnailUrl":"https:\/\/www.umpalai.it\/wp-content\/uploads\/2024\/04\/Museo-Muse-Sperg-Manal-Haus-\u00a9-foto-Daniele-Mosna-9576.webp","datePublished":"2024-04-08T16:25:56+00:00","dateModified":"2025-10-08T15:29:42+00:00","author":{"@id":"https:\/\/www.umpalai.it\/en\/#\/schema\/person\/c4bb30f288911db2984cdac473ab9b88"},"description":"At the S P\u00e8rgmandlhaus Museum, two floors symbolically showcase a crucial activity for the Valle del Fersina, influencing it economically, anthropologically, and environmentally.","breadcrumb":{"@id":"https:\/\/www.umpalai.it\/en\/museums\/s-pergmandlhaus-museum\/#breadcrumb"},"inLanguage":"en-US","potentialAction":[{"@type":"ReadAction","target":["https:\/\/www.umpalai.it\/en\/museums\/s-pergmandlhaus-museum\/"]}]},{"@type":"ImageObject","inLanguage":"en-US","@id":"https:\/\/www.umpalai.it\/en\/museums\/s-pergmandlhaus-museum\/#primaryimage","url":"https:\/\/www.umpalai.it\/wp-content\/uploads\/2024\/04\/Museo-Muse-Sperg-Manal-Haus-\u00a9-foto-Daniele-Mosna-9576.webp","contentUrl":"https:\/\/www.umpalai.it\/wp-content\/uploads\/2024\/04\/Museo-Muse-Sperg-Manal-Haus-\u00a9-foto-Daniele-Mosna-9576.webp","width":2560,"height":1920,"caption":"Museo S P\u00e8rgmandlhaus"},{"@type":"BreadcrumbList","@id":"https:\/\/www.umpalai.it\/en\/museums\/s-pergmandlhaus-museum\/#breadcrumb","itemListElement":[{"@type":"ListItem","position":1,"name":"Home","item":"https:\/\/www.umpalai.it\/en\/um-palai\/"},{"@type":"ListItem","position":2,"name":"S P\u00e8rgmandlhaus Museum"}]},{"@type":"WebSite","@id":"https:\/\/www.umpalai.it\/en\/#website","url":"https:\/\/www.umpalai.it\/en\/","name":"Pal\u00f9 del Fersina","description":"In the heart of the Fersina Valley","potentialAction":[{"@type":"SearchAction","target":{"@type":"EntryPoint","urlTemplate":"https:\/\/www.umpalai.it\/en\/?s={search_term_string}"},"query-input":{"@type":"PropertyValueSpecification","valueRequired":true,"valueName":"search_term_string"}}],"inLanguage":"en-US"},{"@type":"Person","@id":"https:\/\/www.umpalai.it\/en\/#\/schema\/person\/c4bb30f288911db2984cdac473ab9b88","name":"Leveloop","image":{"@type":"ImageObject","inLanguage":"en-US","@id":"https:\/\/secure.gravatar.com\/avatar\/133c970b7ee8e2c97707f8b51c7448c6a8709e26c293cf3c648efb8cca74ab87?s=96&d=mm&r=g","url":"https:\/\/secure.gravatar.com\/avatar\/133c970b7ee8e2c97707f8b51c7448c6a8709e26c293cf3c648efb8cca74ab87?s=96&d=mm&r=g","contentUrl":"https:\/\/secure.gravatar.com\/avatar\/133c970b7ee8e2c97707f8b51c7448c6a8709e26c293cf3c648efb8cca74ab87?s=96&d=mm&r=g","caption":"Leveloop"}}]}},"_links":{"self":[{"href":"https:\/\/www.umpalai.it\/en\/wp-json\/wp\/v2\/posts\/1414","targetHints":{"allow":["GET"]}}],"collection":[{"href":"https:\/\/www.umpalai.it\/en\/wp-json\/wp\/v2\/posts"}],"about":[{"href":"https:\/\/www.umpalai.it\/en\/wp-json\/wp\/v2\/types\/post"}],"author":[{"embeddable":true,"href":"https:\/\/www.umpalai.it\/en\/wp-json\/wp\/v2\/users\/1"}],"replies":[{"embeddable":true,"href":"https:\/\/www.umpalai.it\/en\/wp-json\/wp\/v2\/comments?post=1414"}],"version-history":[{"count":5,"href":"https:\/\/www.umpalai.it\/en\/wp-json\/wp\/v2\/posts\/1414\/revisions"}],"predecessor-version":[{"id":2541,"href":"https:\/\/www.umpalai.it\/en\/wp-json\/wp\/v2\/posts\/1414\/revisions\/2541"}],"wp:featuredmedia":[{"embeddable":true,"href":"https:\/\/www.umpalai.it\/en\/wp-json\/wp\/v2\/media\/1423"}],"wp:attachment":[{"href":"https:\/\/www.umpalai.it\/en\/wp-json\/wp\/v2\/media?parent=1414"}],"wp:term":[{"taxonomy":"category","embeddable":true,"href":"https:\/\/www.umpalai.it\/en\/wp-json\/wp\/v2\/categories?post=1414"},{"taxonomy":"post_tag","embeddable":true,"href":"https:\/\/www.umpalai.it\/en\/wp-json\/wp\/v2\/tags?post=1414"}],"curies":[{"name":"wp","href":"https:\/\/api.w.org\/{rel}","templated":true}]}}