{"id":2293,"date":"2025-06-22T16:26:09","date_gmt":"2025-06-22T16:26:09","guid":{"rendered":"https:\/\/www.umpalai.it\/?p=2293"},"modified":"2025-07-03T17:23:50","modified_gmt":"2025-07-03T17:23:50","slug":"la-montagna-parla-con-ritratti-di-donna","status":"publish","type":"post","link":"https:\/\/www.umpalai.it\/en\/events\/la-montagna-parla-con-ritratti-di-donna\/","title":{"rendered":"La montagna parla con ritratti di donna"},"content":{"rendered":"\n<div class=\"wp-block-columns is-layout-flex wp-container-core-columns-is-layout-9d6595d7 wp-block-columns-is-layout-flex\">\n<div class=\"wp-block-column is-layout-flow wp-block-column-is-layout-flow\">\n<h2 class=\"wp-block-heading\">Recital \u201cLa Montagna Parla con Ritratti di Donna\u201d \u2013 Omaggio a Flavio Faganello | Venerd\u00ec 27 giugno 2025, Pal\u00f9 del Fersina<\/h2>\n\n\n\n<p><strong>Data e ora<\/strong>: Venerd\u00ec 27 giugno 2025, ore 20:30<br><strong>Luogo<\/strong>: Sala Comunale di Pal\u00f9 del Fersina (TN)<br><strong>Ingresso gratuito<\/strong><\/p>\n\n\n\n<p>In occasione del <strong>20\u00b0 anniversario della scomparsa del fotografo trentino Flavio Faganello<\/strong>, la <strong>Sala Comunale di Pal\u00f9 del Fersina<\/strong> ospita il recital <strong>\u201cLa Montagna Parla con Ritratti di Donna\u201d<\/strong>, un evento speciale tra <strong>parole, musica e immagini<\/strong>.<\/p>\n\n\n\n<p>Un <strong>omaggio artistico e culturale<\/strong> a uno dei pi\u00f9 grandi fotografi del Trentino, che con sguardo profondo e sensibile ha raccontato la <strong>montagna trentina<\/strong> e soprattutto le <strong>donne<\/strong> che la abitano: figure forti, essenziali, instancabili. Donne di montagna ritratte nei campi, con gli animali, nelle case e tra i monti: <strong>ritratti autentici di vita, fatica e dignit\u00e0<\/strong>.<\/p>\n\n\n\n<p><strong>Interpreti<\/strong>:<br><em>Chiara Turrini<\/em> e <em>Beatrice Scartezzini<\/em> \u2013 Voci recitanti<br><em>Lorenza Anderle<\/em> \u2013 Pianoforte e arrangiamenti<br><em>Veronica Beber<\/em> \u2013 Violoncello<\/p>\n\n\n\n<p><strong>Direzione artistica<\/strong>:<br><em>Chiara Turrini<\/em> \u2013 Testi e narrazione<br><em>Lorenza Anderle<\/em> \u2013 Selezione musicale e arrangiamenti<\/p>\n\n\n\n<p>Una serata da non perdere per <strong>ricordare Flavio Faganello<\/strong>, lasciarsi emozionare e <strong>riscoprire la cultura della montagna<\/strong> attraverso il suo sguardo fotografico unico e il ruolo centrale della <strong>donna alpina<\/strong>.<\/p>\n\n\n\n<p><strong>Evento promosso nell\u2019ambito del progetto sovracomunale<\/strong> <em>&#8220;Cultura in rete: storie, luoghi e comunit\u00e0 in connessione&#8221;<\/em><br>A cura del Comune di Sant\u2019Orsola Terme, in collaborazione con i Comuni di:<\/p>\n\n\n\n<ul class=\"wp-block-list\">\n<li>Pal\u00f9 del Fersina<\/li>\n\n\n\n<li>Fierozzo<\/li>\n\n\n\n<li>Frassilongo<\/li>\n\n\n\n<li>Vignola Falesina<br>e con:<\/li>\n\n\n\n<li>Istituto Culturale M\u00f2cheno<\/li>\n\n\n\n<li>APT Valsugana Lagorai<\/li>\n\n\n\n<li>Comunit\u00e0 Alta Valsugana Bersntol<\/li>\n\n\n\n<li>Fondazione Cassa Rurale Alta Valsugana<\/li>\n<\/ul>\n\n\n\n<figure class=\"wp-block-image size-large\"><img decoding=\"async\" width=\"724\" height=\"1024\" src=\"https:\/\/www.umpalai.it\/wp-content\/uploads\/2025\/06\/evento-724x1024.jpeg\" alt=\"\" class=\"wp-image-2257\" srcset=\"https:\/\/www.umpalai.it\/wp-content\/uploads\/2025\/06\/evento-724x1024.jpeg 724w, https:\/\/www.umpalai.it\/wp-content\/uploads\/2025\/06\/evento-212x300.jpeg 212w, https:\/\/www.umpalai.it\/wp-content\/uploads\/2025\/06\/evento-768x1086.jpeg 768w, https:\/\/www.umpalai.it\/wp-content\/uploads\/2025\/06\/evento-1086x1536.jpeg 1086w, https:\/\/www.umpalai.it\/wp-content\/uploads\/2025\/06\/evento.jpeg 1131w\" sizes=\"(max-width: 724px) 100vw, 724px\" \/><\/figure>\n<\/div>\n<\/div>\n","protected":false},"excerpt":{"rendered":"<p>Recital \u201cLa Montagna Parla con Ritratti di Donna\u201d \u2013 Omaggio a Flavio Faganello | Venerd\u00ec 27 giugno 2025, Pal\u00f9 del Fersina Data e ora: Venerd\u00ec 27 giugno 2025, ore 20:30Luogo: Sala Comunale di Pal\u00f9 del Fersina (TN)Ingresso gratuito In occasione del 20\u00b0 anniversario della scomparsa del fotografo trentino Flavio Faganello, la Sala Comunale di Pal\u00f9 [&hellip;]<\/p>\n","protected":false},"author":1,"featured_media":1410,"comment_status":"closed","ping_status":"closed","sticky":false,"template":"","format":"standard","meta":{"_acf_changed":false,"footnotes":""},"categories":[88],"tags":[],"class_list":["post-2293","post","type-post","status-publish","format-standard","has-post-thumbnail","hentry","category-events"],"acf":[],"yoast_head":"<!-- This site is optimized with the Yoast SEO plugin v27.5 - https:\/\/yoast.com\/product\/yoast-seo-wordpress\/ -->\n<title>La montagna parla con ritratti di donna - Um Palai<\/title>\n<meta name=\"robots\" content=\"index, follow, max-snippet:-1, max-image-preview:large, max-video-preview:-1\" \/>\n<link rel=\"canonical\" href=\"https:\/\/www.umpalai.it\/en\/events\/la-montagna-parla-con-ritratti-di-donna\/\" \/>\n<meta property=\"og:locale\" content=\"en_US\" \/>\n<meta property=\"og:type\" content=\"article\" \/>\n<meta property=\"og:title\" content=\"La montagna parla con ritratti di donna - Um Palai\" \/>\n<meta property=\"og:description\" content=\"Recital \u201cLa Montagna Parla con Ritratti di Donna\u201d \u2013 Omaggio a Flavio Faganello | Venerd\u00ec 27 giugno 2025, Pal\u00f9 del Fersina Data e ora: Venerd\u00ec 27 giugno 2025, ore 20:30Luogo: Sala Comunale di Pal\u00f9 del Fersina (TN)Ingresso gratuito In occasione del 20\u00b0 anniversario della scomparsa del fotografo trentino Flavio Faganello, la Sala Comunale di Pal\u00f9 [&hellip;]\" \/>\n<meta property=\"og:url\" content=\"https:\/\/www.umpalai.it\/en\/events\/la-montagna-parla-con-ritratti-di-donna\/\" \/>\n<meta property=\"og:site_name\" content=\"Um Palai\" \/>\n<meta property=\"article:publisher\" content=\"https:\/\/www.facebook.com\/PaludelFersina\/\" \/>\n<meta property=\"article:published_time\" content=\"2025-06-22T16:26:09+00:00\" \/>\n<meta property=\"article:modified_time\" content=\"2025-07-03T17:23:50+00:00\" \/>\n<meta property=\"og:image\" content=\"https:\/\/www.umpalai.it\/wp-content\/uploads\/2024\/04\/Panorama-Palu-del-Fersina.jpeg\" \/>\n\t<meta property=\"og:image:width\" content=\"830\" \/>\n\t<meta property=\"og:image:height\" content=\"466\" \/>\n\t<meta property=\"og:image:type\" content=\"image\/jpeg\" \/>\n<meta name=\"author\" content=\"Leveloop\" \/>\n<meta name=\"twitter:card\" content=\"summary_large_image\" \/>\n<meta name=\"twitter:label1\" content=\"Written by\" \/>\n\t<meta name=\"twitter:data1\" content=\"Leveloop\" \/>\n\t<meta name=\"twitter:label2\" content=\"Est. reading time\" \/>\n\t<meta name=\"twitter:data2\" content=\"2 minutes\" \/>\n<script type=\"application\/ld+json\" class=\"yoast-schema-graph\">{\"@context\":\"https:\\\/\\\/schema.org\",\"@graph\":[{\"@type\":\"Article\",\"@id\":\"https:\\\/\\\/www.umpalai.it\\\/en\\\/events\\\/la-montagna-parla-con-ritratti-di-donna\\\/#article\",\"isPartOf\":{\"@id\":\"https:\\\/\\\/www.umpalai.it\\\/en\\\/events\\\/la-montagna-parla-con-ritratti-di-donna\\\/\"},\"author\":{\"name\":\"Leveloop\",\"@id\":\"https:\\\/\\\/www.umpalai.it\\\/en\\\/#\\\/schema\\\/person\\\/c4bb30f288911db2984cdac473ab9b88\"},\"headline\":\"La montagna parla con ritratti di donna\",\"datePublished\":\"2025-06-22T16:26:09+00:00\",\"dateModified\":\"2025-07-03T17:23:50+00:00\",\"mainEntityOfPage\":{\"@id\":\"https:\\\/\\\/www.umpalai.it\\\/en\\\/events\\\/la-montagna-parla-con-ritratti-di-donna\\\/\"},\"wordCount\":246,\"image\":{\"@id\":\"https:\\\/\\\/www.umpalai.it\\\/en\\\/events\\\/la-montagna-parla-con-ritratti-di-donna\\\/#primaryimage\"},\"thumbnailUrl\":\"https:\\\/\\\/www.umpalai.it\\\/wp-content\\\/uploads\\\/2024\\\/04\\\/Panorama-Palu-del-Fersina.jpeg\",\"articleSection\":[\"Events\"],\"inLanguage\":\"en-US\"},{\"@type\":\"WebPage\",\"@id\":\"https:\\\/\\\/www.umpalai.it\\\/en\\\/events\\\/la-montagna-parla-con-ritratti-di-donna\\\/\",\"url\":\"https:\\\/\\\/www.umpalai.it\\\/en\\\/events\\\/la-montagna-parla-con-ritratti-di-donna\\\/\",\"name\":\"La montagna parla con ritratti di donna - Um Palai\",\"isPartOf\":{\"@id\":\"https:\\\/\\\/www.umpalai.it\\\/en\\\/#website\"},\"primaryImageOfPage\":{\"@id\":\"https:\\\/\\\/www.umpalai.it\\\/en\\\/events\\\/la-montagna-parla-con-ritratti-di-donna\\\/#primaryimage\"},\"image\":{\"@id\":\"https:\\\/\\\/www.umpalai.it\\\/en\\\/events\\\/la-montagna-parla-con-ritratti-di-donna\\\/#primaryimage\"},\"thumbnailUrl\":\"https:\\\/\\\/www.umpalai.it\\\/wp-content\\\/uploads\\\/2024\\\/04\\\/Panorama-Palu-del-Fersina.jpeg\",\"datePublished\":\"2025-06-22T16:26:09+00:00\",\"dateModified\":\"2025-07-03T17:23:50+00:00\",\"author\":{\"@id\":\"https:\\\/\\\/www.umpalai.it\\\/en\\\/#\\\/schema\\\/person\\\/c4bb30f288911db2984cdac473ab9b88\"},\"breadcrumb\":{\"@id\":\"https:\\\/\\\/www.umpalai.it\\\/en\\\/events\\\/la-montagna-parla-con-ritratti-di-donna\\\/#breadcrumb\"},\"inLanguage\":\"en-US\",\"potentialAction\":[{\"@type\":\"ReadAction\",\"target\":[\"https:\\\/\\\/www.umpalai.it\\\/en\\\/events\\\/la-montagna-parla-con-ritratti-di-donna\\\/\"]}]},{\"@type\":\"ImageObject\",\"inLanguage\":\"en-US\",\"@id\":\"https:\\\/\\\/www.umpalai.it\\\/en\\\/events\\\/la-montagna-parla-con-ritratti-di-donna\\\/#primaryimage\",\"url\":\"https:\\\/\\\/www.umpalai.it\\\/wp-content\\\/uploads\\\/2024\\\/04\\\/Panorama-Palu-del-Fersina.jpeg\",\"contentUrl\":\"https:\\\/\\\/www.umpalai.it\\\/wp-content\\\/uploads\\\/2024\\\/04\\\/Panorama-Palu-del-Fersina.jpeg\",\"width\":830,\"height\":466,\"caption\":\"Malga Cambroncoi\"},{\"@type\":\"BreadcrumbList\",\"@id\":\"https:\\\/\\\/www.umpalai.it\\\/en\\\/events\\\/la-montagna-parla-con-ritratti-di-donna\\\/#breadcrumb\",\"itemListElement\":[{\"@type\":\"ListItem\",\"position\":1,\"name\":\"Home\",\"item\":\"https:\\\/\\\/www.umpalai.it\\\/en\\\/um-palai\\\/\"},{\"@type\":\"ListItem\",\"position\":2,\"name\":\"La montagna parla con ritratti di donna\"}]},{\"@type\":\"WebSite\",\"@id\":\"https:\\\/\\\/www.umpalai.it\\\/en\\\/#website\",\"url\":\"https:\\\/\\\/www.umpalai.it\\\/en\\\/\",\"name\":\"Pal\u00f9 del Fersina\",\"description\":\"In the heart of the Fersina Valley\",\"potentialAction\":[{\"@type\":\"SearchAction\",\"target\":{\"@type\":\"EntryPoint\",\"urlTemplate\":\"https:\\\/\\\/www.umpalai.it\\\/en\\\/?s={search_term_string}\"},\"query-input\":{\"@type\":\"PropertyValueSpecification\",\"valueRequired\":true,\"valueName\":\"search_term_string\"}}],\"inLanguage\":\"en-US\"},{\"@type\":\"Person\",\"@id\":\"https:\\\/\\\/www.umpalai.it\\\/en\\\/#\\\/schema\\\/person\\\/c4bb30f288911db2984cdac473ab9b88\",\"name\":\"Leveloop\",\"image\":{\"@type\":\"ImageObject\",\"inLanguage\":\"en-US\",\"@id\":\"https:\\\/\\\/secure.gravatar.com\\\/avatar\\\/133c970b7ee8e2c97707f8b51c7448c6a8709e26c293cf3c648efb8cca74ab87?s=96&d=mm&r=g\",\"url\":\"https:\\\/\\\/secure.gravatar.com\\\/avatar\\\/133c970b7ee8e2c97707f8b51c7448c6a8709e26c293cf3c648efb8cca74ab87?s=96&d=mm&r=g\",\"contentUrl\":\"https:\\\/\\\/secure.gravatar.com\\\/avatar\\\/133c970b7ee8e2c97707f8b51c7448c6a8709e26c293cf3c648efb8cca74ab87?s=96&d=mm&r=g\",\"caption\":\"Leveloop\"}}]}<\/script>\n<!-- \/ Yoast SEO plugin. -->","yoast_head_json":{"title":"La montagna parla con ritratti di donna - Um Palai","robots":{"index":"index","follow":"follow","max-snippet":"max-snippet:-1","max-image-preview":"max-image-preview:large","max-video-preview":"max-video-preview:-1"},"canonical":"https:\/\/www.umpalai.it\/en\/events\/la-montagna-parla-con-ritratti-di-donna\/","og_locale":"en_US","og_type":"article","og_title":"La montagna parla con ritratti di donna - Um Palai","og_description":"Recital \u201cLa Montagna Parla con Ritratti di Donna\u201d \u2013 Omaggio a Flavio Faganello | Venerd\u00ec 27 giugno 2025, Pal\u00f9 del Fersina Data e ora: Venerd\u00ec 27 giugno 2025, ore 20:30Luogo: Sala Comunale di Pal\u00f9 del Fersina (TN)Ingresso gratuito In occasione del 20\u00b0 anniversario della scomparsa del fotografo trentino Flavio Faganello, la Sala Comunale di Pal\u00f9 [&hellip;]","og_url":"https:\/\/www.umpalai.it\/en\/events\/la-montagna-parla-con-ritratti-di-donna\/","og_site_name":"Um Palai","article_publisher":"https:\/\/www.facebook.com\/PaludelFersina\/","article_published_time":"2025-06-22T16:26:09+00:00","article_modified_time":"2025-07-03T17:23:50+00:00","og_image":[{"width":830,"height":466,"url":"https:\/\/www.umpalai.it\/wp-content\/uploads\/2024\/04\/Panorama-Palu-del-Fersina.jpeg","type":"image\/jpeg"}],"author":"Leveloop","twitter_card":"summary_large_image","twitter_misc":{"Written by":"Leveloop","Est. reading time":"2 minutes"},"schema":{"@context":"https:\/\/schema.org","@graph":[{"@type":"Article","@id":"https:\/\/www.umpalai.it\/en\/events\/la-montagna-parla-con-ritratti-di-donna\/#article","isPartOf":{"@id":"https:\/\/www.umpalai.it\/en\/events\/la-montagna-parla-con-ritratti-di-donna\/"},"author":{"name":"Leveloop","@id":"https:\/\/www.umpalai.it\/en\/#\/schema\/person\/c4bb30f288911db2984cdac473ab9b88"},"headline":"La montagna parla con ritratti di donna","datePublished":"2025-06-22T16:26:09+00:00","dateModified":"2025-07-03T17:23:50+00:00","mainEntityOfPage":{"@id":"https:\/\/www.umpalai.it\/en\/events\/la-montagna-parla-con-ritratti-di-donna\/"},"wordCount":246,"image":{"@id":"https:\/\/www.umpalai.it\/en\/events\/la-montagna-parla-con-ritratti-di-donna\/#primaryimage"},"thumbnailUrl":"https:\/\/www.umpalai.it\/wp-content\/uploads\/2024\/04\/Panorama-Palu-del-Fersina.jpeg","articleSection":["Events"],"inLanguage":"en-US"},{"@type":"WebPage","@id":"https:\/\/www.umpalai.it\/en\/events\/la-montagna-parla-con-ritratti-di-donna\/","url":"https:\/\/www.umpalai.it\/en\/events\/la-montagna-parla-con-ritratti-di-donna\/","name":"La montagna parla con ritratti di donna - Um Palai","isPartOf":{"@id":"https:\/\/www.umpalai.it\/en\/#website"},"primaryImageOfPage":{"@id":"https:\/\/www.umpalai.it\/en\/events\/la-montagna-parla-con-ritratti-di-donna\/#primaryimage"},"image":{"@id":"https:\/\/www.umpalai.it\/en\/events\/la-montagna-parla-con-ritratti-di-donna\/#primaryimage"},"thumbnailUrl":"https:\/\/www.umpalai.it\/wp-content\/uploads\/2024\/04\/Panorama-Palu-del-Fersina.jpeg","datePublished":"2025-06-22T16:26:09+00:00","dateModified":"2025-07-03T17:23:50+00:00","author":{"@id":"https:\/\/www.umpalai.it\/en\/#\/schema\/person\/c4bb30f288911db2984cdac473ab9b88"},"breadcrumb":{"@id":"https:\/\/www.umpalai.it\/en\/events\/la-montagna-parla-con-ritratti-di-donna\/#breadcrumb"},"inLanguage":"en-US","potentialAction":[{"@type":"ReadAction","target":["https:\/\/www.umpalai.it\/en\/events\/la-montagna-parla-con-ritratti-di-donna\/"]}]},{"@type":"ImageObject","inLanguage":"en-US","@id":"https:\/\/www.umpalai.it\/en\/events\/la-montagna-parla-con-ritratti-di-donna\/#primaryimage","url":"https:\/\/www.umpalai.it\/wp-content\/uploads\/2024\/04\/Panorama-Palu-del-Fersina.jpeg","contentUrl":"https:\/\/www.umpalai.it\/wp-content\/uploads\/2024\/04\/Panorama-Palu-del-Fersina.jpeg","width":830,"height":466,"caption":"Malga Cambroncoi"},{"@type":"BreadcrumbList","@id":"https:\/\/www.umpalai.it\/en\/events\/la-montagna-parla-con-ritratti-di-donna\/#breadcrumb","itemListElement":[{"@type":"ListItem","position":1,"name":"Home","item":"https:\/\/www.umpalai.it\/en\/um-palai\/"},{"@type":"ListItem","position":2,"name":"La montagna parla con ritratti di donna"}]},{"@type":"WebSite","@id":"https:\/\/www.umpalai.it\/en\/#website","url":"https:\/\/www.umpalai.it\/en\/","name":"Pal\u00f9 del Fersina","description":"In the heart of the Fersina Valley","potentialAction":[{"@type":"SearchAction","target":{"@type":"EntryPoint","urlTemplate":"https:\/\/www.umpalai.it\/en\/?s={search_term_string}"},"query-input":{"@type":"PropertyValueSpecification","valueRequired":true,"valueName":"search_term_string"}}],"inLanguage":"en-US"},{"@type":"Person","@id":"https:\/\/www.umpalai.it\/en\/#\/schema\/person\/c4bb30f288911db2984cdac473ab9b88","name":"Leveloop","image":{"@type":"ImageObject","inLanguage":"en-US","@id":"https:\/\/secure.gravatar.com\/avatar\/133c970b7ee8e2c97707f8b51c7448c6a8709e26c293cf3c648efb8cca74ab87?s=96&d=mm&r=g","url":"https:\/\/secure.gravatar.com\/avatar\/133c970b7ee8e2c97707f8b51c7448c6a8709e26c293cf3c648efb8cca74ab87?s=96&d=mm&r=g","contentUrl":"https:\/\/secure.gravatar.com\/avatar\/133c970b7ee8e2c97707f8b51c7448c6a8709e26c293cf3c648efb8cca74ab87?s=96&d=mm&r=g","caption":"Leveloop"}}]}},"_links":{"self":[{"href":"https:\/\/www.umpalai.it\/en\/wp-json\/wp\/v2\/posts\/2293","targetHints":{"allow":["GET"]}}],"collection":[{"href":"https:\/\/www.umpalai.it\/en\/wp-json\/wp\/v2\/posts"}],"about":[{"href":"https:\/\/www.umpalai.it\/en\/wp-json\/wp\/v2\/types\/post"}],"author":[{"embeddable":true,"href":"https:\/\/www.umpalai.it\/en\/wp-json\/wp\/v2\/users\/1"}],"replies":[{"embeddable":true,"href":"https:\/\/www.umpalai.it\/en\/wp-json\/wp\/v2\/comments?post=2293"}],"version-history":[{"count":1,"href":"https:\/\/www.umpalai.it\/en\/wp-json\/wp\/v2\/posts\/2293\/revisions"}],"predecessor-version":[{"id":2296,"href":"https:\/\/www.umpalai.it\/en\/wp-json\/wp\/v2\/posts\/2293\/revisions\/2296"}],"wp:featuredmedia":[{"embeddable":true,"href":"https:\/\/www.umpalai.it\/en\/wp-json\/wp\/v2\/media\/1410"}],"wp:attachment":[{"href":"https:\/\/www.umpalai.it\/en\/wp-json\/wp\/v2\/media?parent=2293"}],"wp:term":[{"taxonomy":"category","embeddable":true,"href":"https:\/\/www.umpalai.it\/en\/wp-json\/wp\/v2\/categories?post=2293"},{"taxonomy":"post_tag","embeddable":true,"href":"https:\/\/www.umpalai.it\/en\/wp-json\/wp\/v2\/tags?post=2293"}],"curies":[{"name":"wp","href":"https:\/\/api.w.org\/{rel}","templated":true}]}}