{"id":2508,"date":"2025-10-02T18:23:13","date_gmt":"2025-10-02T18:23:13","guid":{"rendered":"https:\/\/www.umpalai.it\/?p=2508"},"modified":"2025-10-21T19:57:42","modified_gmt":"2025-10-21T19:57:42","slug":"ottobre-mese-rosa","status":"publish","type":"post","link":"https:\/\/www.umpalai.it\/en\/events\/ottobre-mese-rosa\/","title":{"rendered":"Ottobre mese rosa"},"content":{"rendered":"\n<div class=\"wp-block-columns is-layout-flex wp-container-core-columns-is-layout-9d6595d7 wp-block-columns-is-layout-flex\">\n<div class=\"wp-block-column is-layout-flow wp-block-column-is-layout-flow\">\n<h2 class=\"wp-block-heading\">Dettagli dell\u2019evento &#8211; 4 ottobre 2025<\/h2>\n\n\n\n<p>L\u2019<strong>iniziativa<\/strong> si svolger\u00e0 il <strong>4 ottobre 2025<\/strong> in diverse location del territorio. Alle <strong>8:15<\/strong> si inaugurer\u00e0 a <strong>Sant\u2019Orsola Terme in Piazza<\/strong>, seguita a <strong>Mala<\/strong> dalle <strong>9:00<\/strong> presso la <strong>Famiglia Cooperativa<\/strong>. Dalle <strong>10:00 alle 12:00<\/strong>, l\u2019attenzione si sposter\u00e0 al <strong>Pal\u00f9<\/strong>, sempre presso la <strong>Famiglia Cooperativa<\/strong>. La giornata si concluder\u00e0 a <strong>Kamauz<\/strong> dopo la <strong>Santa Messa delle ore 17<\/strong>.<\/p>\n\n\n\n<h2 class=\"wp-block-heading\">Programma del 5 ottobre 2025<\/h2>\n\n\n\n<p>Il <strong>5 ottobre<\/strong> l\u2019evento si terr\u00e0 a <strong>Fierozzo presso il piazzale Bar Zeppel<\/strong>, dalle <strong>10:30 alle 12<\/strong>. Un\u2019occasione per sensibilizzare sulla prevenzione del tumore al seno e promuovere la ricerca, con attivit\u00e0 e iniziative dedicate alla salute femminile.<\/p>\n\n\n\n<h2 class=\"wp-block-heading\">Sostegno e collaborazione<\/h2>\n\n\n\n<p>L\u2019evento \u00e8 promosso da enti e associazioni del territorio, tra cui <strong>Sant\u2019Orsola Terme<\/strong>, <strong>Fierozzo<\/strong>, <strong>Frassilongo<\/strong> e partner come <strong>LILT<\/strong> e <strong>Distretto Sanitario<\/strong>. La partecipazione \u00e8 aperta a tutti e l\u2019iniziativa mira a diffondere la cultura della prevenzione e il supporto alla ricerca.<\/p>\n\n\n\n<figure class=\"wp-block-image size-full\"><img decoding=\"async\" width=\"903\" height=\"1280\" src=\"https:\/\/www.umpalai.it\/wp-content\/uploads\/2025\/10\/d917cc6a-3301-4ae4-b3c2-7c1fdac3e41f.jpeg\" alt=\"Ottobre mese rosa\" class=\"wp-image-2509\" srcset=\"https:\/\/www.umpalai.it\/wp-content\/uploads\/2025\/10\/d917cc6a-3301-4ae4-b3c2-7c1fdac3e41f.jpeg 903w, https:\/\/www.umpalai.it\/wp-content\/uploads\/2025\/10\/d917cc6a-3301-4ae4-b3c2-7c1fdac3e41f-212x300.jpeg 212w, https:\/\/www.umpalai.it\/wp-content\/uploads\/2025\/10\/d917cc6a-3301-4ae4-b3c2-7c1fdac3e41f-722x1024.jpeg 722w, https:\/\/www.umpalai.it\/wp-content\/uploads\/2025\/10\/d917cc6a-3301-4ae4-b3c2-7c1fdac3e41f-768x1089.jpeg 768w\" sizes=\"(max-width: 903px) 100vw, 903px\" \/><\/figure>\n<\/div>\n<\/div>\n","protected":false},"excerpt":{"rendered":"<p>Dettagli dell\u2019evento &#8211; 4 ottobre 2025 L\u2019iniziativa si svolger\u00e0 il 4 ottobre 2025 in diverse location del territorio. Alle 8:15 si inaugurer\u00e0 a Sant\u2019Orsola Terme in Piazza, seguita a Mala dalle 9:00 presso la Famiglia Cooperativa. Dalle 10:00 alle 12:00, l\u2019attenzione si sposter\u00e0 al Pal\u00f9, sempre presso la Famiglia Cooperativa. La giornata si concluder\u00e0 a [&hellip;]<\/p>\n","protected":false},"author":1,"featured_media":2511,"comment_status":"closed","ping_status":"closed","sticky":false,"template":"","format":"standard","meta":{"_acf_changed":false,"footnotes":""},"categories":[88],"tags":[],"class_list":["post-2508","post","type-post","status-publish","format-standard","has-post-thumbnail","hentry","category-events"],"acf":[],"yoast_head":"<!-- This site is optimized with the Yoast SEO plugin v27.5 - https:\/\/yoast.com\/product\/yoast-seo-wordpress\/ -->\n<title>Ottobre mese rosa - Um Palai<\/title>\n<meta name=\"description\" content=\"L\u2019iniziativa si svolger\u00e0 il 4 ottobre 2025 in diverse location del territorio. Alle 8:15 si inaugurer\u00e0 a Sant\u2019Orsola Terme in Piazza, seguita a Mala dalle 9:00 presso la Famiglia Cooperativa. Dalle 10:00 alle 12:00, l\u2019attenzione si sposter\u00e0 al Pal\u00f9, sempre presso la Famiglia Cooperativa. La giornata si concluder\u00e0 a Kamauz dopo la Santa Messa delle ore 17.\" \/>\n<meta name=\"robots\" content=\"index, follow, max-snippet:-1, max-image-preview:large, max-video-preview:-1\" \/>\n<link rel=\"canonical\" href=\"https:\/\/www.umpalai.it\/en\/events\/ottobre-mese-rosa\/\" \/>\n<meta property=\"og:locale\" content=\"en_US\" \/>\n<meta property=\"og:type\" content=\"article\" \/>\n<meta property=\"og:title\" content=\"Ottobre mese rosa - Um Palai\" \/>\n<meta property=\"og:description\" content=\"L\u2019iniziativa si svolger\u00e0 il 4 ottobre 2025 in diverse location del territorio. Alle 8:15 si inaugurer\u00e0 a Sant\u2019Orsola Terme in Piazza, seguita a Mala dalle 9:00 presso la Famiglia Cooperativa. Dalle 10:00 alle 12:00, l\u2019attenzione si sposter\u00e0 al Pal\u00f9, sempre presso la Famiglia Cooperativa. La giornata si concluder\u00e0 a Kamauz dopo la Santa Messa delle ore 17.\" \/>\n<meta property=\"og:url\" content=\"https:\/\/www.umpalai.it\/en\/events\/ottobre-mese-rosa\/\" \/>\n<meta property=\"og:site_name\" content=\"Um Palai\" \/>\n<meta property=\"article:publisher\" content=\"https:\/\/www.facebook.com\/PaludelFersina\/\" \/>\n<meta property=\"article:published_time\" content=\"2025-10-02T18:23:13+00:00\" \/>\n<meta property=\"article:modified_time\" content=\"2025-10-21T19:57:42+00:00\" \/>\n<meta property=\"og:image\" content=\"https:\/\/www.umpalai.it\/wp-content\/uploads\/2025\/10\/d917cc6a-3301-4ae4-b3c2-7c1fdac3e41f.jpeg\" \/>\n\t<meta property=\"og:image:width\" content=\"903\" \/>\n\t<meta property=\"og:image:height\" content=\"1280\" \/>\n\t<meta property=\"og:image:type\" content=\"image\/jpeg\" \/>\n<meta name=\"author\" content=\"Leveloop\" \/>\n<meta name=\"twitter:card\" content=\"summary_large_image\" \/>\n<meta name=\"twitter:label1\" content=\"Written by\" \/>\n\t<meta name=\"twitter:data1\" content=\"Leveloop\" \/>\n\t<meta name=\"twitter:label2\" content=\"Est. reading time\" \/>\n\t<meta name=\"twitter:data2\" content=\"1 minute\" \/>\n<script type=\"application\/ld+json\" class=\"yoast-schema-graph\">{\"@context\":\"https:\\\/\\\/schema.org\",\"@graph\":[{\"@type\":\"Article\",\"@id\":\"https:\\\/\\\/www.umpalai.it\\\/en\\\/events\\\/ottobre-mese-rosa\\\/#article\",\"isPartOf\":{\"@id\":\"https:\\\/\\\/www.umpalai.it\\\/en\\\/events\\\/ottobre-mese-rosa\\\/\"},\"author\":{\"name\":\"Leveloop\",\"@id\":\"https:\\\/\\\/www.umpalai.it\\\/en\\\/#\\\/schema\\\/person\\\/c4bb30f288911db2984cdac473ab9b88\"},\"headline\":\"Ottobre mese rosa\",\"datePublished\":\"2025-10-02T18:23:13+00:00\",\"dateModified\":\"2025-10-21T19:57:42+00:00\",\"mainEntityOfPage\":{\"@id\":\"https:\\\/\\\/www.umpalai.it\\\/en\\\/events\\\/ottobre-mese-rosa\\\/\"},\"wordCount\":147,\"image\":{\"@id\":\"https:\\\/\\\/www.umpalai.it\\\/en\\\/events\\\/ottobre-mese-rosa\\\/#primaryimage\"},\"thumbnailUrl\":\"https:\\\/\\\/www.umpalai.it\\\/wp-content\\\/uploads\\\/2025\\\/10\\\/d917cc6a-3301-4ae4-b3c2-7c1fdac3e41f.jpeg\",\"articleSection\":[\"Events\"],\"inLanguage\":\"en-US\"},{\"@type\":\"WebPage\",\"@id\":\"https:\\\/\\\/www.umpalai.it\\\/en\\\/events\\\/ottobre-mese-rosa\\\/\",\"url\":\"https:\\\/\\\/www.umpalai.it\\\/en\\\/events\\\/ottobre-mese-rosa\\\/\",\"name\":\"Ottobre mese rosa - Um Palai\",\"isPartOf\":{\"@id\":\"https:\\\/\\\/www.umpalai.it\\\/en\\\/#website\"},\"primaryImageOfPage\":{\"@id\":\"https:\\\/\\\/www.umpalai.it\\\/en\\\/events\\\/ottobre-mese-rosa\\\/#primaryimage\"},\"image\":{\"@id\":\"https:\\\/\\\/www.umpalai.it\\\/en\\\/events\\\/ottobre-mese-rosa\\\/#primaryimage\"},\"thumbnailUrl\":\"https:\\\/\\\/www.umpalai.it\\\/wp-content\\\/uploads\\\/2025\\\/10\\\/d917cc6a-3301-4ae4-b3c2-7c1fdac3e41f.jpeg\",\"datePublished\":\"2025-10-02T18:23:13+00:00\",\"dateModified\":\"2025-10-21T19:57:42+00:00\",\"author\":{\"@id\":\"https:\\\/\\\/www.umpalai.it\\\/en\\\/#\\\/schema\\\/person\\\/c4bb30f288911db2984cdac473ab9b88\"},\"description\":\"L\u2019iniziativa si svolger\u00e0 il 4 ottobre 2025 in diverse location del territorio. Alle 8:15 si inaugurer\u00e0 a Sant\u2019Orsola Terme in Piazza, seguita a Mala dalle 9:00 presso la Famiglia Cooperativa. Dalle 10:00 alle 12:00, l\u2019attenzione si sposter\u00e0 al Pal\u00f9, sempre presso la Famiglia Cooperativa. La giornata si concluder\u00e0 a Kamauz dopo la Santa Messa delle ore 17.\",\"breadcrumb\":{\"@id\":\"https:\\\/\\\/www.umpalai.it\\\/en\\\/events\\\/ottobre-mese-rosa\\\/#breadcrumb\"},\"inLanguage\":\"en-US\",\"potentialAction\":[{\"@type\":\"ReadAction\",\"target\":[\"https:\\\/\\\/www.umpalai.it\\\/en\\\/events\\\/ottobre-mese-rosa\\\/\"]}]},{\"@type\":\"ImageObject\",\"inLanguage\":\"en-US\",\"@id\":\"https:\\\/\\\/www.umpalai.it\\\/en\\\/events\\\/ottobre-mese-rosa\\\/#primaryimage\",\"url\":\"https:\\\/\\\/www.umpalai.it\\\/wp-content\\\/uploads\\\/2025\\\/10\\\/d917cc6a-3301-4ae4-b3c2-7c1fdac3e41f.jpeg\",\"contentUrl\":\"https:\\\/\\\/www.umpalai.it\\\/wp-content\\\/uploads\\\/2025\\\/10\\\/d917cc6a-3301-4ae4-b3c2-7c1fdac3e41f.jpeg\",\"width\":903,\"height\":1280,\"caption\":\"Ottobre mese rosa\"},{\"@type\":\"BreadcrumbList\",\"@id\":\"https:\\\/\\\/www.umpalai.it\\\/en\\\/events\\\/ottobre-mese-rosa\\\/#breadcrumb\",\"itemListElement\":[{\"@type\":\"ListItem\",\"position\":1,\"name\":\"Home\",\"item\":\"https:\\\/\\\/www.umpalai.it\\\/en\\\/um-palai\\\/\"},{\"@type\":\"ListItem\",\"position\":2,\"name\":\"Ottobre mese rosa\"}]},{\"@type\":\"WebSite\",\"@id\":\"https:\\\/\\\/www.umpalai.it\\\/en\\\/#website\",\"url\":\"https:\\\/\\\/www.umpalai.it\\\/en\\\/\",\"name\":\"Pal\u00f9 del Fersina\",\"description\":\"In the heart of the Fersina Valley\",\"potentialAction\":[{\"@type\":\"SearchAction\",\"target\":{\"@type\":\"EntryPoint\",\"urlTemplate\":\"https:\\\/\\\/www.umpalai.it\\\/en\\\/?s={search_term_string}\"},\"query-input\":{\"@type\":\"PropertyValueSpecification\",\"valueRequired\":true,\"valueName\":\"search_term_string\"}}],\"inLanguage\":\"en-US\"},{\"@type\":\"Person\",\"@id\":\"https:\\\/\\\/www.umpalai.it\\\/en\\\/#\\\/schema\\\/person\\\/c4bb30f288911db2984cdac473ab9b88\",\"name\":\"Leveloop\",\"image\":{\"@type\":\"ImageObject\",\"inLanguage\":\"en-US\",\"@id\":\"https:\\\/\\\/secure.gravatar.com\\\/avatar\\\/133c970b7ee8e2c97707f8b51c7448c6a8709e26c293cf3c648efb8cca74ab87?s=96&d=mm&r=g\",\"url\":\"https:\\\/\\\/secure.gravatar.com\\\/avatar\\\/133c970b7ee8e2c97707f8b51c7448c6a8709e26c293cf3c648efb8cca74ab87?s=96&d=mm&r=g\",\"contentUrl\":\"https:\\\/\\\/secure.gravatar.com\\\/avatar\\\/133c970b7ee8e2c97707f8b51c7448c6a8709e26c293cf3c648efb8cca74ab87?s=96&d=mm&r=g\",\"caption\":\"Leveloop\"}}]}<\/script>\n<!-- \/ Yoast SEO plugin. -->","yoast_head_json":{"title":"Ottobre mese rosa - Um Palai","description":"L\u2019iniziativa si svolger\u00e0 il 4 ottobre 2025 in diverse location del territorio. Alle 8:15 si inaugurer\u00e0 a Sant\u2019Orsola Terme in Piazza, seguita a Mala dalle 9:00 presso la Famiglia Cooperativa. Dalle 10:00 alle 12:00, l\u2019attenzione si sposter\u00e0 al Pal\u00f9, sempre presso la Famiglia Cooperativa. La giornata si concluder\u00e0 a Kamauz dopo la Santa Messa delle ore 17.","robots":{"index":"index","follow":"follow","max-snippet":"max-snippet:-1","max-image-preview":"max-image-preview:large","max-video-preview":"max-video-preview:-1"},"canonical":"https:\/\/www.umpalai.it\/en\/events\/ottobre-mese-rosa\/","og_locale":"en_US","og_type":"article","og_title":"Ottobre mese rosa - Um Palai","og_description":"L\u2019iniziativa si svolger\u00e0 il 4 ottobre 2025 in diverse location del territorio. Alle 8:15 si inaugurer\u00e0 a Sant\u2019Orsola Terme in Piazza, seguita a Mala dalle 9:00 presso la Famiglia Cooperativa. Dalle 10:00 alle 12:00, l\u2019attenzione si sposter\u00e0 al Pal\u00f9, sempre presso la Famiglia Cooperativa. La giornata si concluder\u00e0 a Kamauz dopo la Santa Messa delle ore 17.","og_url":"https:\/\/www.umpalai.it\/en\/events\/ottobre-mese-rosa\/","og_site_name":"Um Palai","article_publisher":"https:\/\/www.facebook.com\/PaludelFersina\/","article_published_time":"2025-10-02T18:23:13+00:00","article_modified_time":"2025-10-21T19:57:42+00:00","og_image":[{"width":903,"height":1280,"url":"https:\/\/www.umpalai.it\/wp-content\/uploads\/2025\/10\/d917cc6a-3301-4ae4-b3c2-7c1fdac3e41f.jpeg","type":"image\/jpeg"}],"author":"Leveloop","twitter_card":"summary_large_image","twitter_misc":{"Written by":"Leveloop","Est. reading time":"1 minute"},"schema":{"@context":"https:\/\/schema.org","@graph":[{"@type":"Article","@id":"https:\/\/www.umpalai.it\/en\/events\/ottobre-mese-rosa\/#article","isPartOf":{"@id":"https:\/\/www.umpalai.it\/en\/events\/ottobre-mese-rosa\/"},"author":{"name":"Leveloop","@id":"https:\/\/www.umpalai.it\/en\/#\/schema\/person\/c4bb30f288911db2984cdac473ab9b88"},"headline":"Ottobre mese rosa","datePublished":"2025-10-02T18:23:13+00:00","dateModified":"2025-10-21T19:57:42+00:00","mainEntityOfPage":{"@id":"https:\/\/www.umpalai.it\/en\/events\/ottobre-mese-rosa\/"},"wordCount":147,"image":{"@id":"https:\/\/www.umpalai.it\/en\/events\/ottobre-mese-rosa\/#primaryimage"},"thumbnailUrl":"https:\/\/www.umpalai.it\/wp-content\/uploads\/2025\/10\/d917cc6a-3301-4ae4-b3c2-7c1fdac3e41f.jpeg","articleSection":["Events"],"inLanguage":"en-US"},{"@type":"WebPage","@id":"https:\/\/www.umpalai.it\/en\/events\/ottobre-mese-rosa\/","url":"https:\/\/www.umpalai.it\/en\/events\/ottobre-mese-rosa\/","name":"Ottobre mese rosa - Um Palai","isPartOf":{"@id":"https:\/\/www.umpalai.it\/en\/#website"},"primaryImageOfPage":{"@id":"https:\/\/www.umpalai.it\/en\/events\/ottobre-mese-rosa\/#primaryimage"},"image":{"@id":"https:\/\/www.umpalai.it\/en\/events\/ottobre-mese-rosa\/#primaryimage"},"thumbnailUrl":"https:\/\/www.umpalai.it\/wp-content\/uploads\/2025\/10\/d917cc6a-3301-4ae4-b3c2-7c1fdac3e41f.jpeg","datePublished":"2025-10-02T18:23:13+00:00","dateModified":"2025-10-21T19:57:42+00:00","author":{"@id":"https:\/\/www.umpalai.it\/en\/#\/schema\/person\/c4bb30f288911db2984cdac473ab9b88"},"description":"L\u2019iniziativa si svolger\u00e0 il 4 ottobre 2025 in diverse location del territorio. Alle 8:15 si inaugurer\u00e0 a Sant\u2019Orsola Terme in Piazza, seguita a Mala dalle 9:00 presso la Famiglia Cooperativa. Dalle 10:00 alle 12:00, l\u2019attenzione si sposter\u00e0 al Pal\u00f9, sempre presso la Famiglia Cooperativa. La giornata si concluder\u00e0 a Kamauz dopo la Santa Messa delle ore 17.","breadcrumb":{"@id":"https:\/\/www.umpalai.it\/en\/events\/ottobre-mese-rosa\/#breadcrumb"},"inLanguage":"en-US","potentialAction":[{"@type":"ReadAction","target":["https:\/\/www.umpalai.it\/en\/events\/ottobre-mese-rosa\/"]}]},{"@type":"ImageObject","inLanguage":"en-US","@id":"https:\/\/www.umpalai.it\/en\/events\/ottobre-mese-rosa\/#primaryimage","url":"https:\/\/www.umpalai.it\/wp-content\/uploads\/2025\/10\/d917cc6a-3301-4ae4-b3c2-7c1fdac3e41f.jpeg","contentUrl":"https:\/\/www.umpalai.it\/wp-content\/uploads\/2025\/10\/d917cc6a-3301-4ae4-b3c2-7c1fdac3e41f.jpeg","width":903,"height":1280,"caption":"Ottobre mese rosa"},{"@type":"BreadcrumbList","@id":"https:\/\/www.umpalai.it\/en\/events\/ottobre-mese-rosa\/#breadcrumb","itemListElement":[{"@type":"ListItem","position":1,"name":"Home","item":"https:\/\/www.umpalai.it\/en\/um-palai\/"},{"@type":"ListItem","position":2,"name":"Ottobre mese rosa"}]},{"@type":"WebSite","@id":"https:\/\/www.umpalai.it\/en\/#website","url":"https:\/\/www.umpalai.it\/en\/","name":"Pal\u00f9 del Fersina","description":"In the heart of the Fersina Valley","potentialAction":[{"@type":"SearchAction","target":{"@type":"EntryPoint","urlTemplate":"https:\/\/www.umpalai.it\/en\/?s={search_term_string}"},"query-input":{"@type":"PropertyValueSpecification","valueRequired":true,"valueName":"search_term_string"}}],"inLanguage":"en-US"},{"@type":"Person","@id":"https:\/\/www.umpalai.it\/en\/#\/schema\/person\/c4bb30f288911db2984cdac473ab9b88","name":"Leveloop","image":{"@type":"ImageObject","inLanguage":"en-US","@id":"https:\/\/secure.gravatar.com\/avatar\/133c970b7ee8e2c97707f8b51c7448c6a8709e26c293cf3c648efb8cca74ab87?s=96&d=mm&r=g","url":"https:\/\/secure.gravatar.com\/avatar\/133c970b7ee8e2c97707f8b51c7448c6a8709e26c293cf3c648efb8cca74ab87?s=96&d=mm&r=g","contentUrl":"https:\/\/secure.gravatar.com\/avatar\/133c970b7ee8e2c97707f8b51c7448c6a8709e26c293cf3c648efb8cca74ab87?s=96&d=mm&r=g","caption":"Leveloop"}}]}},"_links":{"self":[{"href":"https:\/\/www.umpalai.it\/en\/wp-json\/wp\/v2\/posts\/2508","targetHints":{"allow":["GET"]}}],"collection":[{"href":"https:\/\/www.umpalai.it\/en\/wp-json\/wp\/v2\/posts"}],"about":[{"href":"https:\/\/www.umpalai.it\/en\/wp-json\/wp\/v2\/types\/post"}],"author":[{"embeddable":true,"href":"https:\/\/www.umpalai.it\/en\/wp-json\/wp\/v2\/users\/1"}],"replies":[{"embeddable":true,"href":"https:\/\/www.umpalai.it\/en\/wp-json\/wp\/v2\/comments?post=2508"}],"version-history":[{"count":2,"href":"https:\/\/www.umpalai.it\/en\/wp-json\/wp\/v2\/posts\/2508\/revisions"}],"predecessor-version":[{"id":2549,"href":"https:\/\/www.umpalai.it\/en\/wp-json\/wp\/v2\/posts\/2508\/revisions\/2549"}],"wp:featuredmedia":[{"embeddable":true,"href":"https:\/\/www.umpalai.it\/en\/wp-json\/wp\/v2\/media\/2511"}],"wp:attachment":[{"href":"https:\/\/www.umpalai.it\/en\/wp-json\/wp\/v2\/media?parent=2508"}],"wp:term":[{"taxonomy":"category","embeddable":true,"href":"https:\/\/www.umpalai.it\/en\/wp-json\/wp\/v2\/categories?post=2508"},{"taxonomy":"post_tag","embeddable":true,"href":"https:\/\/www.umpalai.it\/en\/wp-json\/wp\/v2\/tags?post=2508"}],"curies":[{"name":"wp","href":"https:\/\/api.w.org\/{rel}","templated":true}]}}