{"id":2581,"date":"2025-11-08T17:20:29","date_gmt":"2025-11-08T17:20:29","guid":{"rendered":"https:\/\/www.umpalai.it\/?p=2581"},"modified":"2025-11-08T17:21:38","modified_gmt":"2025-11-08T17:21:38","slug":"uomini-e-roccia","status":"publish","type":"post","link":"https:\/\/www.umpalai.it\/en\/events\/uomini-e-roccia\/","title":{"rendered":"Uomini e roccia"},"content":{"rendered":"\n<div class=\"wp-block-columns is-layout-flex wp-container-core-columns-is-layout-9d6595d7 wp-block-columns-is-layout-flex\">\n<div class=\"wp-block-column is-layout-flow wp-block-column-is-layout-flow\">\n<h2 class=\"wp-block-heading\">Storia delle Attivit\u00e0 Estrattive<\/h2>\n\n\n\n<p>Numerose e importanti <strong>attestazioni<\/strong> risalgono a circa 3.500 anni fa, indicando l\u2019antica presenza di attivit\u00e0 estrattive nella Valle del Fersina. Dopo la colonizzazione medievale e la nascita della comunit\u00e0 m\u00f2chena, le testimonianze di <strong>miniere<\/strong> si moltiplicano, raggiungendo il massimo splendore tra il 1400 e il 1500. Queste attivit\u00e0, sebbene intermittenti, si sono protratte nel tempo, contribuendo a delineare un quadro evolutivo delle <strong>pratiche minerarie<\/strong> nella regione.<\/p>\n\n\n\n<h2 class=\"wp-block-heading\">L\u2019Epoca Moderna e le Sfide del XIX Secolo<\/h2>\n\n\n\n<p>Nel XIX secolo, la vita e l\u2019amministrazione mineraria in Trentino vengono analizzate attraverso il <strong>Memorandum<\/strong> di Eustachio Zampedri, pubblicato nel 2022. Zampedri, uomo pragmatico, descrive le <strong>difficolt\u00e0<\/strong> tecniche e sociali affrontate dai lavoratori minerari, offrendo uno sguardo approfondito sulla <strong>memoria storica<\/strong> e sulle dinamiche economiche di quel periodo. La sua testimonianza evidenzia le sfide e le trattative con i finanziatori, riflettendo le complessit\u00e0 del mondo minerario dell\u2019epoca.<\/p>\n\n\n\n<h2 class=\"wp-block-heading\">Evento e Approfondimenti<\/h2>\n\n\n\n<p>Il seminario si terr\u00e0 <strong>venerd\u00ec 28 novembre<\/strong> alle <strong>ore 14.30<\/strong> presso la sala comunale di Pal\u00f9 del Fersina\/Palai en Bersntol, con interventi di Leo Toller e Flavio Ferrari. Al termine, sar\u00e0 possibile visitare il <strong>Museo S P\u00e8rgmandlhaus<\/strong>. La partecipazione \u00e8 gratuita, ma si consiglia di prenotare in anticipo per garantire la partecipazione a questo evento di approfondimento sulla storia estrattiva della regione.<\/p>\n\n\n\n<figure class=\"wp-block-image size-full\"><img decoding=\"async\" width=\"2362\" height=\"1584\" src=\"https:\/\/www.umpalai.it\/wp-content\/uploads\/2025\/11\/IMG_2671.jpg\" alt=\"\" class=\"wp-image-2582\" srcset=\"https:\/\/www.umpalai.it\/wp-content\/uploads\/2025\/11\/IMG_2671.jpg 2362w, https:\/\/www.umpalai.it\/wp-content\/uploads\/2025\/11\/IMG_2671-300x201.jpg 300w, https:\/\/www.umpalai.it\/wp-content\/uploads\/2025\/11\/IMG_2671-1024x687.jpg 1024w, https:\/\/www.umpalai.it\/wp-content\/uploads\/2025\/11\/IMG_2671-768x515.jpg 768w, https:\/\/www.umpalai.it\/wp-content\/uploads\/2025\/11\/IMG_2671-1536x1030.jpg 1536w, https:\/\/www.umpalai.it\/wp-content\/uploads\/2025\/11\/IMG_2671-2048x1373.jpg 2048w\" sizes=\"(max-width: 2362px) 100vw, 2362px\" \/><\/figure>\n<\/div>\n<\/div>\n","protected":false},"excerpt":{"rendered":"<p>Storia delle Attivit\u00e0 Estrattive Numerose e importanti attestazioni risalgono a circa 3.500 anni fa, indicando l\u2019antica presenza di attivit\u00e0 estrattive nella Valle del Fersina. Dopo la colonizzazione medievale e la nascita della comunit\u00e0 m\u00f2chena, le testimonianze di miniere si moltiplicano, raggiungendo il massimo splendore tra il 1400 e il 1500. Queste attivit\u00e0, sebbene intermittenti, si [&hellip;]<\/p>\n","protected":false},"author":1,"featured_media":2584,"comment_status":"closed","ping_status":"closed","sticky":false,"template":"","format":"standard","meta":{"_acf_changed":false,"footnotes":""},"categories":[88],"tags":[],"class_list":["post-2581","post","type-post","status-publish","format-standard","has-post-thumbnail","hentry","category-events"],"acf":[],"yoast_head":"<!-- This site is optimized with the Yoast SEO plugin v27.5 - https:\/\/yoast.com\/product\/yoast-seo-wordpress\/ -->\n<title>Uomini e roccia - Um Palai<\/title>\n<meta name=\"description\" content=\"Numerose e importanti attestazioni risalgono a circa 3.500 anni fa, indicando l\u2019antica presenza di attivit\u00e0 estrattive nella Valle del Fersina.\" \/>\n<meta name=\"robots\" content=\"index, follow, max-snippet:-1, max-image-preview:large, max-video-preview:-1\" \/>\n<link rel=\"canonical\" href=\"https:\/\/www.umpalai.it\/en\/events\/uomini-e-roccia\/\" \/>\n<meta property=\"og:locale\" content=\"en_US\" \/>\n<meta property=\"og:type\" content=\"article\" \/>\n<meta property=\"og:title\" content=\"Uomini e roccia - Um Palai\" \/>\n<meta property=\"og:description\" content=\"Numerose e importanti attestazioni risalgono a circa 3.500 anni fa, indicando l\u2019antica presenza di attivit\u00e0 estrattive nella Valle del Fersina.\" \/>\n<meta property=\"og:url\" content=\"https:\/\/www.umpalai.it\/en\/events\/uomini-e-roccia\/\" \/>\n<meta property=\"og:site_name\" content=\"Um Palai\" \/>\n<meta property=\"article:publisher\" content=\"https:\/\/www.facebook.com\/PaludelFersina\/\" \/>\n<meta property=\"article:published_time\" content=\"2025-11-08T17:20:29+00:00\" \/>\n<meta property=\"article:modified_time\" content=\"2025-11-08T17:21:38+00:00\" \/>\n<meta property=\"og:image\" content=\"https:\/\/www.umpalai.it\/wp-content\/uploads\/2025\/11\/IMG_2671.jpg\" \/>\n\t<meta property=\"og:image:width\" content=\"2362\" \/>\n\t<meta property=\"og:image:height\" content=\"1584\" \/>\n\t<meta property=\"og:image:type\" content=\"image\/jpeg\" \/>\n<meta name=\"author\" content=\"Leveloop\" \/>\n<meta name=\"twitter:card\" content=\"summary_large_image\" \/>\n<meta name=\"twitter:label1\" content=\"Written by\" \/>\n\t<meta name=\"twitter:data1\" content=\"Leveloop\" \/>\n\t<meta name=\"twitter:label2\" content=\"Est. reading time\" \/>\n\t<meta name=\"twitter:data2\" content=\"1 minute\" \/>\n<script type=\"application\/ld+json\" class=\"yoast-schema-graph\">{\"@context\":\"https:\\\/\\\/schema.org\",\"@graph\":[{\"@type\":\"Article\",\"@id\":\"https:\\\/\\\/www.umpalai.it\\\/en\\\/events\\\/uomini-e-roccia\\\/#article\",\"isPartOf\":{\"@id\":\"https:\\\/\\\/www.umpalai.it\\\/en\\\/events\\\/uomini-e-roccia\\\/\"},\"author\":{\"name\":\"Leveloop\",\"@id\":\"https:\\\/\\\/www.umpalai.it\\\/en\\\/#\\\/schema\\\/person\\\/c4bb30f288911db2984cdac473ab9b88\"},\"headline\":\"Uomini e roccia\",\"datePublished\":\"2025-11-08T17:20:29+00:00\",\"dateModified\":\"2025-11-08T17:21:38+00:00\",\"mainEntityOfPage\":{\"@id\":\"https:\\\/\\\/www.umpalai.it\\\/en\\\/events\\\/uomini-e-roccia\\\/\"},\"wordCount\":213,\"image\":{\"@id\":\"https:\\\/\\\/www.umpalai.it\\\/en\\\/events\\\/uomini-e-roccia\\\/#primaryimage\"},\"thumbnailUrl\":\"https:\\\/\\\/www.umpalai.it\\\/wp-content\\\/uploads\\\/2025\\\/11\\\/IMG_2671.jpg\",\"articleSection\":[\"Events\"],\"inLanguage\":\"en-US\"},{\"@type\":\"WebPage\",\"@id\":\"https:\\\/\\\/www.umpalai.it\\\/en\\\/events\\\/uomini-e-roccia\\\/\",\"url\":\"https:\\\/\\\/www.umpalai.it\\\/en\\\/events\\\/uomini-e-roccia\\\/\",\"name\":\"Uomini e roccia - Um Palai\",\"isPartOf\":{\"@id\":\"https:\\\/\\\/www.umpalai.it\\\/en\\\/#website\"},\"primaryImageOfPage\":{\"@id\":\"https:\\\/\\\/www.umpalai.it\\\/en\\\/events\\\/uomini-e-roccia\\\/#primaryimage\"},\"image\":{\"@id\":\"https:\\\/\\\/www.umpalai.it\\\/en\\\/events\\\/uomini-e-roccia\\\/#primaryimage\"},\"thumbnailUrl\":\"https:\\\/\\\/www.umpalai.it\\\/wp-content\\\/uploads\\\/2025\\\/11\\\/IMG_2671.jpg\",\"datePublished\":\"2025-11-08T17:20:29+00:00\",\"dateModified\":\"2025-11-08T17:21:38+00:00\",\"author\":{\"@id\":\"https:\\\/\\\/www.umpalai.it\\\/en\\\/#\\\/schema\\\/person\\\/c4bb30f288911db2984cdac473ab9b88\"},\"description\":\"Numerose e importanti attestazioni risalgono a circa 3.500 anni fa, indicando l\u2019antica presenza di attivit\u00e0 estrattive nella Valle del Fersina.\",\"breadcrumb\":{\"@id\":\"https:\\\/\\\/www.umpalai.it\\\/en\\\/events\\\/uomini-e-roccia\\\/#breadcrumb\"},\"inLanguage\":\"en-US\",\"potentialAction\":[{\"@type\":\"ReadAction\",\"target\":[\"https:\\\/\\\/www.umpalai.it\\\/en\\\/events\\\/uomini-e-roccia\\\/\"]}]},{\"@type\":\"ImageObject\",\"inLanguage\":\"en-US\",\"@id\":\"https:\\\/\\\/www.umpalai.it\\\/en\\\/events\\\/uomini-e-roccia\\\/#primaryimage\",\"url\":\"https:\\\/\\\/www.umpalai.it\\\/wp-content\\\/uploads\\\/2025\\\/11\\\/IMG_2671.jpg\",\"contentUrl\":\"https:\\\/\\\/www.umpalai.it\\\/wp-content\\\/uploads\\\/2025\\\/11\\\/IMG_2671.jpg\",\"width\":2362,\"height\":1584},{\"@type\":\"BreadcrumbList\",\"@id\":\"https:\\\/\\\/www.umpalai.it\\\/en\\\/events\\\/uomini-e-roccia\\\/#breadcrumb\",\"itemListElement\":[{\"@type\":\"ListItem\",\"position\":1,\"name\":\"Home\",\"item\":\"https:\\\/\\\/www.umpalai.it\\\/en\\\/um-palai\\\/\"},{\"@type\":\"ListItem\",\"position\":2,\"name\":\"Uomini e roccia\"}]},{\"@type\":\"WebSite\",\"@id\":\"https:\\\/\\\/www.umpalai.it\\\/en\\\/#website\",\"url\":\"https:\\\/\\\/www.umpalai.it\\\/en\\\/\",\"name\":\"Pal\u00f9 del Fersina\",\"description\":\"In the heart of the Fersina Valley\",\"potentialAction\":[{\"@type\":\"SearchAction\",\"target\":{\"@type\":\"EntryPoint\",\"urlTemplate\":\"https:\\\/\\\/www.umpalai.it\\\/en\\\/?s={search_term_string}\"},\"query-input\":{\"@type\":\"PropertyValueSpecification\",\"valueRequired\":true,\"valueName\":\"search_term_string\"}}],\"inLanguage\":\"en-US\"},{\"@type\":\"Person\",\"@id\":\"https:\\\/\\\/www.umpalai.it\\\/en\\\/#\\\/schema\\\/person\\\/c4bb30f288911db2984cdac473ab9b88\",\"name\":\"Leveloop\",\"image\":{\"@type\":\"ImageObject\",\"inLanguage\":\"en-US\",\"@id\":\"https:\\\/\\\/secure.gravatar.com\\\/avatar\\\/133c970b7ee8e2c97707f8b51c7448c6a8709e26c293cf3c648efb8cca74ab87?s=96&d=mm&r=g\",\"url\":\"https:\\\/\\\/secure.gravatar.com\\\/avatar\\\/133c970b7ee8e2c97707f8b51c7448c6a8709e26c293cf3c648efb8cca74ab87?s=96&d=mm&r=g\",\"contentUrl\":\"https:\\\/\\\/secure.gravatar.com\\\/avatar\\\/133c970b7ee8e2c97707f8b51c7448c6a8709e26c293cf3c648efb8cca74ab87?s=96&d=mm&r=g\",\"caption\":\"Leveloop\"}}]}<\/script>\n<!-- \/ Yoast SEO plugin. -->","yoast_head_json":{"title":"Uomini e roccia - Um Palai","description":"Numerose e importanti attestazioni risalgono a circa 3.500 anni fa, indicando l\u2019antica presenza di attivit\u00e0 estrattive nella Valle del Fersina.","robots":{"index":"index","follow":"follow","max-snippet":"max-snippet:-1","max-image-preview":"max-image-preview:large","max-video-preview":"max-video-preview:-1"},"canonical":"https:\/\/www.umpalai.it\/en\/events\/uomini-e-roccia\/","og_locale":"en_US","og_type":"article","og_title":"Uomini e roccia - Um Palai","og_description":"Numerose e importanti attestazioni risalgono a circa 3.500 anni fa, indicando l\u2019antica presenza di attivit\u00e0 estrattive nella Valle del Fersina.","og_url":"https:\/\/www.umpalai.it\/en\/events\/uomini-e-roccia\/","og_site_name":"Um Palai","article_publisher":"https:\/\/www.facebook.com\/PaludelFersina\/","article_published_time":"2025-11-08T17:20:29+00:00","article_modified_time":"2025-11-08T17:21:38+00:00","og_image":[{"width":2362,"height":1584,"url":"https:\/\/www.umpalai.it\/wp-content\/uploads\/2025\/11\/IMG_2671.jpg","type":"image\/jpeg"}],"author":"Leveloop","twitter_card":"summary_large_image","twitter_misc":{"Written by":"Leveloop","Est. reading time":"1 minute"},"schema":{"@context":"https:\/\/schema.org","@graph":[{"@type":"Article","@id":"https:\/\/www.umpalai.it\/en\/events\/uomini-e-roccia\/#article","isPartOf":{"@id":"https:\/\/www.umpalai.it\/en\/events\/uomini-e-roccia\/"},"author":{"name":"Leveloop","@id":"https:\/\/www.umpalai.it\/en\/#\/schema\/person\/c4bb30f288911db2984cdac473ab9b88"},"headline":"Uomini e roccia","datePublished":"2025-11-08T17:20:29+00:00","dateModified":"2025-11-08T17:21:38+00:00","mainEntityOfPage":{"@id":"https:\/\/www.umpalai.it\/en\/events\/uomini-e-roccia\/"},"wordCount":213,"image":{"@id":"https:\/\/www.umpalai.it\/en\/events\/uomini-e-roccia\/#primaryimage"},"thumbnailUrl":"https:\/\/www.umpalai.it\/wp-content\/uploads\/2025\/11\/IMG_2671.jpg","articleSection":["Events"],"inLanguage":"en-US"},{"@type":"WebPage","@id":"https:\/\/www.umpalai.it\/en\/events\/uomini-e-roccia\/","url":"https:\/\/www.umpalai.it\/en\/events\/uomini-e-roccia\/","name":"Uomini e roccia - Um Palai","isPartOf":{"@id":"https:\/\/www.umpalai.it\/en\/#website"},"primaryImageOfPage":{"@id":"https:\/\/www.umpalai.it\/en\/events\/uomini-e-roccia\/#primaryimage"},"image":{"@id":"https:\/\/www.umpalai.it\/en\/events\/uomini-e-roccia\/#primaryimage"},"thumbnailUrl":"https:\/\/www.umpalai.it\/wp-content\/uploads\/2025\/11\/IMG_2671.jpg","datePublished":"2025-11-08T17:20:29+00:00","dateModified":"2025-11-08T17:21:38+00:00","author":{"@id":"https:\/\/www.umpalai.it\/en\/#\/schema\/person\/c4bb30f288911db2984cdac473ab9b88"},"description":"Numerose e importanti attestazioni risalgono a circa 3.500 anni fa, indicando l\u2019antica presenza di attivit\u00e0 estrattive nella Valle del Fersina.","breadcrumb":{"@id":"https:\/\/www.umpalai.it\/en\/events\/uomini-e-roccia\/#breadcrumb"},"inLanguage":"en-US","potentialAction":[{"@type":"ReadAction","target":["https:\/\/www.umpalai.it\/en\/events\/uomini-e-roccia\/"]}]},{"@type":"ImageObject","inLanguage":"en-US","@id":"https:\/\/www.umpalai.it\/en\/events\/uomini-e-roccia\/#primaryimage","url":"https:\/\/www.umpalai.it\/wp-content\/uploads\/2025\/11\/IMG_2671.jpg","contentUrl":"https:\/\/www.umpalai.it\/wp-content\/uploads\/2025\/11\/IMG_2671.jpg","width":2362,"height":1584},{"@type":"BreadcrumbList","@id":"https:\/\/www.umpalai.it\/en\/events\/uomini-e-roccia\/#breadcrumb","itemListElement":[{"@type":"ListItem","position":1,"name":"Home","item":"https:\/\/www.umpalai.it\/en\/um-palai\/"},{"@type":"ListItem","position":2,"name":"Uomini e roccia"}]},{"@type":"WebSite","@id":"https:\/\/www.umpalai.it\/en\/#website","url":"https:\/\/www.umpalai.it\/en\/","name":"Pal\u00f9 del Fersina","description":"In the heart of the Fersina Valley","potentialAction":[{"@type":"SearchAction","target":{"@type":"EntryPoint","urlTemplate":"https:\/\/www.umpalai.it\/en\/?s={search_term_string}"},"query-input":{"@type":"PropertyValueSpecification","valueRequired":true,"valueName":"search_term_string"}}],"inLanguage":"en-US"},{"@type":"Person","@id":"https:\/\/www.umpalai.it\/en\/#\/schema\/person\/c4bb30f288911db2984cdac473ab9b88","name":"Leveloop","image":{"@type":"ImageObject","inLanguage":"en-US","@id":"https:\/\/secure.gravatar.com\/avatar\/133c970b7ee8e2c97707f8b51c7448c6a8709e26c293cf3c648efb8cca74ab87?s=96&d=mm&r=g","url":"https:\/\/secure.gravatar.com\/avatar\/133c970b7ee8e2c97707f8b51c7448c6a8709e26c293cf3c648efb8cca74ab87?s=96&d=mm&r=g","contentUrl":"https:\/\/secure.gravatar.com\/avatar\/133c970b7ee8e2c97707f8b51c7448c6a8709e26c293cf3c648efb8cca74ab87?s=96&d=mm&r=g","caption":"Leveloop"}}]}},"_links":{"self":[{"href":"https:\/\/www.umpalai.it\/en\/wp-json\/wp\/v2\/posts\/2581","targetHints":{"allow":["GET"]}}],"collection":[{"href":"https:\/\/www.umpalai.it\/en\/wp-json\/wp\/v2\/posts"}],"about":[{"href":"https:\/\/www.umpalai.it\/en\/wp-json\/wp\/v2\/types\/post"}],"author":[{"embeddable":true,"href":"https:\/\/www.umpalai.it\/en\/wp-json\/wp\/v2\/users\/1"}],"replies":[{"embeddable":true,"href":"https:\/\/www.umpalai.it\/en\/wp-json\/wp\/v2\/comments?post=2581"}],"version-history":[{"count":2,"href":"https:\/\/www.umpalai.it\/en\/wp-json\/wp\/v2\/posts\/2581\/revisions"}],"predecessor-version":[{"id":2598,"href":"https:\/\/www.umpalai.it\/en\/wp-json\/wp\/v2\/posts\/2581\/revisions\/2598"}],"wp:featuredmedia":[{"embeddable":true,"href":"https:\/\/www.umpalai.it\/en\/wp-json\/wp\/v2\/media\/2584"}],"wp:attachment":[{"href":"https:\/\/www.umpalai.it\/en\/wp-json\/wp\/v2\/media?parent=2581"}],"wp:term":[{"taxonomy":"category","embeddable":true,"href":"https:\/\/www.umpalai.it\/en\/wp-json\/wp\/v2\/categories?post=2581"},{"taxonomy":"post_tag","embeddable":true,"href":"https:\/\/www.umpalai.it\/en\/wp-json\/wp\/v2\/tags?post=2581"}],"curies":[{"name":"wp","href":"https:\/\/api.w.org\/{rel}","templated":true}]}}